{"id":9038,"date":"2021-02-17T16:17:22","date_gmt":"2021-02-17T15:17:22","guid":{"rendered":"http:\/\/www.mlnsardu.org\/wordpress\/?p=9038"},"modified":"2022-02-22T16:21:35","modified_gmt":"2022-02-22T15:21:35","slug":"2021-02-17-istatutu-natzionale-de-sisula-de-sardigna","status":"publish","type":"post","link":"https:\/\/www.mlnsardu.org\/wordpress\/2021-02-17-istatutu-natzionale-de-sisula-de-sardigna\/","title":{"rendered":"2021.02.17 &#8211; Istatutu Natzionale de s&#8217;\u00ccsula de Sardigna"},"content":{"rendered":"\r\n<p>Istatutu de su\/pro su P\u00f2pulu Shardana Sardu.<\/p>\r\n\r\n\r\n\r\n<p>Totus cussos sos cales, cun ap\u00f2sita documentatzione, ant a andare a rivendicare sa bera natzionalidade Sarda issoro, chi tenent giai tzitadin\u00e0ntzia Italiana, opuru, cussas sos cales chi tenent natzionalidades Italiana chi ant a andare a rech\u00e8rrere sa tzitadin\u00e0ntzia Sarda , giurant in s&#8217;onore issoro, in s&#8217;ess\u00e8ntzia issoro, e in sos pr\u00f2pios avos, de respetare, atzetare, acollire, amparare e dif\u00f9ndere, in toto, in manera prena, amorevolmente, s&#8217;intreu c\u00e0bidu de s&#8217;Istatutu Natzionale de s&#8217;\u00ccsula de Sardigna. Sa bandera Natzionale at a \u00e8ssere istituida colletivamente.<\/p>\r\n\r\n\r\n\r\n<p>Su presente Istatutu, est in manera prena basadu in su prenu respetu de sas Leges Universales de sa Creatzione, manifestadas umanamente comente a Leges de Deretu Naturale de esist\u00e8ntzia, e fintzas adduidu chi, sas leges de deretu internatzionale, de cale in su dillindadu, su Decraru de sas Natziones Unidas in sos Deretos de sos P\u00f2pulos Ind\u00ecgenos e su Decraru De sos Deretos Universales Umanos, de cales est istadu seberadu de benefitziare, siant in gradu de perm\u00ectere cun simpres e eficatzes t\u00e8rmines, de frunire una testimonia bera e esplicativa de sa PRES\u00c8NTZIA e ESIST\u00c8NTZIA de sos P\u00f2pulos Aut\u00f2ctonos de su praneta Terra, tziviltade de Nativos no alienos, Abor\u00ecgenos e Ind\u00ecgenos, comente a palesemente \u00e8ssere a totus sos efetos cussu Shardana Sardu, p\u00f2pulu Nativu Aut\u00f2ctonu antigu e indissolubilmente ligadu a sa creatzione matessi de su Cosmo, benit inoghe de sighida enunciato.<\/p>\r\n\r\n\r\n\r\n<p><strong>PREMISSA<\/strong><\/p>\r\n\r\n\r\n\r\n<p><strong>In sa base de su commissariamento de su giai istadu Italianu, Republic of Italy Spa<\/strong><\/p>\r\n\r\n\r\n\r\n<figure class=\"wp-block-embed\">\r\n<div class=\"wp-block-embed__wrapper\">https:\/\/www.gstvirtualbank.it\/styled-11\/<\/div>\r\n<\/figure>\r\n\r\n\r\n\r\n<p><strong>GST<\/strong><strong>\uff69<\/strong><strong> Virtual Bank ACT 08-30-2020 (ita) TOTUS I DIRITOS RISERVADOS SENA PREGIUD\u00ccTZIU, UCC DOC. # 2013032035 reconnotu e in manera perenne ratificadu cun UCC DOC. # 2017-277-6608-2 de su 04 santugaine 2017. Sa GST<\/strong><strong>\uff69<\/strong><strong> Virtual Bank, de sighida a s&#8217;imbio de sos fundos pro su saldu de su d\u00e8pidu p\u00f9blicu de s&#8217;Istadu Italianu, overas Republic of Italy, registratzione SEC FOREIGN GOVERNMENT, CIK#: 0000052782 SIC: 8888 (r\u00e8cord n.gstvb-ba001-2020 de su 13 martzu 2020), essende dev\u00e8nnida creditora \u00f9nica, sena protestu, DECRARAT, cun su presente autu, su COMMISSARIAMENTO de s&#8217;Istadu Italianu, de su Guvernu Italianu, de sa Rep\u00f9bblica Italiana, de sa Republic of Italy FOREIGN GOVERNMENT, CIK#: 0000052782 SIC: 8888 e de ogni e calesi siat ente e \u00f2rganu a issos collegadu.<\/strong><\/p>\r\n\r\n\r\n\r\n<p><strong>Si not\u00ecfica chi:<\/strong><\/p>\r\n\r\n\r\n\r\n<p>1) S&#8217;inoghe presente istatutu, vigente de oras e in perp\u00e8tuu, pro totus sos nativos Shardana Sardos cosi comente a fintzas pro totus sos \u00e0teros abitantes presentes in s&#8217;\u00ccsula de Sardigna non nativos, est inoghe costituidu pro sa sarvesa, sa salvagu\u00e0rdia, sa tutela, s&#8217;evolutzione, e ogni \u00e0tera e calesi chi siat benefica manifestatzione de sas virtudes umanas esprimibile pro m\u00e8diu de sa tradizionalit\u00e0 de sos Sardos Nativos;<\/p>\r\n\r\n\r\n\r\n<p>2) S&#8217;\u00ccsula de Sardigna est ufitzialmente una Terra natia pro totus sos suos nativos abor\u00ecgenos ind\u00ecgenos, p\u00f2pulu chi est in manera prena capacitato a esertzitare su pr\u00f2piu deretu a s&#8217;Autoguvernu, e Autosufficienza. Ogni e calesi chi siat forestiero\/alienu e esternu tipu de controllu, autu a ruinare, limitare, distr\u00f9ere cosi comente a ogni \u00e0teru e calesi chi siat tipu de malevola tzircust\u00e0ntzia scaturita de atos impr\u00f2prios acumpridos dae sos no abor\u00ecgenos in passadu\/presente\/benidore, e fintzas de totus sos abor\u00ecgenos matessi compienti tales autos, est in manera cumprida NEGADA in perp\u00e8tuu, a su fine de tutelare sa prena sussist\u00e8ntzia e realidade de s&#8217;\u00ecsula cun totus sos nativos abitantes suos;<br \/><br \/><\/p>\r\n\r\n\r\n\r\n<p>3) Ogni residente nativu, atualmente presente in s&#8217;\u00ccsula de Sardigna, oras Natzione Aut\u00f2noma, at a d\u00e8pere f\u00e0ghere sas oportunas atziones a su fine de documentare sa pr\u00f2pia nativit\u00e0, qualora si t\u00e8ngiat tzertesa de sa pr\u00f2pia discend\u00e8ntzia e ancestralit\u00e0, gr\u00e0tzias a sa pr\u00f2pia gen\u00e8tica familiare, cun sas ap\u00f2sitas documentatziones dispon\u00ecbiles pro m\u00e8diu de sos uf\u00ectzios dedicados, chi ant a d\u00e8pere \u00e8ssere frunidas a sas sedes oportunas, a su fine de ot\u00e8nnere su m\u00e0ssimu godimentu de totus sos diritos presentes e enunciati in su sigo de s&#8217;istatutu. Ogni residente in s&#8217;\u00ccsula de Sardigna, Natzione Aut\u00f2noma, non nativu, ma alienu a sa terra sarda, at a d\u00e8pere f\u00e0ghere sas oportunas protzeduras pro documentare sa pr\u00f2pia provenienza, intro e no ultres su t\u00e8rmine de 15 dies solares de sa not\u00ecfica de su presente istatutu a sa colletividade, pro p\u00f2dere f\u00e0ghere totus sas d\u00e8vidas ver\u00ecficas in relatzione a sa natura de sa perman\u00e8ntzia in \u00e8ssere in s&#8217;\u00ccsula de Sardigna, chi at a d\u00e8pere \u00e8ssere diligentemente notificadu, a su fine de p\u00f2dere retzire sa tzitadin\u00e0ntzia Sarda, qualora s&#8217;alienu respetaret e agrad\u00e8ssidos in toto pro intreu s&#8217;inoghe presente Istatutu, e no apat acumpridu niunu atu chi andet in cuntrastu cun su matessi, e apat testimoniadu cun sas pr\u00f2pias atziones, sa voluntade de serbire sos inoghe enunciati doveres comunit\u00e0rios, a su fine de p\u00f2dere benefitziare de sos deretos a issos conn\u00e8tidos.<br \/><br \/><\/p>\r\n\r\n\r\n\r\n<p>4) Ogni Nativu de Sardigna, atualmente residente in terra istr\u00e0ngia, tenet su deretu esclusivu e inviol\u00e0bile de f\u00e0ghere torrada a sa terra Sua Natia, \u00ccsula de Sardigna, in calesi chi siat e ogni momentu, a sua totale e cumpleta discretzione, retzinde ogni suportu netzess\u00e0riu a banda de sos entes istr\u00e0ngios in su cale terra su nativu s&#8217;agatet, apo cumpr\u00e8ndidu sos costos e sos gastos de sustentare pro su bi\u00e0giu de trasferimentu e su trasportu de sos benes personales gosados dae su Nativu subra terra istr\u00e0ngia.<br \/><br \/><\/p>\r\n\r\n\r\n\r\n<p>5) Cada nativu tenet sa prena e totale responsabilidade de respetare in manera integrale s&#8217;intreu istatutu, cun cuss\u00e8ntzia e diligenza, manifestende su prus evoluto cumportamentu umanu, a sa tutela e salvagu\u00e0rdia de sas pr\u00f2pias traditziones e or\u00ecgines, pro torrare gr\u00e0tzia a sos pr\u00f2pios avos e costruire sas prus favor\u00e8voles cunditziones de isvilupu pro sos nascituri de s&#8217;\u00ecsula e de totu sa pr\u00f2pia dinastia familiare, cun su m\u00e0ssimu onore e amore.<br \/><br \/><\/p>\r\n\r\n\r\n\r\n<p>6)Ogni residente tzitadinu reconnotu de s&#8217;\u00ccsula de Sardigna, non Nativu, s&#8217;assumet sa prena e totale responsabilidade de ogni e cada manifestatzione de sa pr\u00f2pia ess\u00e8ntzia, cumpr\u00e8ndida sa m\u00e0ssima e vincolante voluntade a su respetu cumpletu e totale cara a sos doveres de cales a su presente istatutu si faghet espressada not\u00ecfica, cun conviviale e mutuale collaboratzione de sos Nativos, chi s&#8217;impinnant a mant\u00e8nnere intatu e ist\u00e0bile s&#8217;ambiente naturale de s&#8217;\u00ccsula de Sardigna, in su prenu respetu de totus sas traditziones suas e de s&#8217;ist\u00f2ria sua ancestrale sin de sa creatzione de s&#8217;universu connotu, chi tenet gestato sos primos \u00f2mines e don in sa Terra Sarda. Cun s&#8217;inoghe presente si not\u00ecfica chi nudda de su presente Decraru, inoghe mutida \u00e8ssere \u201cIstatutu Natzionale de s&#8217;\u00ccsula de Sardigna\u201d, podet \u00e8ssere interpretadu in su sensu de implicare unu deretu de unu calesi siat Istadu, grupu o persone de esertzitare un&#8217; faina o de acumprire un&#8217;atu mirante a sa destruidura de calicunu de sos diritos e de sas libertades in issa enunciati.<\/p>\r\n\r\n\r\n\r\n<p>Cun ispiratzione a su Decraru de sos Deretos Universales Umanos e de su Decraru de sas Natziones Unidas in sos Deretos de sos P\u00f2pulos Ind\u00ecgenos, de cales s&#8217;est cumpartzidu e reconnotu custu chi benit enunciano in sos sighentes art\u00ecculos, comente a ala fundamentale e integrante de s&#8217;organizatzione olistica de sa Natzione de s&#8217;\u00ccsula de Sardigna, in fide e respetu, de ogni e calesi siat forma de chintu, si not\u00ecficant sos sighentes art\u00ecculos.<\/p>\r\n\r\n\r\n\r\n<p><strong>Decraru e Istatutu de sos Deretos De sos Nativos<\/strong><\/p>\r\n\r\n\r\n\r\n<p><strong>Shardana Sardos de Sardigna :<\/strong><\/p>\r\n\r\n\r\n\r\n<p><strong>Art\u00ecculu 1<\/strong><\/p>\r\n\r\n\r\n\r\n<p>Totus sos \u00e8sseres umanos naschent l\u00ecberos e eguales in dignidades e diritos. Issos sunt dotados de resone e de cuss\u00e8ntzia e depent agire sos uni cara a sos \u00e0teros in isp\u00ecritu de fratellanza.<\/p>\r\n\r\n\r\n\r\n<p><strong>Art\u00ecculu 2<\/strong><\/p>\r\n\r\n\r\n\r\n<p>A ogni indiv\u00ecduu tocant totus sos diritos e totus sas libertades enunciate in su presente Decraru, sena distintzione carchi, pro resones de ratza, de colore, de sessu, de limba, de religione, de opinione pol\u00ectica o de \u00e0teru g\u00e8nere, de or\u00ecgine natzionale o sotziale, de richesa, de n\u00e0schida o de \u00e0tera cunditzione. Niuna distintzione at a \u00e8ssere annotamala istabilida in sa base de s&#8217;istatutu pol\u00ecticu, giur\u00ecdicu o internatzionale de su paisu o de su territ\u00f2riu cale una persone apartenet, siat indipendente, o sutapostu a amministratzione fidutzi\u00e0ria o no aut\u00f2nomu, o sugetu a calesi siat limitatzione de soberania.<\/p>\r\n\r\n\r\n\r\n<p><strong>Art\u00ecculu 3<\/strong><\/p>\r\n\r\n\r\n\r\n<p>Ogni indiv\u00ecduu tenet diritu a su chintu, a sa libertade e a sa seguridade de sa pr\u00f2pia persone.<\/p>\r\n\r\n\r\n\r\n<p><strong>Art\u00ecculu 4<\/strong><\/p>\r\n\r\n\r\n\r\n<p>Niunu indiv\u00ecduu at a p\u00f2dere \u00e8ssere tentu in istadu de iscravidade o de tzerachia; s&#8217;iscravidade e sa trata de sos iscraos ant a \u00e8ssere proibidas in suta de calesi chi siat format.<\/p>\r\n\r\n\r\n\r\n<p><strong>Art\u00ecculu 5<\/strong><\/p>\r\n\r\n\r\n\r\n<p>Niunu indiv\u00ecduu at a p\u00f2dere \u00e8ssere sutapostu a tortura o a tratamentu o a punitzione crudeles, inumanos o degradantes.<\/p>\r\n\r\n\r\n\r\n<p><strong>Art\u00ecculu 6<\/strong><\/p>\r\n\r\n\r\n\r\n<p>Ogni indiv\u00ecduu tenet diritu, in ogni logu, a su reconnoschimentu de sa personalidade giur\u00ecdica sua.<\/p>\r\n\r\n\r\n\r\n<p><strong>Art\u00ecculu 7<\/strong><\/p>\r\n\r\n\r\n\r\n<p>Totus sunt eguales dinanzi a sa lege e tenent diritu, sena carchi discriminatzione, a un&#8217;eguale tutela a banda de sa lege. Totus tenent diritu a un&#8217;eguale tutela contra ogni discriminatzione chi v\u00ecolet su presente Decraru comente a contra calesi chi siat incitamento a tale discriminatzione.<\/p>\r\n\r\n\r\n\r\n<p><strong>Art\u00ecculu 8<\/strong><\/p>\r\n\r\n\r\n\r\n<p>Ogni indiv\u00ecduu tenet diritu a un&#8217; efetiva possibilidade de ricursu a cumpetentes tribunales contra autos chi v\u00ecolent sos deretos fundamentales a issu reconnotos dae s&#8217;inoghe presente istatutu e de ogni lege natzionale e internatzionale de unos \u00e0teros paisos.<\/p>\r\n\r\n\r\n\r\n<p><strong>Art\u00ecculu 9<\/strong><\/p>\r\n\r\n\r\n\r\n<p>Niunu indiv\u00ecduu at a p\u00f2dere \u00e8ssere arbitrariamente arrestadu, detentu o esiliadu.<\/p>\r\n\r\n\r\n\r\n<p><strong>Art\u00ecculu 10<\/strong><\/p>\r\n\r\n\r\n\r\n<p>Ogni indiv\u00ecduu tenet diritu, in positzione de prena agualidade, a un&#8217;ecu\u00e0nime e p\u00f9blica udi\u00e8ntzia dae in antis unu tribunale pobulare indipendente e impartziale, a su fine de su determinu de sos suos diritos e de sos doveres suos, puru de sa fondatezza de ogni acusa penale chi li b\u00e8ngiat girada.<\/p>\r\n\r\n\r\n\r\n<p><strong>Art\u00ecculu 11<\/strong><\/p>\r\n\r\n\r\n\r\n<p>Ogni indiv\u00ecduu acusadu de unu reatu est presumidu innotzente finas a chi sa nechesa sua non siat istada proada in manera legale in unu p\u00f9blicu protzessu in su cale issu apat tentu totus sas garantzias netzess\u00e0rias pro sa defensa sua. Ogni indiv\u00ecduu at a \u00e8ssere cundennadu pro unu cumportamentu commissivo od omissivo chi, pro como in cale siat istadu perpetuadu, non siat istadu cunsideradu reatu segundu su diritu internu o segundu su deretu internatzionale, a c\u00e0usa de cuntierras de riellu e irreson\u00e0biles erradas interpretatziones de su Decraru de sos Deretos Universales Umanos, e de su Decraru de sas Natziones Unidas in sos Deretos de sos P\u00f2pulos Ind\u00ecgenos. At a andare a \u00e8ssere inflitta pena uguale a cussa aplic\u00e0bile pro como in cale su reatu siat istadu commitidu o superiore qualora su b\u00f2lere pobulare ret\u00e8ngiat chi sa pena non siat in manera adeguada sufitziente a sa prena indennizzazione de sos disacatos subidos a c\u00e0usa de tales reatos.<\/p>\r\n\r\n\r\n\r\n<p><strong>Art\u00ecculu 12<\/strong><\/p>\r\n\r\n\r\n\r\n<p>Niunu indiv\u00ecduu at a p\u00f2dere \u00e8ssere sutapostu a interfer\u00e8ntzias arbitr\u00e0rias in su chintu privadu suo, in sa fam\u00eclia sua, in sa domo sua, in sa posta sua, ne a lesione de s&#8217;onore suo e de sa reputatzione sua. Ogni indiv\u00ecduu tenet diritu a \u00e8ssere tuteladu dae sa lege contra tales interfer\u00e8ntzias o lesiones.<\/p>\r\n\r\n\r\n\r\n<p><strong>Art\u00ecculu 13<\/strong><\/p>\r\n\r\n\r\n\r\n<p>Ogni indiv\u00ecduu tenet diritu a sa libertade de movimentu e de resid\u00e8ntzia intro sas l\u00e0canas de ogni Istadu. Ogni indiv\u00ecduu tenet diritu de lassare calesi siat paisu, incl\u00f9didu su pr\u00f2piu, e de torrare in su pr\u00f2piu paisu.<\/p>\r\n\r\n\r\n\r\n<p><strong>Art\u00ecculu 14<\/strong><\/p>\r\n\r\n\r\n\r\n<p>Ogni indiv\u00ecduu tenet su deretu de chircare e de gosare in unos \u00e0teros paisos asilu de sas persecutziones. Custu diritu no at a p\u00f2dere \u00e8ssere invocadu qualora s&#8217;indiv\u00ecduu siat a beru chircadu pro reatos non pol\u00ecticos o pro atziones contr\u00e0rias a sos fines e a sos pr\u00ecntzipes de sas Natziones Unidas.<\/p>\r\n\r\n\r\n\r\n<p><strong>Art\u00ecculu 15<\/strong><\/p>\r\n\r\n\r\n\r\n<p>Ogni indiv\u00ecduu tenet diritu a una tzitadin\u00e0ntzia e a su reconnoschimentu de sa natzionalidade Sua. Niunu indiv\u00ecduu at a p\u00f2dere \u00e8ssere arbitrariamente privadu de sa tzitadin\u00e0ntzia sua, ne de su deretu de mudare tzitadin\u00e0ntzia.<\/p>\r\n\r\n\r\n\r\n<p><strong>Art\u00ecculu 16<\/strong><\/p>\r\n\r\n\r\n\r\n<p>\u00d2mines e don in edade adata tenent su deretu de s&#8217;unire e de fundare una fam\u00eclia, sena carchi limitatzione de ratza, tzitadin\u00e0ntzia o religione. Issos tenent eguales diritos riguardu a s&#8217;unione, durante s&#8217;unione e qualora si detzidat de is\u00f2rbere tale unione, s&#8217;assument sa prena e totale responsabilidade de sa netzess\u00e0ria salvagu\u00e0rdia e tutela de sa prole de issoro creada. S&#8217;unione at a p\u00f2dere \u00e8ssere concruida feti cun su l\u00ecberu e prenu cunsensu de sos benidores unidos, \u00f2mine e don. Sa fam\u00eclia est su n\u00f9cleu naturale e fundamentale de sa sotziedade e tenet diritu a \u00e8ssere amparada dae sa sotziedade e de sa Natzione.<\/p>\r\n\r\n\r\n\r\n<p><strong>Art\u00ecculu 17<\/strong><\/p>\r\n\r\n\r\n\r\n<p>Ogni indiv\u00ecduu tenet su deretu a t\u00e8nnere at ris\u00f2rgidu pro sa personale<\/p>\r\n\r\n\r\n\r\n<p>sussist\u00e8ntzia sua e\/o in comuna cun \u00e0teros. Niunu indiv\u00ecduu at a p\u00f2dere \u00e8ssere<\/p>\r\n\r\n\r\n\r\n<p>arbitrariamente privadu de sas risursas a issu netzess\u00e0rias.<\/p>\r\n\r\n\r\n\r\n<p><strong>Art\u00ecculu 18<\/strong><\/p>\r\n\r\n\r\n\r\n<p>Ogni indiv\u00ecduu tenet diritu a sa libertade de pensamentu, de cuss\u00e8ntzia e de<\/p>\r\n\r\n\r\n\r\n<p>ass\u00f2tziu; tale diritu includet sa libertade de seberare custa chi in manera majore siat de benef\u00ectziu a sa pr\u00f2pia evolutzione coscienziale e a cussa colletiva, e sa libertade de manifestare, in manera isulada o in comuna, e siat in p\u00f9blicu chi in privadu, sa pr\u00f2pia voluntade e su pr\u00f2piu deretu in s&#8217;insegnamentu, in sas pr\u00e0ticas, in s&#8217;isvilupu e in s&#8217;osserv\u00e0ntzia de sos autos dedicados a s&#8217;evolutzione de sa Cuss\u00e8ntzia Individuale e Colletiva.<\/p>\r\n\r\n\r\n\r\n<p><strong>Art\u00ecculu 19<\/strong><\/p>\r\n\r\n\r\n\r\n<p>Ogni indiv\u00ecduu tenet diritu a sa libertade de opinione e de espressione incl\u00f9didu su deretu de no \u00e8ssere molestato pro sa pr\u00f2pia opinione e cudda de chircare, retzire e dif\u00f9ndere informatziones e ideas pro m\u00e8diu de ogni mesu e sena riguardu a fronteras.<\/p>\r\n\r\n\r\n\r\n<p><strong>Art\u00ecculu 20<\/strong><\/p>\r\n\r\n\r\n\r\n<p>Ogni indiv\u00ecduu tenet diritu a sa libertade de riunione e de ass\u00f2tziu paghiosu. Nemos podet \u00e8ssere costrintu a f\u00e0ghere parte de un&#8217; ass\u00f2tziu contra sa voluntade sua.<\/p>\r\n\r\n\r\n\r\n<p><strong>Art\u00ecculu 21<\/strong><\/p>\r\n\r\n\r\n\r\n<p>Ogni indiv\u00ecduu tenet diritu de partetzipare a su guvernu de sa Natzione, siat<\/p>\r\n\r\n\r\n\r\n<p>diretamente, siat pro m\u00e8diu de rapresentantes liberamente seberados. Ogni<\/p>\r\n\r\n\r\n\r\n<p>indiv\u00ecduu tenet diritu de atz\u00e8dere in cunditziones de egualidade a sos p\u00f9blicos<\/p>\r\n\r\n\r\n\r\n<p>impreos de su pr\u00f2piu paisu. Sa voluntade pobulare est su fundamentu de sa m\u00e0china guverno; tale voluntade depet \u00e8ssere espressada pro m\u00e8diu de peri\u00f2dicas e veritiere eletziones sociocratiche, fatas a suffragio universale e eguale, segundu una protzedura ecuivalente de l\u00ecbera votatzione tzertificada.<\/p>\r\n\r\n\r\n\r\n<p><strong>Art\u00ecculu 22<\/strong><\/p>\r\n\r\n\r\n\r\n<p>Ogni indiv\u00ecduu, in cantu membru de sa sotziedade, tenet diritu a sa seguridade<\/p>\r\n\r\n\r\n\r\n<p>sotziale, puru a sa realizatzione pro m\u00e8diu de s&#8217;isfortzu natzionale e sa cooperatzione internatzionale e in raportu cun s&#8217;organizatzione e sas risursas de ogni Istadu, de sos deretos econ\u00f2micos, sotziales e culturales indispens\u00e0biles a sa dignidade sua e a su l\u00ecberu isvilupu de sa personalidade sua.<\/p>\r\n\r\n\r\n\r\n<p><strong>Art\u00ecculu 23<\/strong><\/p>\r\n\r\n\r\n\r\n<p>Ogni indiv\u00ecduu tenet diritu a sa pr\u00f2pia m\u00e0china realizatzione, a su l\u00ecberu s\u00e8beru de sos campos de realizatzione de sa pr\u00f2pia ess\u00e8ntzia, a giustas e soddisfacenti cunditziones de manifestatzione de sos pr\u00f2pios talentos e a s&#8217;amparu contra s&#8217;ostruzionismo de sa pr\u00f2pia m\u00e0china determinu. Ogni indiv\u00ecduu, sena discriminatzione, tenet diritu a eguale reconnoschimentu pro sas pr\u00f2pias realizatziones. Ogni indiv\u00ecduu chi s&#8217;impreat a sa pr\u00f2pia m\u00e0china<\/p>\r\n\r\n\r\n\r\n<p>realizatzione tenet diritu a unu suportu comunit\u00e0riu chi assiguret a issu<\/p>\r\n\r\n\r\n\r\n<p>matessi e a sa fam\u00eclia sua un&#8217;esist\u00e8ntzia cunforme a sa dignidade umana e<\/p>\r\n\r\n\r\n\r\n<p>integrada, si netzess\u00e0riu, de unos \u00e0teros m\u00e8dios de amparu sotziale. Ogni<\/p>\r\n\r\n\r\n\r\n<p>indiv\u00ecduu tenet diritu de fundare de sos ass\u00f2tzios e\/o de bos aderire pro sa difesa e s&#8217;isvilupu de sos deretos Natzionales, individuales, e colletivos.<\/p>\r\n\r\n\r\n\r\n<p><strong>Art\u00ecculu 24<\/strong><\/p>\r\n\r\n\r\n\r\n<p>Ogni indiv\u00ecduu tenet diritu a su pasu e a su svago, cumprendende in custu una reson\u00e0bile limitatzione de sas oras dedicadas a sos doveres sotziales comunit\u00e0rios, in su respetu de sa pr\u00f2pia salude e de su pr\u00f2piu ben\u00e8ssere, puru respetende su deretu de retzire sas giustas curas e atentos cando e qualora siat<\/p>\r\n\r\n\r\n\r\n<p>netzess\u00e0riu, a ristabilire unu prenu e totale istadu de balia.<\/p>\r\n\r\n\r\n\r\n<p><strong>Art\u00ecculu 25<\/strong><\/p>\r\n\r\n\r\n\r\n<p>Ogni indiv\u00ecduu tenet diritu a unu tenore de chintu sufitziente a garantire sa salude e su ben\u00e8ssere pr\u00f2piu e de sa fam\u00eclia sua, cun piessignu riguardu<\/p>\r\n\r\n\r\n\r\n<p>a s&#8217;alimentatzione, a su vesti\u00e0riu, a sa domo, e a sas curas m\u00e8dicas e a sos<\/p>\r\n\r\n\r\n\r\n<p>serv\u00ectzios sotziales netzess\u00e0rios; e tenet diritu a sa seguridade in casu de momentanea inabilidade a sa pr\u00f2pia realizatzione, maladia, invalididade, vedovanza, betzesa o in \u00e0teru casu de p\u00e8rdere de m\u00e8dios de sussist\u00e8ntzia pro tzircust\u00e0ntzias indipendentes de sa voluntade sua. Sa maternidade e s&#8217;inf\u00e0ntzia tenent diritu a ispetziales curas e assistu. Totus sos pipios, naschidos dae s&#8217;unione, depent gosare de su matessi amparu sotziale.<\/p>\r\n\r\n\r\n\r\n<p><strong>Art\u00ecculu 26<\/strong><\/p>\r\n\r\n\r\n\r\n<p>Ogni indiv\u00ecduu tenet diritu a s&#8217;imparu. S&#8217;imparu est semper gratuita pro ogni livellu iscol\u00e0sticu. S&#8217;imparu fundamentale e de base, benit a \u00e8ssere una cunditzione cuotidiana determinada dae s&#8217;integratzione de sos indiv\u00ecduos chi apartenent a su p\u00f2pulu, pro m\u00e8diu de s&#8217;imparu comunit\u00e0riu naturale presente in ogni n\u00f9cleu sotziale Natzionale. S&#8217;imparu t\u00e8cnicu e professionale est torrada accessibile e a sa portada de totus mentras s&#8217;imparu superiore depet \u00e8ssere in manera eguale accessibile a totus in sa base de su m\u00e8ritu, e de sas cumpet\u00e8ntzias manifestadas dae su s\u00ecngulu indiv\u00ecduu, chi retzit su m\u00e0ssimu suportu e tutela a su fine de m\u00e0china si realizare in manera cussente. S&#8217;imparu depet \u00e8ssere indiritzada a su prenu isvilupu de sa personalidade umana e a s&#8217;afortiamentu de su respetu de sos diritos umanos e de sas libertades fundamentales. Issa depet prom\u00f2vere sa cumprensione, sa toller\u00e0ntzia, s&#8217;amigh\u00e8ntzia intre totus sas \u00e0nimas bividoras de sa Natzione, e de ogni \u00e0nima bividora aliena rispettante sas Leges Universales e sas Leges Naturales, e depet favorire s&#8217;\u00f2pera pro su mantenimentu de sa paghe. Sos genitores tenent diritu de prioridade in su s\u00e8beru de su g\u00e8nere de imparu de impartire a sos f\u00ecgios issoro, respetende su b\u00f2lere de sos matessi in su prenu e l\u00ecberu isvilupu de sos talentos issoro esserici.<\/p>\r\n\r\n\r\n\r\n<p><strong>Art\u00ecculu 27<\/strong><\/p>\r\n\r\n\r\n\r\n<p>Ogni indiv\u00ecduu tenet diritu de pigare ala liberamente a su chintu culturale<\/p>\r\n\r\n\r\n\r\n<p>de sa comunidade, de gosare de sas artes e de partetzipare a su progressu sient\u00ecficu e a sos benef\u00ectzios suos. Ogni indiv\u00ecduu tenet diritu a s&#8217;amparu de sos riellos morales e materiales derivanti de ogni produtzione sient\u00ecfica, liter\u00e0ria e art\u00ecstica de cale issu siat autore.<\/p>\r\n\r\n\r\n\r\n<p><strong>Art\u00ecculu 28<\/strong><\/p>\r\n\r\n\r\n\r\n<p>Ogni indiv\u00ecduu tenet diritu a un&#8217;\u00f2rdine sotziale e internatzionale in su cale sos diritos e sas libertades enunciati in custu Decraru potzant \u00e8ssere in manera prena realizados.<\/p>\r\n\r\n\r\n\r\n<p><strong>Art\u00ecculu 29<\/strong><\/p>\r\n\r\n\r\n\r\n<p>Ogni indiv\u00ecduu tenet de sos doveres cara a sa comunidade, in sa cale est poss\u00ecbile su l\u00ecberu e prenu isvilupu de sa personalidade sua e godimentu de sos pr\u00f2pios diritos, cando tales doveres siant istados acumpridos e onorevolmente respetados, mantenende meritocraticamente su gosamentu de ogni deretu a issos cunsighentes. In s&#8217;esertz\u00ectziu de sos suos diritos e de sas libertades suas, ognunu depet \u00e8ssere sutapostu feti a cussas limitatziones chi sunt istabilidas dae sa lege pro assigurare su reconnoschimentu e su respetu de sos diritos e de sas libertades de sos unos \u00e0teros e pro satisf\u00e0ghere sos giustos bis\u00f2ngios de sa morale, de s&#8217;\u00f2rdine p\u00f9blicu e de su ben\u00e8ssere generale in una sotziedade sociocratica. Custos diritos e custas libertades non podent in niunu casu \u00e8ssere esertzitados in cuntrastu cun sos fines e pr\u00ecntzipes de sa Natzione Sardigna.<\/p>\r\n\r\n\r\n\r\n<p><strong>Art\u00ecculu 30<\/strong><\/p>\r\n\r\n\r\n\r\n<p>Su p\u00f2pulu ind\u00ecgenu Shardana Sardu, siat comente a colletividade siat comente a persones, tenet diritu a su prenu godimentu de totus sos diritos umanos e de sas libertades fundamentales gasi comente sunt reconnotos in sa Carta de sas Natziones Unidas, in su Decraru Universale de sos Deretos de s&#8217;\u00f2mine e in sa legislatzione internatzionale in sos deretos umanos, e in su Decraru de sas Natziones Unidas in sos Deretos de sos P\u00f2pulos Ind\u00ecgenos.<\/p>\r\n\r\n\r\n\r\n<p><strong>Art\u00ecculu 31<\/strong><\/p>\r\n\r\n\r\n\r\n<p>Su p\u00f2pulu Shardana Sardu e sos indiv\u00ecduos ind\u00ecgenos Sardos sunt l\u00ecberos e<\/p>\r\n\r\n\r\n\r\n<p>eguales a totus sos \u00e0teros p\u00f2pulos e indiv\u00ecduos, e tenent diritu a no \u00e8ssere in carchi modu discriminados in s&#8217;esertz\u00ectziu de sos issoro diritos, in piessignu pro cantu riguardat s&#8217;or\u00ecgine issoro o identidades ind\u00ecgenas.<\/p>\r\n\r\n\r\n\r\n<p><strong>Art\u00ecculu 32<\/strong><\/p>\r\n\r\n\r\n\r\n<p>Su p\u00f2pulu ind\u00ecgenu Shardana Sardu at rivendicadu su deretu suo a s&#8217;autodeterminatzione. In virtude de tale diritu issos determinant liberamente su pr\u00f2piu istatutu pol\u00ecticu e persighint liberamente s&#8217;isvilupu econ\u00f2micu issoro, sotziale e culturale.<\/p>\r\n\r\n\r\n\r\n<p><strong>Art\u00ecculu 33<\/strong><\/p>\r\n\r\n\r\n\r\n<p>Su p\u00f2pulu ind\u00ecgenu Shardana Sardu, in s&#8217;esertz\u00ectziu de su deretu issoro a s&#8217;autodeterminatzione, tenent diritu a s&#8217;autonomia o a s&#8217;autoguvernu in sas chistiones chi riguardant sos afares internos issoro e locales, comente a fintzas a disp\u00f2nnere de sos modos e de sos m\u00e8dios pro finantziare sas funtziones aut\u00f2nomas issoro.<\/p>\r\n\r\n\r\n\r\n<p><strong>Art\u00ecculu 34<\/strong><\/p>\r\n\r\n\r\n\r\n<p>Su p\u00f2pulu ind\u00ecgenu Shardana Sardu tenet diritu a mant\u00e8nnere e afortiare sas piessignas istitutziones pol\u00ecticas issoro, giur\u00ecdicas, econ\u00f2micas, sotziales e culturales, puru mantenende su deretu issoro a partetzipare in manera prena, si<\/p>\r\n\r\n\r\n\r\n<p>s\u00e8berant de lu f\u00e0ghere, a su chintu pol\u00ecticu, econ\u00f2mica, sotziale e culturale de sas Natziones \u00e8steras.<\/p>\r\n\r\n\r\n\r\n<p><strong>Art\u00ecculu 35<\/strong><\/p>\r\n\r\n\r\n\r\n<p>Ogni persone ind\u00ecgena Shardana Sarda tenet diritu a sa natzionalidade sua.<\/p>\r\n\r\n\r\n\r\n<p><strong>Art\u00ecculu 36<\/strong><\/p>\r\n\r\n\r\n\r\n<p>Sas persones ind\u00ecgenas Shardana Sardas tenent diritu a su chintu, a s&#8217;integridade f\u00ecsica e mentale, a sa libertade e a sa seguridade personale. Su p\u00f2pulu ind\u00ecgenu Shardana Sardu tenet su deretu colletivu a b\u00ecvere in libertade, paghe e seguridade comente a p\u00f2pulu distintu e non depent \u00e8ssere sugetos a carchi atu de genotz\u00ecdiu o calesi chi siat \u00e0teru autu de viol\u00e8ntzia, in cue cumpr\u00e8ndidu su trasferimentu fortzadu de pipios de su grupu de aparten\u00e8ntzia a \u00e0teru grupu.<\/p>\r\n\r\n\r\n\r\n<p><strong>Art\u00ecculu 37<\/strong><\/p>\r\n\r\n\r\n\r\n<p>Su p\u00f2pulu e sos indiv\u00ecduos ind\u00ecgenos Shardana Sardos, tenent diritu a no \u00e8ssere sutapostos a s&#8217;assimilatzione fortzada o a sa destruidura de sa cultura<\/p>\r\n\r\n\r\n\r\n<p>issoro. Sos Istados \u00e8steros depent providire eficatzes medidas de preventzione<\/p>\r\n\r\n\r\n\r\n<p>e cumpensatzione pro: (a) Calesi siat autu chi t\u00e8ngiat sa fine o s&#8217;efetu de los privare de s&#8217;integridade issoro comente a p\u00f2pulos distintos, opuru de sos balores culturales issoro o de sas identidades \u00e8tnicas issoro; (b) Calesi siat autu chi t\u00e8ngiat sa fine o s&#8217;efetu de los espropriare de sas pr\u00f2pias terras, territ\u00f2rios e at ris\u00f2rgidu; (c) Calesi siat forma de trasferimentu fortzadu de sa populatzione chi t\u00e8ngiat sa fine o s&#8217;efetu de violare o minare cale chi siat de sos issoro diritos; (d) Calesi siat forma de assimilatzione o integratzione fortzada; (e) Calesi siat forma de propaganda furriada a prom\u00f2vere o istigare sa discriminatzione ratziale o \u00e8tnica in sos cunfrontos issoro.<\/p>\r\n\r\n\r\n\r\n<p><strong>Art\u00ecculu 38<\/strong><\/p>\r\n\r\n\r\n\r\n<p>Su p\u00f2pulu e sos indiv\u00ecduos ind\u00ecgenos Shardana Sardos tenent diritu a apart\u00e8nnere a sa comunidade issoro e Natzione ind\u00ecgena, in cunformidade cun sas traditziones e sos cost\u00f9menes de sa comunidade e natzione in chistione. De s&#8217;esertz\u00ectziu de custu diritu non depet derivare carchi discriminatzione de carchi tipu.<\/p>\r\n\r\n\r\n\r\n<p><strong>Art\u00ecculu 39<\/strong><\/p>\r\n\r\n\r\n\r\n<p>Su p\u00f2pulu ind\u00ecgenu Shardana Sardu cumpostu de totus sos suos nativos, non<\/p>\r\n\r\n\r\n\r\n<p>podent \u00e8ssere iscostiados cun sa fortza de sas terras issoro o territ\u00f2rios. Niuna<\/p>\r\n\r\n\r\n\r\n<p>forma de delocalizzazione at a p\u00f2dere t\u00e8nnere logu de su p\u00f2pulu ind\u00ecgenu in<\/p>\r\n\r\n\r\n\r\n<p>chistione. Totu s&#8217;\u00e0rea geogr\u00e0fica de s&#8217;\u00ccsula de Sardigna e atacadas micro \u00ecsulas, est de eredades ancestrale de sos Nativos de Sardigna, e at a d\u00e8pere \u00e8ssere in s&#8217;immediatu e cun rifata oportuna in manera prena r\u00e8ndida a su p\u00f2pulu ind\u00ecgenu Shardana Sardu , cale beru e \u00f9nicu benefitzi\u00e0riu Universale. Niuna ala de terra, siat istada issa b\u00e8ndida, espropriada, o sutr\u00e0ida cun sa trassa, gherra e\/o ocupatzione aliena, at a p\u00f2dere abarrare de propiedade de sa tres una.<\/p>\r\n\r\n\r\n\r\n<p><strong>Art\u00ecculu 40<\/strong><\/p>\r\n\r\n\r\n\r\n<p>Su p\u00f2pulu ind\u00ecgenu Shardana Sardu tenet diritu a sighire e abbivare sos pr\u00f2pios cost\u00f9menes e traditziones culturales. Custa cumprendet su deretu a mant\u00e8nnere, amparare e isvilupare sas manifestatziones coladas, presentes e benidoras de sa cultura issoro, cales sos sitos archeol\u00f2gicos e ist\u00f2ricos, sos manufatos, sos disinnos e sos mollos, sas tzerim\u00f2nias, sas tecnologias, sas artes visivas e de s&#8217;ispet\u00e0culu e sa literadura. Sos Istados \u00e8steros ant a d\u00e8pere providire a una rifata pro m\u00e8diu de mecanismos eficatzes \u2013 chi \u00ecmplicant sa torradura \u2013 postos a puntu de cuntzertu cun su p\u00f2pulu ind\u00ecgenu, pro cantu riguardat sos benes culturales, intelletuales, religiosos e ispirituales, geogr\u00e0ficos e ogni e calesi chi siat bene associabile a sa dinastia de sos Shardana, chi siant istados issoro sutr\u00e0idos sena s&#8217;issoro l\u00ecberu, previo e informadu cunsensu opuru in violatzione de sas leges issoro, traditziones e cost\u00f9menes.<\/p>\r\n\r\n\r\n\r\n<p><strong>Art\u00ecculu 41<\/strong><\/p>\r\n\r\n\r\n\r\n<p>Su p\u00f2pulu ind\u00ecgenu Shardana Sardu tenet diritu a manifestare, praticare,<\/p>\r\n\r\n\r\n\r\n<p>prom\u00f2vere e insegnare sas traditziones ispirituales issoro e religiosas, sos cost\u00f9menes issoro e sas tzerim\u00f2nias issoro; tenent diritu a preservare e amparare sos issoro sitiados religiosos e culturales e a bos \u00e0ere atzessu in forma riservada; diritu a s&#8217;impreu e a su controllu de sos ogetos tzerimoniales issoro; e diritu a su rimpatrio de sas issoro spoglie. Sos Istados \u00e8steros depent in manera obligat\u00f2ria cunsentire s&#8217;atzessu e\/o su rimpatrio de sos ogetos tzerimoniales e de sas spoglie in possessu issoro pro m\u00e8diu de mecanismos giustos, trasparentes e efficienti istabilidos de cuntzertu cun su p\u00f2pulu ind\u00ecgenu Shardana Sardu in chistione.<\/p>\r\n\r\n\r\n\r\n<p><strong>Art\u00ecculu 42<\/strong><\/p>\r\n\r\n\r\n\r\n<p>Su p\u00f2pulu ind\u00ecgenu Shardana Sardu tenet diritu a abbivare, impreare,<\/p>\r\n\r\n\r\n\r\n<p>isvilupare e trasm\u00ectere a sas benidoras generatziones sas ist\u00f2rias issoro, limbas, traditziones orales, filosofias, sistemas de iscritura e literaduras, e a designare e mant\u00e8nnere sos n\u00f9menes traditzionales issoro pro sas comunidades, sos logos e sas persones. Sos Istados \u00e8steros ant a adotare medidas adeguadas pro assigurare su respetu de custu diritu e pro garantire chi su p\u00f2pulu ind\u00ecgenu Shardana Sardu potzat cumpr\u00e8ndere e \u00e8ssere cumpr\u00e8ndidos in sos protzedimentos pol\u00ecticos, giur\u00ecdicos e amministrativos, providinde cando netzess\u00e0riu a sos serv\u00ectzios de interpretariato o a unos \u00e0teros mesos adeguados.<\/p>\r\n\r\n\r\n\r\n<p><strong>Art\u00ecculu 43<\/strong><\/p>\r\n\r\n\r\n\r\n<p>Su p\u00f2pulu ind\u00ecgenu Shardana Sardu tenet diritu a istituire e compidare sos pr\u00f2pios sistemas issoro e istitutziones educativos impartendo s&#8217;imparu in sas limbas issoro, in una manera consona cun sos pr\u00f2pios m\u00e8todos culturales de insegnamentu e aprendimentu. Sas persones ind\u00ecgenas, in piessigna sos pipios, tenent diritu de atz\u00e8dere a totus sos livellos e sas formas de imparu p\u00f9blicu sena discriminatziones. Sos Istados \u00e8steros, de cuntzertu cun su p\u00f2pulu ind\u00ecgenu Shardana Sardu, ant a adotare medidas adeguadas a f\u00e0ghere ei chi sas persones ind\u00ecgenas, in special modu sos pipios, in cue apo cumpr\u00e8ndidu sos chi bivent a foras de sas comunidade issoro, t\u00e8ngiant atzessu, cando poss\u00ecbile, a s&#8217;annestru in sa pr\u00f2pia cultura, frunida in sa pr\u00f2pia limba.<\/p>\r\n\r\n\r\n\r\n<p><strong>Art\u00ecculu 44<\/strong><\/p>\r\n\r\n\r\n\r\n<p>Su p\u00f2pulu ind\u00ecgenu Shardana Sardu tenet diritu a chi sa dignidade e sa diversidade de sa cultura issoro, traditziones, ist\u00f2rias e aspiratziones si rispecchino in modu adeguadu in s&#8217;annestru e in sa p\u00f9blica informatzione. Sos Istados \u00e8steros ant a adotare medidas adeguadas, in consultatzione e cooperatzione cun su p\u00f2pulu ind\u00ecgenu Shardana Sardu, pro gherrare su pregiud\u00ectziu e eliminare sa discriminatzione e pro prom\u00f2vere sa toller\u00e0ntzia, sa cumprensione e sos bonos raportos tra sos p\u00f2pulos ind\u00ecgenos e totus sos \u00e0teros setores de sa sotziedade.<\/p>\r\n\r\n\r\n\r\n<p><strong>Art\u00ecculu 45<\/strong><\/p>\r\n\r\n\r\n\r\n<p>Su p\u00f2pulu ind\u00ecgenu Shardana Sardu tenet diritu a istituire sos pr\u00f2pios m\u00e8dias issoro in sas pr\u00f2pias limbas e a t\u00e8nnere atzessu a totus sas formas de m\u00e8dia nonindigeni sena carchi discriminatzione. Sos Istados \u00e8steros ant a adotare medidas adeguadas a garantire chi sos m\u00e8dias p\u00f9blicos rispecchino in su modu d\u00e8pidu sa diversidade culturale ind\u00ecgena. Sos Istados \u00e8steros, sena pregiudicare sa garantzia de sa prena libertade de espressione, ant a d\u00e8pere incoragire sos m\u00e8dia privados a rispecchiare in modu adeguadu sa diversidade culturale ind\u00ecgena.<\/p>\r\n\r\n\r\n\r\n<p><strong>Art\u00ecculu 46<\/strong><\/p>\r\n\r\n\r\n\r\n<p>Sos indiv\u00ecduos e su p\u00f2pulu ind\u00ecgenu Shardana Sardu tenent diritu a gosare in manera prena de totus sos diritos istabilidos dae su deretu vigente in sa m\u00e0china realizatzione natzionale e internatzionale. Sos Istados \u00e8steros, in consultatzione e collaboratzione cun su p\u00f2pulu ind\u00ecgenu Shardana Sardu, depent pigare medidas dillindadas autas a amparare sos pipios ind\u00ecgenos de s&#8217;isfrutamentu econ\u00f2micu e de calesi chi siat traballo , risultante perigulosu o chi interferisca cun s&#8217;annestru de su pipiu, o n\u00f2ghere a sa salude de su pipiu, o a s&#8217;isvilupu f\u00ecsicu suo, mentale, ispirituale, morale e sotziale, tenende presente sa piessigna vulnerabilit\u00e0 de sos pipios e s&#8217;importu de s&#8217;annestru in sa prena realizatzione issoro. Sas persones ind\u00ecgenas tenent diritu a no \u00e8ssere sugetas a carchi cunditzione discriminat\u00f2ria de traballu e, in piessignu, de impreu o sal\u00e0riu. Issos tenent su prenu deretu a sa m\u00e0china realizatzione pro m\u00e8diu de sas pr\u00e0ticas sotziales comunit\u00e0rias de isvilupu de S\u00e8, detadas dae sa m\u00e0china cuss\u00e8ntzia e L\u00ecberu Arb\u00ectriu.<\/p>\r\n\r\n\r\n\r\n<p><strong>Art\u00ecculu 47<\/strong><\/p>\r\n\r\n\r\n\r\n<p>Su p\u00f2pulu ind\u00ecgenu Shardana Sardu tenet diritu a partetzipare in sos protzessos detzisionales in sas chistiones chi podent riguardare sos issoro diritos, pro m\u00e8diu de unos rapresentantes seberados tra issoro in ac\u00f2rdiu cun sas pr\u00f2pias protzeduras issoro, comente a fintzas a mant\u00e8nnere e isvilupare sas pr\u00f2pias istitutziones detzisionales issoro ind\u00ecgenas.<\/p>\r\n\r\n\r\n\r\n<p><strong>Art\u00ecculu 48<\/strong><\/p>\r\n\r\n\r\n\r\n<p>Sos Istados \u00e8steros si depent consultare e cooperare in bona fide cun su p\u00f2pulu ind\u00ecgenu Shardana Sardu tr\u00e0mite sas pr\u00f2pias istitutziones rapresentativas issoro in modu de ot\u00e8nnere s&#8217;issoro l\u00ecberu, previo e informadu cunsensu in antis de adotare e aplicare medidas legislativas o amministrativas chi los riguardent.<\/p>\r\n\r\n\r\n\r\n<p><strong>Art\u00ecculu 49<\/strong><\/p>\r\n\r\n\r\n\r\n<p>Su p\u00f2pulu ind\u00ecgenu Shardana Sardu tenet diritu a mant\u00e8nnere e isvilupare sos<\/p>\r\n\r\n\r\n\r\n<p>sistemas issoro o istitutziones pol\u00ecticos, econ\u00f2micos e sotziales, a disp\u00f2nnere in totu seguridade de sos pr\u00f2pios mesos de sussist\u00e8ntzia e de isvilupu e a si dedicare liberamente a totus sas fainas econ\u00f2micas issoro traditzionales e de \u00e0teru tipu. Su p\u00f2pulu ind\u00ecgenu Shardana Sardu , nudadu de sos pr\u00f2pios mesos de sussist\u00e8ntzia e isvilupu tenet diritu a un&#8217;indennizu giustu e ecu\u00e0nime.<\/p>\r\n\r\n\r\n\r\n<p><strong>Art\u00ecculu 50<\/strong><\/p>\r\n\r\n\r\n\r\n<p>Su p\u00f2pulu ind\u00ecgenu Shardana Sardu tenet diritu, sena discriminatzione, a su megioru de sas pr\u00f2pias cunditziones econ\u00f2micas e sotziales, apo incl\u00f9didu, intre sos \u00e0teros, sos \u00e0mbitos de s&#8217;annestru, ocupatzione, formatzione e ricualificatzione professionale, all\u00f2giu, igiene e assistu sanit\u00e0riu e sotziale. Sos Istados \u00e8steros, ant a d\u00e8pere pigare medidas eficatzes e, ue est oportunu, medidas ispetziales pro assigurare su continu megioru de sas cunditziones econ\u00f2micas issoro e sotziales. Un&#8217; atentu piessignu depet \u00e8ssere girada a sos diritos e a sos bis\u00f2ngios piessignos de antzianos, don, gi\u00f2vanos, pipios e isentos ind\u00ecgenos.<\/p>\r\n\r\n\r\n\r\n<p><strong>Art\u00ecculu 51<\/strong><\/p>\r\n\r\n\r\n\r\n<p>In s&#8217;atuatzione de custu Decraru s&#8217;at a d\u00e8pere prestare un&#8217; atentu piessignu a sos diritos e a sos bis\u00f2ngios piessignos de antzianos, don, gi\u00f2vanos, pipios e isentos ind\u00ecgenos. Sos Istados \u00e8steros, de cuntzertu cun Su p\u00f2pulu ind\u00ecgenu Shardana Sardu, ant a adotare de sas medidas autas a assigurare chi sas don e sos pipios ind\u00ecgenos gosent de unu prenu amparu e de ogni garantzia contra ogni forma de viol\u00e8ntzia e discriminatzione.<\/p>\r\n\r\n\r\n\r\n<p><strong>Art\u00ecculu 52<\/strong><\/p>\r\n\r\n\r\n\r\n<p>Su p\u00f2pulu ind\u00ecgenu Shardana Sardu tenet diritu a determinare e elaborare sas<\/p>\r\n\r\n\r\n\r\n<p>prioridades e sas istrategias a su fine de esertzitare su pr\u00f2piu deretu a s&#8217;isvilupu. In piessignu, Su p\u00f2pulu ind\u00ecgenu Shardana Sardu tenet diritu a partetzipare in manera ativa a s&#8217;elaboratzione e a sa definitzione de sos programmas relativos a salude, all\u00f2giu e unas \u00e0teras chistiones econ\u00f2micas e sotziales chi los riguardant e, in sa medida de su poss\u00ecbile, tenent diritu a amministrare tales programmas mediante sas pr\u00f2pias istitutziones issoro.<\/p>\r\n\r\n\r\n\r\n<p><strong>Art\u00ecculu 53<\/strong><\/p>\r\n\r\n\r\n\r\n<p>Su p\u00f2pulu ind\u00ecgenu Shardana Sardu tenet diritu a sas pr\u00f2pias meighinas traditzionales e a mant\u00e8nnere sas pr\u00f2pias pr\u00e0ticas de guarigione, cumpr\u00e8ndida sa cunservatzione de sas issoro prantas meighinales, animales e pedras de vitale riellu. Sas persones ind\u00ecgenas tenent annotamala diritu a s&#8217;atzessu, sena<\/p>\r\n\r\n\r\n\r\n<p>carchi discriminatzione, a totus sos serv\u00ectzios sotziales e sanit\u00e0rios. Sas persones ind\u00ecgenas tenent paris diritu a gosare de su livellu prus artu poss\u00ecbile de salude mentale e f\u00ecsica. Sos Istados estri ant a acumprire sos passos netzess\u00e0rios pro batire in manera progressiva custu deretu a sa prena realizatzione sua.<\/p>\r\n\r\n\r\n\r\n<p><strong>Art\u00ecculu 54<\/strong><\/p>\r\n\r\n\r\n\r\n<p>Su p\u00f2pulu ind\u00ecgenu Shardana Sardu tenet diritu a mant\u00e8nnere e afortiare sa pr\u00f2pia dillindada relatzione ispirituale cun sas terras, sos territ\u00f2rios, sas abbas, sas zonas mar\u00ectimas costeras e sas \u00e0teras at ris\u00f2rgidu traditzionalmente de eredade issoro o altrimenti ocupados e impreados, e a tramandare a sas generatziones benidoras sas responsabilidade issoro a su riguardu.<\/p>\r\n\r\n\r\n\r\n<p><strong>Art\u00ecculu 55<\/strong><\/p>\r\n\r\n\r\n\r\n<p>Su p\u00f2pulu ind\u00ecgenu Shardana Sardu tenet diritu a sas terras, territ\u00f2rios e at ris\u00f2rgidu chi traditzionalmente possediant o ocupaiant opuru tenent altrimenti<\/p>\r\n\r\n\r\n\r\n<p>impreadu o achiridu, in special riferimentu FUNDAMENTALE a s&#8217;\u00ccsula de Sardigna totu, chi cumprendet sas micro \u00ecsulas a issa conn\u00e8tidas, e ogni e calesi siat \u00e0rea geogr\u00e0fica de sa Sardigna. Su p\u00f2pulu ind\u00ecgenu Shardana Sardu tenet diritu a sa propiedade, impreu, isvilupu e controllu de sas terras, de sos territ\u00f2rios e de sas risursas chi possedint pro motivos de propiedade eredit\u00e0ria traditzionale opuru de unas \u00e0teras formas traditzionales de ocupatzione o impreu, comente a fintzas de sos chi tenent altrimenti achiridu. Sos Istados \u00e8steros ant a dare reconnoschimentu e amparu legales a custas terras, territ\u00f2rios e at ris\u00f2rgidu. Custu reconnoschimentu at a \u00e8ssere dadu in su d\u00e8vidu respetu de sos cost\u00f9menes, de sas traditziones e de sos reg\u00ecmenes de propiedades terriera de sos p\u00f2pulu ind\u00ecgenu Shardana Sardu.<\/p>\r\n\r\n\r\n\r\n<p><strong>Art\u00ecculu 56<\/strong><\/p>\r\n\r\n\r\n\r\n<p>Sos Istados \u00e8steros ant a aviare e ant a realizare, de cuntzertu cun Su p\u00f2pulu<\/p>\r\n\r\n\r\n\r\n<p>ind\u00ecgenu Shardana Sardu in chistione, unu protzessu ecu\u00e0nime, indipendente,<\/p>\r\n\r\n\r\n\r\n<p>impartziale, abertu e trasparente, chi diat su d\u00e8vidu reconnoschimentu a sas<\/p>\r\n\r\n\r\n\r\n<p>leges, a sas traditziones, a sos cost\u00f9menes e a sos reg\u00ecmenes de propiedades terriera de sos p\u00f2pulos ind\u00ecgenos, a sa fine de reconn\u00f2schere e agiudicare sos deretos de su p\u00f2pulu ind\u00ecgenu Shardana Sardu, chi riguardant sas terras issoro, territ\u00f2rios e at ris\u00f2rgidu, in cue apo cumpr\u00e8ndidu sos chi fiant traditzionalmente in possessu issoro o altrimenti ocupados o impreados. Su p\u00f2pulu ind\u00ecgenu Shardana Sardu tenet diritu a partetzipare a custu protzessu.<\/p>\r\n\r\n\r\n\r\n<p><strong>Art\u00ecculu 57<\/strong><\/p>\r\n\r\n\r\n\r\n<p>Su p\u00f2pulu ind\u00ecgenu Shardana Sardu tenet diritu a sa torradura e a un&#8217;ecu\u00e0nime rifata pro sas terras, sos territ\u00f2rios e sas risursas chi traditzionalmente possediant e de cales sunt erederis leg\u00ectimos, terras chi ocupaiant o impreaiant e chi sunt istados cunfiscados, apo pigadu, ocupados, impreados opuru iscalabrados sena s&#8217;issoro l\u00ecberu, previo e informadu cunsensu, o a c\u00e0usa de gherras. A prus pagu chi non bi siat unu diferente ac\u00f2rdiu istipuladu liberamente cun sos p\u00f2pulos in chistione, sa rifata at a \u00e8ssere costituidu dae sas terras, territ\u00f2rios e at ris\u00f2rgidu de propiedade eredit\u00e0ria, estensione e reg\u00ecmene giur\u00ecdicu e de un&#8217;indennizu pecuni\u00e0riu o de \u00e0teru tipu de rifata adeguada qualora sos disacatos subidos siant \u00e0ncoras atualmente presentes.<\/p>\r\n\r\n\r\n\r\n<p><strong>Art\u00ecculu 58<\/strong><\/p>\r\n\r\n\r\n\r\n<p>Su p\u00f2pulu ind\u00ecgenu Shardana Sardu tenet diritu a sa cunservatzione e amparu de s&#8217;ambiente e de sa capatzidade produtiva de sas terras issoro, territ\u00f2rios e at ris\u00f2rgidu. Sos Istados \u00e8steros depent aviare e realizare programmas de assistu a su p\u00f2pulu ind\u00ecgenu Shardana Sardu pro assigurare tale cunservatzione e amparu, sena discriminatziones. Sos Istados \u00e8steros depent adotare medidas eficatzes pro assigurare chi niunu tipu de stoccaggio o eliminatzione de sust\u00e0ntzias perigulosas t\u00e8ngiat logu in sas terras o territ\u00f2rios de su p\u00f2pulu ind\u00ecgenu Shardana Sardu, puru S&#8217;IMMEDIATU smantellamento e ricualificatzione de totus sos ambientes e f\u00e0bricos chi a oe in manera impr\u00f2pria siant presentes in sa Natzione Sarda. Sos Istados \u00e8steros depent fintzas adotare medidas eficatzes pro assigurare, qualora siat netzess\u00e0riu, chi b\u00e8ngiant in manera d\u00e8pida realizados de sos programmas de compudu, preventzione e rec\u00f9peru de sa salude de su p\u00f2pulu ind\u00ecgenu Shardana Sardu, cosi comente a sunt istados cuntzepidos e realizados dae sos p\u00f2pulos corfidos dae tales sust\u00e0ntzias, indennizende totus nativos corfidos dae sas scellerate atziones fatas dae sas tres un&#8217;in s&#8217;\u00ccsula de Sardigna.<\/p>\r\n\r\n\r\n\r\n<p><strong>Art\u00ecculu 59<\/strong><\/p>\r\n\r\n\r\n\r\n<p>In sas terras o territ\u00f2rios de su p\u00f2pulu ind\u00ecgenu Shardana Sardu no at a p\u00f2dere t\u00e8nnere logu carchi atzione militare, a prus pagu chi siat giustificada dae rilevantes motivos de riellu p\u00f9blicu o s&#8217;in casu bi siat su cunsensu o sa recherta a banda de su p\u00f2pulu ind\u00ecgenu Shardana Sardu in chistione. Ogni e calesi siat base militare \u00e8stera atualmente presente in s&#8217;\u00ccsula de Sardigna, at cumpr\u00e8ndidu sas bases militares Naschidu, sunt oras e in perp\u00e8tuu dismesse cun s\u00e8ida stante de sas operatividades cunsideradas issoro sessadas. Sa Natzione Sarda no est in gherra cun niuna natzione mundiale, e a su contr\u00e0riu promovet sa Pace universale de sos p\u00f2pulos, cale m\u00e0ssima elevazione coscienziale pr\u00f2pia de sa cuss\u00e8ntzia de sos Nativos de Sardigna. Prima de f\u00e0ghere de sas atziones militares, sos Istados \u00e8steros ant a d\u00e8pere aviare beras consultatziones cun su p\u00f2pulu ind\u00ecgenu Shardana Sardu in chistione, pro m\u00e8diu de protzeduras apropriadas e in piessigna cun sas istitutziones rapresentativas issoro, solu cando e qualora sos Nativos rech\u00e8rgiant s&#8217;interventu de fortzas militares pro resones de seguridade, e mai pro resones guerrafondaie.<\/p>\r\n\r\n\r\n\r\n<p><strong>Art\u00ecculu 60<\/strong><\/p>\r\n\r\n\r\n\r\n<p>Su p\u00f2pulu ind\u00ecgenu Shardana Sardu tenet diritu a mant\u00e8nnere, compidare, amparare e isvilupare su pr\u00f2piu patrimoniu culturale, s&#8217;issoro ischire traditzionale e sas espressiones culturales issoro traditzionales, gasi comente sas manifestatziones de sas si\u00e8ntzias issoro, tecnologias e culturas, in cue at cumpr\u00e8ndidu sas risursas umanas e gen\u00e8ticas, sos s\u00e8menes, sas meighinas, sos connoschimentos de sas propiedades de sa flora e de sa f\u00e0una, sas traditziones orales, sas literaduras, sos disinnos e sos mollos, sos isport e sos giogos traditzionales e sas artes visivas e de s&#8217;ispet\u00e0culu. Tenent fintzas diritu a mant\u00e8nnere, compidare, amparare e isvilupare sa propiedade intelletuale issoro in tale patrimoniu culturale, in s&#8217;ischire traditzionale e in sas espressiones culturales traditzionales. De cuntzertu cun su p\u00f2pulu ind\u00ecgenu Shardana Sardu, sos Istados \u00e8steros depent adotare medidas autas a reconn\u00f2schere e a amparare s&#8217;esertz\u00ectziu de custos deretos.<\/p>\r\n\r\n\r\n\r\n<p><strong>Art\u00ecculu 61<\/strong><\/p>\r\n\r\n\r\n\r\n<p>Su p\u00f2pulu ind\u00ecgenu Shardana Sardu tenet diritu a definire e elaborare sas prioridades e sas istrategias pro s&#8217;isvilupu o s&#8217;usu de sas terras issoro o territ\u00f2rios e de sas unas \u00e0teras risursas. Sos Istados \u00e8steros s&#8217;ant a d\u00e8pere consultare e cooperare in bona fide cun su p\u00f2pulu ind\u00ecgenu Shardana Sardu in chistione, tr\u00e0mite sas istitutziones rapresentativas issoro, in modu tale de ot\u00e8nnere s&#8217;issoro l\u00ecberu e informadu cunsensu in antis de totu a s&#8217;aprovatzione de calesi chi siat progeto chi influat in sas terras issoro o territ\u00f2rios e in sas unas \u00e0teras risursas, in modu piessignu pro cantu pertocat sa valorizatzione, s&#8217;impreu o s&#8217;isfrutamentu de sas risursas miner\u00e0rias, \u00ecdricas o de \u00e0teru tipu, chi ant a \u00e8ssere at cuntz\u00e8didu solu e esclusivamente a pustis de aprovatzione Natzionale fata plenariamente cun s&#8217;intreu p\u00f2pulu nativu. Sos Istados \u00e8steros ant a d\u00e8pere providire de sos mecanismos eficatzes pro unu giustu e ecu\u00e0nime indennizu pro calesi siat de sas sopraccitate fainas, e s&#8217;ant a d\u00e8pere aprontare medidas adeguadas pro evitare de su totu calesi chi siat poss\u00ecbile impatu noghile a livellu ambientale, econ\u00f2micu, sotziale, culturale o ispirituale.<\/p>\r\n\r\n\r\n\r\n<p><strong>Art\u00ecculu 62<\/strong><\/p>\r\n\r\n\r\n\r\n<p>Su p\u00f2pulu ind\u00ecgenu Shardana Sardu tenet diritu a definire sa pr\u00f2pia identidade<\/p>\r\n\r\n\r\n\r\n<p>o aparten\u00e8ntzia in cunformidade cun sos pr\u00f2pios cost\u00f9menes e traditziones. Custa non pregi\u00f9dicat su deretu de sas persones ind\u00ecgenas a ot\u00e8nnere sa tzitadin\u00e0ntzia de sos Istados \u00e8steros in cales bivent. Su p\u00f2pulu ind\u00ecgenu Shardana Sardu tenet diritu a definire sas istruturas de sas pr\u00f2pias istitutziones e a nd&#8217;arratzare sa cumpositzione in cunformidade cun sas pr\u00f2pias protzeduras.<\/p>\r\n\r\n\r\n\r\n<p><strong>Art\u00ecculu 63<\/strong><\/p>\r\n\r\n\r\n\r\n<p>Su p\u00f2pulu ind\u00ecgenu Shardana Sardu tenet diritu a prom\u00f2vere, isvilupare e mant\u00e8nnere sas istruturas istitutzionales issoro e sos pr\u00f2pios cost\u00f9menes issoro, ispiritualidades, traditziones, protzeduras, pr\u00e0ticas e, laddove esistant, sos sistemas issoro o cost\u00f9menes giur\u00ecdicos, in cunformidades cun sas normas internatzionales relativas a sos deretos umanos.<\/p>\r\n\r\n\r\n\r\n<p><strong>Art\u00ecculu 64<\/strong><\/p>\r\n\r\n\r\n\r\n<p>Su p\u00f2pulu ind\u00ecgenu Shardana Sardu tenet diritu a definire sas responsabilidades individuales a s&#8217;internu de sas comunidade issoro.<\/p>\r\n\r\n\r\n\r\n<p><strong>Art\u00ecculu 65<\/strong><\/p>\r\n\r\n\r\n\r\n<p>Su p\u00f2pulu ind\u00ecgenu Shardana Sardu tenet diritu a su reconnoschimentu, a s&#8217;osserv\u00e0ntzia e a s&#8217;aplicatzione de sos tratados, de sos ac\u00f2rdios o de sas unas \u00e0teras intesas istipulados cun sos Istados o cun sos issoro sutzessores, e tenet altres\u00ec diritu a chi sos Istados onorent e respetent tales tratados, ac\u00f2rdios o unas \u00e0teras cumpr\u00e8ndidas in manera dillindada in relatzione a su Decraru de sos Deretos Universales Umanos e a su Decraru de sas Natziones Unidas in sos Deretos de sos P\u00f2pulos Ind\u00ecgenos. Nudda de cantu c\u00e0bidu in custu Decraru podet \u00e8ssere cumpr\u00e8ndidu comente a id\u00f2neu a limitare o negare sos deretos de sos p\u00f2pulos ind\u00ecgenos chi figurant in sos tratados, in sos ac\u00f2rdios o in sas unas \u00e0teras intesas.<\/p>\r\n\r\n\r\n\r\n<p><strong>Art\u00ecculu 66<\/strong><\/p>\r\n\r\n\r\n\r\n<p>Sos Istados \u00e8steros, de cuntzertu e in cooperatzione cun su p\u00f2pulu ind\u00ecgenu Shardana Sardu, depent adotare sas medidas adeguadas, in cue at cumpr\u00e8ndidu cussas legislativas, pro sa realizatzione de sos fines de custu Decraru.<\/p>\r\n\r\n\r\n\r\n<p><strong>Art\u00ecculu 67<\/strong><\/p>\r\n\r\n\r\n\r\n<p>Su p\u00f2pulu ind\u00ecgenu Shardana Sardu tenet diritu a retzire assistu finantzi\u00e0riu e t\u00e8cnica, a banda de sos Istados \u00e8steros , e fintzas de totus sas Entes Extraterritoriales a arta fine umanit\u00e0riu, in su cuadru de sa cooperatzione internatzionale, pro su godimentu de sos diritos c\u00e0bidos in custu Decraru.<\/p>\r\n\r\n\r\n\r\n<p><strong>Art\u00ecculu 68<\/strong><\/p>\r\n\r\n\r\n\r\n<p>Su p\u00f2pulu ind\u00ecgenu Shardana Sardu tenet diritu a t\u00e8nnere atzessu a protzeduras giustas e ecu\u00e0nimes \u2013 e a ot\u00e8nnere pro issoro mesu lestros detzisos \u2013 pro sa risolutzione de sas cuntierras e de sas contierras cun sos Istados \u00e8steros o unas \u00e0teras alas, comente a fintzas a rem\u00e8dios eficatzes pro totus sas violatziones de sos issoro diritos individuales e colletivos. Ogni detzisu at a d\u00e8pere dare su d\u00e8pidu cunsideru a sos cost\u00f9menes, traditziones, r\u00e8gulas e sistemas legales de su p\u00f2pulu ind\u00ecgenu Shardana Sardu in chistione e a sas normas internatzionales relativas a sos deretos umanos.<\/p>\r\n\r\n\r\n\r\n<p><strong>Art\u00ecculu 69<\/strong><\/p>\r\n\r\n\r\n\r\n<p>Sos \u00f2rganos e sas istitutziones ispetzializadas de su sistema de sas Natziones Unidas e de sas unas \u00e0teras organizatziones interguvernativas depent contribuire a sa prena atuatzione de sos disponimentos cuntentos in custu Decraru pro m\u00e8diu de su ricursu, intre sas \u00e0teras cosas, a sa cooperatzione finantzi\u00e0ria e a s&#8217;assistu t\u00e8cnicu. Ant a d\u00e8pere \u00e8ssere istabilidos sos modos e sos m\u00e8dios pro assigurare sa partetzipatzione de su p\u00f2pulu ind\u00ecgenu Shardana Sardu in sas chistiones chi los riguardant.<\/p>\r\n\r\n\r\n\r\n<p><strong>Art\u00ecculu 70<\/strong><\/p>\r\n\r\n\r\n\r\n<p>Sas Natziones Unidas, sos \u00f2rganos suos, in cue cumpr\u00e8ndidu su Forum Permanente pro sas Chistiones Ind\u00ecgenas, sas istitutziones ispetzializadas, at cumpr\u00e8ndidu cussas a livellu natzionale, e sos Istados \u00e8steros depent prom\u00f2vere su respetu e sa prena aplicatzione de sos disponimentos cuntentos in custu Decraru e tentare s&#8217;eficatzidade de custu Decraru.<\/p>\r\n\r\n\r\n\r\n<p><strong>Art\u00ecculu 71<\/strong><\/p>\r\n\r\n\r\n\r\n<p>I diritos reconnotos in su presente Decraru rapresentant su livellu m\u00ecnimu netzess\u00e0riu pro sa supraviv\u00e8ntzia, sa dignidade e su ben\u00e8ssere de sos p\u00f2pulos ind\u00ecgenos de su mundu.<\/p>\r\n\r\n\r\n\r\n<p><strong>Art\u00ecculu 72<\/strong><\/p>\r\n\r\n\r\n\r\n<p>Totus sos diritos e sas libertades reconnotos in custu Decraru sunt in manera eguale garantidos a totus sas persones ind\u00ecgenas de Sardigna, mascros e f\u00e8minas.<\/p>\r\n\r\n\r\n\r\n<p><strong>Art\u00ecculu 73<\/strong><\/p>\r\n\r\n\r\n\r\n<p>Nudda de cantu c\u00e0bidu in custu Decraru podet \u00e8ssere cumpr\u00e8ndidu comente a<\/p>\r\n\r\n\r\n\r\n<p>tale de l\u00e8dere o annullare sos deretos chi su p\u00f2pulu ind\u00ecgenu Shardana Sardu<\/p>\r\n\r\n\r\n\r\n<p>tenet oras o at a p\u00f2dere achirire in futuru.<\/p>\r\n\r\n\r\n\r\n<p><strong>Art\u00ecculu 74<\/strong><\/p>\r\n\r\n\r\n\r\n<p>Nudda de cantu c\u00e0bidu in custu Decraru podet \u00e8ssere cumpr\u00e8ndidu comente a<\/p>\r\n\r\n\r\n\r\n<p>tale de implicare pro calesi cherzat Istadu, p\u00f2pulu, grupu o persone su bench\u00e9<\/p>\r\n\r\n\r\n\r\n<p>m\u00ecnimu diritu a printzipiare una calesi siat faina o a acumprire unu calesi siat atu in cuntrastu cun sa Carta de sas Natziones Unidas, nen podet \u00e8ssere cumpr\u00e8ndidu comente a tale de autorizare o incoragire una calesi siat atzione furriada a smembrare o intaccare, in ala o in toto, s&#8217;integridade territoriale o s&#8217;unidade pol\u00ectica de Istados soberanos o indipendentes. In s&#8217;esertz\u00ectziu de sos diritos enunciati in su presente Decraru, s&#8217;ant a d\u00e8pere respetare sos diritos<\/p>\r\n\r\n\r\n\r\n<p>umanos e sas libertades fundamentales de totus. S&#8217;esertz\u00ectziu de sos diritos istabilidos in custu Decraru depet \u00e8ssere sugetu solu a sas limitatziones chi sunt istabilidas dae sa lege e cunforme a sos \u00f2brigos internatzionales in mat\u00e8ria de deretos umanos. Calesi siat limitatzione de custu g\u00e8nere at a d\u00e8pere \u00e8ssere nondiscriminatoria e in manera istrinta netzess\u00e0ria a su solu fine de garantire su reconnoschimentu e su respetu d\u00e8pidos pro sos diritos e sas libertades de sos unos \u00e0teros e pro currisp\u00f2ndere a sos giustos e prus vincolanti recuisidos de una sotziedade democr\u00e0tica. Sos disponimentos enunciate in custu Decraru ant a d\u00e8pere \u00e8ssere interpretadas in cunformidades cun sos pr\u00ecntzipes de giust\u00ectzia, de sociocrazia, de respetu de sos deretos umanos, de egualidade, de nondiscriminazione, de bonu guvernu e de bona fide. Cun su presente documentu deu seu deu, <strong><em>Deo so Deo<\/em><\/strong>, manifestadu a cumprimentu de sas sacras iscrituras, cun sa segunda e \u00f9rtima manifestatzione in beste de \u00e8ssere umanu, persone umana, mutidu pro cunventzione roberto marini de su 21\/11\/1991, oras nativu ind\u00ecgenu de Sardigna, chi tenet personalidade giur\u00ecdica reconnota cun n\u00f9mene <strong>Roberto Marini<\/strong>, indiv\u00ecduu autodeterminato de su 08\/08\/2014, pro m\u00e8diu de ap\u00f2sita documentatzione protocollata e depositada in sa comuna de Cuartu Sant&#8217;Aleni, cun autotzertificatzione de <strong>Esist\u00e8ntzia In Vita<\/strong> chi tenet \u00f9rtimu agiornamentu <strong>cun protocollu N\u00b00048396<\/strong> <strong>de su 28\/07\/2020<\/strong> e autotzertificatzione de sa calidade de <strong>Legale Rapresentante<\/strong> chi tenet \u00f9rtimu agiornamentu <strong>cun protocollu N\u00b00048397 de su 28\/07\/2020<\/strong> , <em>RIVENDICAT E ACHIRIT<\/em> prena responsabilidade e eredade patrimoniale de sa Terra de Sardigna totu, Su Regnu, in comunione cun s&#8217;intreu p\u00f2pulu ind\u00ecgenu nativu Shardana Sardu, partinde dae sa locatzione situada in Flumini de Cuartu Sant&#8217;Aleni, in sos presset de Bia S&#8217;Ecca S&#8217;Arrideli, sena n\u00f9meru tz\u00ecvicu, achirida pro diritu meritocratico traditzionale sociocratico, chi rapresentat sa prena e totale manifestada circostanziale evid\u00e8ntzia de sa Nativit\u00e0 de su sutascritu, possedimentu circoscritto e amparadu in Living Trust roberto marinos e Roberto Marini, a n\u00f9mene e tutela de totusa populatzione Shardana Sarda Ind\u00ecgena, chi DEPET e TENET DIRITU de benefitziare in manera cumprida de su presente decraru e istatutu, in s&#8217;immediatu, sena possibilidade de protestu calicunu, ativende totus sas netzess\u00e0rias protzeduras pro dare sighidu istant\u00e0neu a ogni ala sua. Totu sa Terra de Sardigna est, e depet \u00e8ssere in suta de responsabilidade e godimentu de sos in sos Nativos Shardana Sardos. De oras e in perp\u00e8tuu. In virtude de tales indicos, e pro diretu disponimentu de deu seu deu, Deo so Deo, mene matessi, roberto marinos, Roberto Marini, si de not\u00ecfica de s&#8217;immediata ativatzione de totus sos protzessos netzess\u00e0rios a torrare manifestu su Chelu in Terra, torrende Libera s&#8217;intrea umanidade de calesi chi siat pretenzioso irreale distopico fittizzio cuntestu de dissociazione, pro m\u00e8diu de sa Paghe, s&#8217;Unione, sa Solidaridade, gr\u00e0tzias a Beridades, Compassione e Toller\u00e0ntzia. Pro sensibilizzare e velocizzare s&#8217;intrea &#8216;\u00f2pera de manifestatzione de su Paradisu Terrestre, su progetu giai operativu Food Forest Sardigna , at a \u00e8ssere s&#8217;apo a f\u00e0ghere coscienziale, chi at a illuminare sa Bia, in Beridade , e in Vita. S&#8217;indiritzu de cuntatu pro totus sas benidoras tzitas est elettivamente indetto su domitz\u00ecliu telem\u00e0ticu PEC in \u00e8ssere <a href=\"mailto:info@pec.foodforestsardegna.com\">info@pec.foodforestsardegna.com<\/a> gestidu e amministradu dae sa personalidade giur\u00ecdica Roberto Marini. A su fine de semplificare sas atziones netzess\u00e0rias a sa paghiosa e evolutiva transitzione, totus sos aparatos atualmente presentes in su territ\u00f2riu de Sardigna, in manera nominale de p\u00f9blica amministratzione, devennent de propiedade de su p\u00f2pulu ind\u00ecgenu nativu Shardana Sardu, in sos cales ambientes e imm\u00f2biles ant a \u00e8ssere fatas totus sas operatziones netzess\u00e0rias a torrare edotta s&#8217;intrea populatzione de su presente Decraru e Istatutu, manifestende intro e no ultres su t\u00e8rmine de su 31\/12\/2020 una cumpleta trasmissione currigida de sas informatziones in issa cuntenta, e operende in cuntatu dir\u00ecgidu cun sa personalidade giur\u00ecdica Roberto Marini e persone umana roberto marinos, pro indire s&#8217;in antis e immediata assemblea plen\u00e0ria de s&#8217;\u00ccsula de Sardigna, a su fine de istruturare s&#8217;in antis restrutturazione organizativa de totu sa faina pol\u00ectica comunit\u00e0ria, giughende ap\u00f2sitos e met\u00f2dicos passos sotziales sociocratici. Intro e no ultres sa data inoghe de sighida indicada \u00e8ssere de pare a pare su 14\/12\/2020 , at a d\u00e8pere \u00e8ssere giai pervenuta risp\u00f2ndida ufitziale a banda de sos entes a cales s&#8217;inoghe presente decraru e istatutu est b\u00e8nnida a \u00e8ssere cunsinnada. Qualora intro tale data, sos entes retzidores \u00e0ncorat no aerent acumpridu a sos \u00f2brigos dispostos issoro, sa populatzione Shardana Sarda, at a \u00e8ssere legitimada de su totu a ativare totus sos protzessos de ass\u00f2tziu comunit\u00e0riu pro sa prena e totale ativatzione de sas met\u00f2dicas e de sos mecanismos netzess\u00e0rios a ristabilire un&#8217;\u00f2rdine sotziale tzivile e pol\u00ecticu aut\u00f2nomu, sena su bis\u00f2ngiu de carchi cunsensu a banda de entes istr\u00e0ngias presentes in su territ\u00f2riu, chi ant a risp\u00f2ndere cun responsabilidade illimitada e personale de ogni e calesi siat atzione acumprida chi rallentet, ost\u00e0culos, iscalabret, e\/o l\u00ecmites su naturale scorrimento de sas fainas conn\u00e8tidas a sa cumpleta autonomia guvernativa de su p\u00f2pulu Shardana Sardu. Ant a b\u00e8nnere impreados totus e calesi siat m\u00e8todu de divulgatzione sotziale, social m\u00e8dia, tecnologias atualmente in impreu pro s&#8217;isc\u00e0mbiu de informatziones, e in special modu totus sas noas tecnologias isvilupadas a s&#8217;internu de s&#8217;\u00e0mbitu de sa blockchain, pro torrare ogni faina trasparente, immut\u00e0bile, an\u00f2nima e sociocraticamente comunit\u00e0ria. De oe, 03\/12\/2020 , oras e in perp\u00e8tuu, su P\u00f2pulu Nativu Aut\u00f2ctonu Shardana Sardu, divenit focolare coscienziale, pro s&#8217;intreu isvilupu umanistico, de sa colletividade umana totu, a su fine de torrare edotto ogni \u00e8ssere bividora senziente, de sa Cuss\u00e8ntzia C\u00f2smica colletiva manifestada pro m\u00e8diu de deu seu deu, deo so deo, mene matessi, presente e compenetrante s&#8217;intrea Creatzione Universale Divina, partinde dae sa preesistenza Cussente antetzedente a sa Creatzione matessi, de cale acudo e cun cale mi manifesto in su Mundadu F\u00ecsicu integradu cun s&#8217;Isp\u00ecritu pro m\u00e8diu de sa forma tzelestiale evolutivamente prus artziada, cale est sa forma umana, s&#8217;\u00c8ssere Umanu, Deus Bividore, F\u00ecgiu Unigenito, generadu non creadu dae sa matessi sust\u00e0ntzia de su Babbu.<\/p>\r\n","protected":false},"excerpt":{"rendered":"<p>Istatutu de su\/pro su P\u00f2pulu Shardana Sardu. Totus cussos sos cales, cun ap\u00f2sita documentatzione, ant a andare a rivendicare sa bera natzionalidade Sarda issoro, chi tenent giai tzitadin\u00e0ntzia Italiana, opuru, cussas sos cales chi tenent natzionalidades Italiana chi ant a andare a rech\u00e8rrere sa tzitadin\u00e0ntzia Sarda , giurant in s&#8217;onore issoro, in s&#8217;ess\u00e8ntzia issoro, e [&hellip;]<\/p>\n","protected":false},"author":59,"featured_media":0,"comment_status":"closed","ping_status":"closed","sticky":false,"template":"","format":"standard","meta":[],"categories":[1],"tags":[],"_links":{"self":[{"href":"https:\/\/www.mlnsardu.org\/wordpress\/wp-json\/wp\/v2\/posts\/9038"}],"collection":[{"href":"https:\/\/www.mlnsardu.org\/wordpress\/wp-json\/wp\/v2\/posts"}],"about":[{"href":"https:\/\/www.mlnsardu.org\/wordpress\/wp-json\/wp\/v2\/types\/post"}],"author":[{"embeddable":true,"href":"https:\/\/www.mlnsardu.org\/wordpress\/wp-json\/wp\/v2\/users\/59"}],"replies":[{"embeddable":true,"href":"https:\/\/www.mlnsardu.org\/wordpress\/wp-json\/wp\/v2\/comments?post=9038"}],"version-history":[{"count":2,"href":"https:\/\/www.mlnsardu.org\/wordpress\/wp-json\/wp\/v2\/posts\/9038\/revisions"}],"predecessor-version":[{"id":9212,"href":"https:\/\/www.mlnsardu.org\/wordpress\/wp-json\/wp\/v2\/posts\/9038\/revisions\/9212"}],"wp:attachment":[{"href":"https:\/\/www.mlnsardu.org\/wordpress\/wp-json\/wp\/v2\/media?parent=9038"}],"wp:term":[{"taxonomy":"category","embeddable":true,"href":"https:\/\/www.mlnsardu.org\/wordpress\/wp-json\/wp\/v2\/categories?post=9038"},{"taxonomy":"post_tag","embeddable":true,"href":"https:\/\/www.mlnsardu.org\/wordpress\/wp-json\/wp\/v2\/tags?post=9038"}],"curies":[{"name":"wp","href":"https:\/\/api.w.org\/{rel}","templated":true}]}}