{"id":8870,"date":"2020-02-10T19:51:43","date_gmt":"2020-02-10T18:51:43","guid":{"rendered":"http:\/\/www.mlnsardu.org\/wordpress\/?p=8870"},"modified":"2020-02-10T19:51:43","modified_gmt":"2020-02-10T18:51:43","slug":"2020-02-10-succede-in-provincia-di-padova-venetisti-circolano-con-lauto-targata-serenissima-nasion","status":"publish","type":"post","link":"https:\/\/www.mlnsardu.org\/wordpress\/2020-02-10-succede-in-provincia-di-padova-venetisti-circolano-con-lauto-targata-serenissima-nasion\/","title":{"rendered":"2020.02.10 &#8211; Succede in provincia di Padova: Venetisti circolano con l\u2019auto targata \u201cSerenissima Nasion\u201d"},"content":{"rendered":"<h1><span style=\"color: #993300;\"><strong><em>Grandissimi patrioti veneti. WSM!!!<\/em><\/strong><\/span><\/h1>\n<p>&nbsp;<\/p>\n<p><a href=\"http:\/\/www.mlnsardu.org\/wordpress\/wp-content\/uploads\/2020\/02\/3.png\"><img decoding=\"async\" loading=\"lazy\" class=\"alignleft  wp-image-8869\" src=\"http:\/\/www.mlnsardu.org\/wordpress\/wp-content\/uploads\/2020\/02\/3.png\" alt=\"\" width=\"422\" height=\"232\" \/><\/a><\/p>\n<p>&nbsp;<\/p>\n<p>&nbsp;<\/p>\n<p>&nbsp;<\/p>\n<p>&nbsp;<\/p>\n<p>&nbsp;<\/p>\n<p>&nbsp;<\/p>\n<p>&nbsp;<\/p>\n<p>&nbsp;<\/p>\n<p>&nbsp;<\/p>\n<p>&nbsp;<\/p>\n<p><span style=\"color: #000000;\">10 FEBBRAIO 2020<\/span><\/p>\n<p><span style=\"color: #000000;\">PADOVA. Una Suzuki con una strana targa sta attirando l\u2019attenzione a Sant\u2019Ambrogio, frazione di Trebaseleghe, Alta padovana. Tutti pensano che sia straniera, in realt\u00e0 si tratta di un veicolo \u201cindigeno\u201d, di propriet\u00e0 della Serenissima. Lo conferma Nicola Semenzato, piccolo commerciante di auto del posto, nella cui propriet\u00e0 \u00e8 parcheggiata.\u00a0<\/span><\/p>\n<p><span style=\"color: #000000;\">\u00abIl veicolo \u00e8 di propriet\u00e0 del Governo veneto, le targhe sono autorizzate e immatricolate alla motorizzazione dello Stato Veneto\u00bb dichiara Semenzato. \u00abIl mezzo \u00e8 parcheggiato a casa mia perch\u00e9 ho il posto tenerlo ma fino a dieci giorni fa circolava regolarmente, lo guidava il nostro funzionario ed \u00e8 stata fermato anche a Padova. A me non interessa che venga fotografato o messo in piazza, anzi. E non \u00e8 la sola auto di propriet\u00e0 dello Stato Veneto, ce ne sono anche altre. Una era stata sequestrata e poi dissequestrata, abbiamo i documenti. Le forze dell\u2019ordine (italiane,\u00a0<em>ndr<\/em>) non sono ancora pronte per questa situazione\u00bb commenta Semenzato, che simpatizza per i venetisti ma non \u00e8 un attivista.<\/span><\/p>\n<p><span style=\"color: #000000;\">\u00abConfermo, \u00e8 stata immatricolata nello Stato Veneto dele Venesie per conto della Serenissima Nasion Veneta della Venesia e ne immatricoleremo altrettante\u00bb assicura Roberto Fongaro, che si definisce funzionario della motorizzazione dello Stato Veneto. \u00abCerto che possiamo circolare, siamo nel nostro territorio, siete voi italiani abusivi nel territorio veneto. Dovete guardare bene le vostre normative perch\u00e9 l\u2019Italia \u00e8 un\u2019azienda e le vostre normative sono illegittime nel territorio veneto. Noi non usiamo la legge italiana, abbiamo i nostri documenti, la nostra nazionalit\u00e0, le nostre residenze, i nostri catasti. \u00c8 uno stato e a marzo avremo anche la nostra moneta. Di italiano non voglio sapere niente, l\u2019abbiamo comunicato a tutto il mondo. Adesso stiamo facendo passi importanti a livello internazionale\u00bb.<\/span><\/p>\n<p><span style=\"color: #000000;\">L\u2019auto con targa veneta messa sequestrata tempo fa era una Fiat Stilo. \u00ab\u00c8 successo a Cerea, nel Veronese, poi ci \u00e8 stata restituita perch\u00e9 hanno riconosciuto che siamo un\u2019altra entit\u00e0. Abbiamo i verbali del Tribunale di Verona con tanto di sentenza\u00bb dichiara Fongaro. Che ammette di essere stato fermato al volante di un\u2019auto veneta. \u00abMi hanno fermato tante volte, mi hanno minacciato di sequestrarla ma non l\u2019hanno mai fatto. Io ero solo il conducente perch\u00e9 la macchina \u00e8 dello Stato Veneto e perch\u00e9 loro sono in difetto di giurisdizione, non hanno potere\u00bb, dichiara, \u00abcon la Suzuki ho corso 2 anni, sempre con quelle targhe, sono nel mio territorio, a Noale e comunque con quell\u2019auto sono andato dappertutto. Ora l\u2019ho parcheggiata l\u00ec perch\u00e9 ne ho un\u2019altra e sto facendo le ultime pratiche. Poi la immatricoler\u00f2 nello Stato Veneto e vi applicher\u00f2 le targhe venete della Suzuki perch\u00e9 le targhe sono personali\u00bb.<\/span><\/p>\n<p><span style=\"color: #000000;\">Ma che succede se l\u2019auto veneta viene trovata priva di bollo? \u00abQuello che succede a tutti, ma non hanno giurisdizione\u00bb. E in caso d\u2019incidente come la mettiamo con l\u2019assicurazione? \u00abL\u2019auto \u00e8 diplomatica, lo Stato Veneto fa da garante, ha la sua moneta e pagher\u00e0 con la moneta come paga lo Stato italiano\u00bb.<\/span><\/p>\n<p><span style=\"color: #000000;\">Ma allora c\u2019\u00e8 la doppia immatricolazione? \u00abRipeto che \u00e8 immatricolata nello Stato Veneto non in Italia\u00bb si spazientisce Fongaro \u00abse non si conoscono le normative meglio andare a documentarsi, tutti i Comuni hanno la dichiarazione di indipendenza\u00bb.\u00a0<\/span><\/p>\n<p><span style=\"color: #000000;\"><strong>TARGHE PERSONALIZZATE<\/strong>\u00a0La domanda che si stanno ponendo diversi commentatori, anche sui social che fanno riferimento alla galassia venetista, \u00e8 se questo tipo di targe sia legale o meno in Italia. Ebbene la risposta \u00e8\u00a0<strong>no<\/strong>. Non esiste la possibilit\u00e0 di intestare la targa a sedicenti istituzioni che, come lo &#8220;Stato veneto dele Venesie&#8221; non esistono.<\/span><\/p>\n<p><span style=\"color: #000000;\">Per la verit\u00e0, in teoria l\u2019Italia ha ammesso la liceit\u00e0 delle targhe personalizzate, cio\u00e8 composte da lettere e numeri scelti dall&#8217;intestatario, addirittura da 17 anni (Dlgs 9\/2002, che introdusse nell\u2019articolo 100 del Codice il comma 8). Ma mancano le norme attuative: a parte le difficolt\u00e0 pratiche, si \u00e8 reputato che interessasse a pochi. Di per s\u00e9, la personalizzazione della targa sarebbe molto allettante. Perci\u00f2 consentirebbe allo Stato di guadagnarci su, fissando prezzi anche di centinaia o migliaia di euro. Ma lo stesso Stato si \u00e8 tarpato le ali: il comma 8 limita fortemente la personalizzazione, imponendo che la sequenza alfanumerica resti in ogni caso di due lettere, seguite da tre numeri, seguiti da altre due lettere. A quanti pu\u00f2 interessare?<\/span><\/p>\n<p><span style=\"color: #000000;\">Anche se la normativa non ne fa menzione, lascia comunque intendere che anche a livello di colori la targa personalizzata deve rispecchiare quella tradizionale, quindi fondo bianco rifrangente, lettere e numeri neri, bande blu laterali contenenti logo italiano, anno di immatricolazione e citt\u00e0.<\/span><\/p>\n<p><span style=\"color: #000000;\"><strong>ALL&#8217;ESTERO<\/strong>\u00a0Se entrasse in atto, la norma sulle targhe personalizzate consentirebbe all\u2019Italia di allinearsi ad una pratica gi\u00e0 possibile in molti paesi, a cominciare proprio dagli States, dove circolano 9,7 milioni di veicoli con una targa personalizzata. Lo Stato degli USA dove sono pi\u00f9 diffuse \u00e8 la Virginia, dove la pratica costa appena 10 dollari, mentre ne servono pi\u00f9 di 100 a Whashington DC.<\/span><\/p>\n<p><span style=\"color: #000000;\">Anche la Germania consente le personalizzazioni, basta pagare una sovrattassa di circa 10 euro, ma si pu\u00f2 scegliere solo la coda alfanumerica dopo la sigla identificativa del circondario.<\/span><\/p>\n<p><span style=\"color: #000000;\">Negli Emirati Arabi, dove le targhe generiche prevedono cinque numeri, \u00e8 possibile scegliere particolari combinazioni o ridurre il numero stesso delle cifre. In Australia, invece, lo Stato del Queensland ha da reso le emoticon legali: le \u201cfaccine\u201d disponibili per ora sono 5, tutte sorridenti.<\/span><\/p>\n<p><span style=\"color: #000000;\"><strong>SANZIONI\u00a0<\/strong>Cosa succede dunque in Italia a un&#8217;auto che venga vista circolare con una targa come quella dei venetisti? La risposta la d\u00e0 il comandante della Polizia locale della Federazione del Camposampierese, Antonio Paolocci: &#8220;Se l&#8217;automezzo non \u00e8 regolarmente immatricolato, con targa regolare, e ciononostante circola in strada, viene sequestrato e affidato in custodia al proprietario, che deve pagare anche una sanzione amministrativa&#8221;.\u00a0<\/span><\/p>\n<p><span style=\"color: #000000;\"><em>Giusy Andreoli<\/em><\/span><\/p>\n<p><span style=\"color: #000000;\"><strong>tratto da:<\/strong><a href=\"https:\/\/mattinopadova.gelocal.it\/padova\/cronaca\/2020\/02\/10\/news\/succede-in-provincia-di-padova-venetisti-circolano-con-l-auto-targata-serenissima-nasion-1.38449961?fbclid=IwAR2LIWp43TFJJh_ULNuaVC62swTsZmj61LmDvqmjTX2dN38BWfiyV0RWSXA&amp;refresh_ce\"> (clicca qui)<\/a><\/span><\/p>\n<p>&nbsp;<\/p>\n","protected":false},"excerpt":{"rendered":"<p>Grandissimi patrioti veneti. WSM!!! &nbsp; &nbsp; &nbsp; &nbsp; &nbsp; &nbsp; &nbsp; &nbsp; &nbsp; &nbsp; &nbsp; 10 FEBBRAIO 2020 PADOVA. Una Suzuki con una strana targa sta attirando l\u2019attenzione a Sant\u2019Ambrogio, frazione di Trebaseleghe, Alta padovana. Tutti pensano che sia straniera, in realt\u00e0 si tratta di un veicolo \u201cindigeno\u201d, di propriet\u00e0 della Serenissima. Lo conferma Nicola [&hellip;]<\/p>\n","protected":false},"author":59,"featured_media":0,"comment_status":"closed","ping_status":"closed","sticky":false,"template":"","format":"standard","meta":[],"categories":[1],"tags":[],"_links":{"self":[{"href":"https:\/\/www.mlnsardu.org\/wordpress\/wp-json\/wp\/v2\/posts\/8870"}],"collection":[{"href":"https:\/\/www.mlnsardu.org\/wordpress\/wp-json\/wp\/v2\/posts"}],"about":[{"href":"https:\/\/www.mlnsardu.org\/wordpress\/wp-json\/wp\/v2\/types\/post"}],"author":[{"embeddable":true,"href":"https:\/\/www.mlnsardu.org\/wordpress\/wp-json\/wp\/v2\/users\/59"}],"replies":[{"embeddable":true,"href":"https:\/\/www.mlnsardu.org\/wordpress\/wp-json\/wp\/v2\/comments?post=8870"}],"version-history":[{"count":5,"href":"https:\/\/www.mlnsardu.org\/wordpress\/wp-json\/wp\/v2\/posts\/8870\/revisions"}],"predecessor-version":[{"id":8875,"href":"https:\/\/www.mlnsardu.org\/wordpress\/wp-json\/wp\/v2\/posts\/8870\/revisions\/8875"}],"wp:attachment":[{"href":"https:\/\/www.mlnsardu.org\/wordpress\/wp-json\/wp\/v2\/media?parent=8870"}],"wp:term":[{"taxonomy":"category","embeddable":true,"href":"https:\/\/www.mlnsardu.org\/wordpress\/wp-json\/wp\/v2\/categories?post=8870"},{"taxonomy":"post_tag","embeddable":true,"href":"https:\/\/www.mlnsardu.org\/wordpress\/wp-json\/wp\/v2\/tags?post=8870"}],"curies":[{"name":"wp","href":"https:\/\/api.w.org\/{rel}","templated":true}]}}