{"id":8739,"date":"2019-09-07T18:32:49","date_gmt":"2019-09-07T16:32:49","guid":{"rendered":"http:\/\/www.mlnsardu.org\/wordpress\/?p=8739"},"modified":"2019-09-07T18:32:49","modified_gmt":"2019-09-07T16:32:49","slug":"2019-09-07-giulietto-chiesa-incombe-una-rivoluzione-come-attuarla","status":"publish","type":"post","link":"https:\/\/www.mlnsardu.org\/wordpress\/2019-09-07-giulietto-chiesa-incombe-una-rivoluzione-come-attuarla\/","title":{"rendered":"2019.09.07 &#8211; Giulietto Chiesa: incombe una rivoluzione, come attuarla?"},"content":{"rendered":"<p>&nbsp;<\/p>\n<p><em><strong><span style=\"color: #0000ff;\"><a href=\"http:\/\/www.mlnsardu.org\/wordpress\/wp-content\/uploads\/2019\/09\/Giulietto-Chiesa.jpg\"><img decoding=\"async\" loading=\"lazy\" class=\"alignleft size-full wp-image-8738\" src=\"http:\/\/www.mlnsardu.org\/wordpress\/wp-content\/uploads\/2019\/09\/Giulietto-Chiesa.jpg\" alt=\"\" width=\"230\" height=\"187\" \/><\/a><\/span><\/strong><\/em><\/p>\n<p>&nbsp;<\/p>\n<p>&nbsp;<\/p>\n<p>&nbsp;<\/p>\n<p>&nbsp;<\/p>\n<p><em><strong><span style=\"color: #0000ff;\">Giulietto Chiesa<\/span><\/strong><\/em><\/p>\n<p>&nbsp;<\/p>\n<p>&nbsp;<\/p>\n<p>&nbsp;<\/p>\n<p><span style=\"color: #000000;\">Da tempo ho capito che quello che si sogna \u00e8 quello che si spera, ma che in\u00a0<a class=\"st_tag internal_tag\" style=\"color: #000000;\" title=\"Post taggati con politica\" href=\"https:\/\/www.libreidee.org\/tag\/politica\/\" rel=\"tag nofollow\">politica<\/a>\u00a0non si deve sognare. Siamo di fronte a un\u00a0<a class=\"st_tag internal_tag\" style=\"color: #000000;\" title=\"Post taggati con popolo\" href=\"https:\/\/www.libreidee.org\/tag\/popolo\/\" rel=\"tag nofollow\">popolo<\/a>\u00a0confuso e inquieto, da troppo tempo sballottato e insultato, che ha perduto anche le sue speranze. Un\u00a0<a class=\"st_tag internal_tag\" style=\"color: #000000;\" title=\"Post taggati con popolo\" href=\"https:\/\/www.libreidee.org\/tag\/popolo\/\" rel=\"tag nofollow\">popolo<\/a>\u00a0che non ha gli strumenti per capire, senza guida. Nemmeno quella della propria coscienza, perch\u00e9 anche la sua coscienza \u00e8 stata corrotta. Perch\u00e9 \u2013 come ha scritto Antonio Scurati nel suo davvero memorabile \u201cM\u201d \u2013 sono troppi i nostri contemporanei ad essere \u00absopraffatti da un\u2019esistenza che non capiscono\u00bb. Dunque occorre prudenza per giudicare un\u00a0<a class=\"st_tag internal_tag\" style=\"color: #000000;\" title=\"Post taggati con popolo\" href=\"https:\/\/www.libreidee.org\/tag\/popolo\/\" rel=\"tag nofollow\">popolo<\/a>, grande di numero, e per proporsi di aiutarlo a discernere il bene dal male. \u00c8 vero, verissimo, che non c\u2019\u00e8 una guida, un partito, un movimento che lo guidi e lo difenda, questo nostro\u00a0<a class=\"st_tag internal_tag\" style=\"color: #000000;\" title=\"Post taggati con popolo\" href=\"https:\/\/www.libreidee.org\/tag\/popolo\/\" rel=\"tag nofollow\">popolo<\/a>. Ma la constatazione porta con s\u00e9 la domanda: come si fa a creare questa guida? E l\u2019altra domanda: \u00e8 ancora possibile? Questo \u00e8 il punto. La mia risposta, personale, \u00e8 che sia ancora possibile. Ma richiede quella che Antonio Gramsci individuava come una necessit\u00e0 imprescindibile: una profonda \u00abriforma intellettuale e morale\u00bb del nostro paese. \u00c8 un compito da far tremare le vene ai polsi, perch\u00e9 richiede uomini nuovi, intrepidi, competenti e saggi, che non vedo all\u2019orizzonte.<span id=\"more-64504\"><\/span><\/span><\/p>\n<p><span style=\"color: #000000;\">Quindi il primo compito, per chi ragiona come me, \u00e8 quello di individuarli, censirli, convincerli a camminare insieme: perch\u00e9 solo in questo modo si potr\u00e0 creare una massa critica sufficiente a rovesciare il corso delle cose. Queste donne e uomini ci\u00a0sono; non sono numerosissimi, ma ci sono. Sono in gran parte isolati e fuori dalla\u00a0<a class=\"st_tag internal_tag\" style=\"color: #000000;\" title=\"Post taggati con politica\" href=\"https:\/\/www.libreidee.org\/tag\/politica\/\" rel=\"tag nofollow\">politica<\/a>\u00a0(e sono tali proprio perch\u00e9 la\u00a0<a class=\"st_tag internal_tag\" style=\"color: #000000;\" title=\"Post taggati con politica\" href=\"https:\/\/www.libreidee.org\/tag\/politica\/\" rel=\"tag nofollow\">politica<\/a>\u00a0attuale li esclude e li isola, temendoli). Il fatto pi\u00f9 serio, tuttavia, \u00e8 che non c\u2019\u00e8 ormai quasi nulla che possa unirli. Non c\u2019\u00e8 una visione comune della\u00a0<a class=\"st_tag internal_tag\" style=\"color: #000000;\" title=\"Post taggati con crisi\" href=\"https:\/\/www.libreidee.org\/tag\/crisi\/\" rel=\"tag nofollow\">crisi<\/a>\u00a0epocale in cui viviamo. Che non \u00e8 \u201citaliana\u201d, n\u00e9 \u201ceuropea\u201d soltanto. \u00c8 mondiale, \u00e8 globale, \u00e8 universale. Per essere compresa richiede nuovi paradigmi, visto che quelli vecchi sono ormai inutilizzabili. Il\u00a0<a class=\"st_tag internal_tag\" style=\"color: #000000;\" title=\"Post taggati con mondo\" href=\"https:\/\/www.libreidee.org\/tag\/mondo\/\" rel=\"tag nofollow\">mondo<\/a>\u00a0brucia e il tempo stringe. Dunque quello che manca \u00e8 una comune interpretazione della\u00a0<a class=\"st_tag internal_tag\" style=\"color: #000000;\" title=\"Post taggati con crisi\" href=\"https:\/\/www.libreidee.org\/tag\/crisi\/\" rel=\"tag nofollow\">crisi<\/a>, che \u00e8\u00a0<a class=\"st_tag internal_tag\" style=\"color: #000000;\" title=\"Post taggati con crisi\" href=\"https:\/\/www.libreidee.org\/tag\/crisi\/\" rel=\"tag nofollow\">crisi<\/a>\u00a0dell\u2019Uomo e della sua collocazione nell\u2019Universo. \u00c8 questo quello che manca e che, a mio avviso dev\u2019essere costruito. Non ri-costruito, ma proprio costruito. Senza questo passaggio non ci pu\u00f2 essere alcun movimento o partito capace di avviare la trasformazione. Si rester\u00e0 divisi, ciascuno a contemplare il proprio tassello di sapere. Che, in quanto tale, sar\u00e0 inutile.<\/span><\/p>\n<p><span style=\"color: #000000;\">\u00c8 una rivoluzione quella che incombe. Senza una teoria, non sar\u00e0 possibile compierla. Altrimenti essa non sar\u00e0 certamente guidata dall\u2019Uomo, perch\u00e9 sar\u00e0 immensamente pi\u00f9 vasta e potente di lui. All\u2019uomo rester\u00e0 il compito di comprenderla, se ne sar\u00e0 capace, e di adattarvisi, se vuole sopravvivere. Ecco perch\u00e9 ci vuole adesso molta pazienza e umilt\u00e0, per cominciare a costruire quello che manca. La\u00a0<a class=\"st_tag internal_tag\" style=\"color: #000000;\" title=\"Post taggati con politica\" href=\"https:\/\/www.libreidee.org\/tag\/politica\/\" rel=\"tag nofollow\">politica<\/a>\u00a0far\u00e0 il suo corso miope e superficiale, ma non potr\u00e0 affrontare quello che incombe. Ecco perch\u00e9 non credo alla fretta, alle fughe in avanti, alle speranze senza fondamento, a una palingenesi rapida e indolore. Penso che l\u2019impatto con forze enormi, che l\u2019Uomo ha evocato irresponsabilmente, provocher\u00e0 dolori immensi e aiuter\u00e0 a temprare gli spiriti molli che questa societ\u00e0 umana ha lasciato putrefare. Il che significa rimboccarsi le maniche e mettere ordine nelle nostre idee, prima di tutto. Solo dall\u2019ordine, dalla saggezza e dalla solidariet\u00e0 tra sapienti e\u00a0<a class=\"st_tag internal_tag\" style=\"color: #000000;\" title=\"Post taggati con popolo\" href=\"https:\/\/www.libreidee.org\/tag\/popolo\/\" rel=\"tag nofollow\">popolo<\/a>\u00a0pu\u00f2 venire il riscatto.<\/span><\/p>\n<p><strong><span style=\"color: #000000;\">tratto da:<\/span> <\/strong><a href=\"https:\/\/www.libreidee.org\/2019\/09\/giulietto-chiesa-incombe-una-rivoluzione-come-attuarla\/\"><span style=\"color: #000000;\">(clicca qui)<\/span><\/a><\/p>\n","protected":false},"excerpt":{"rendered":"<p>&nbsp; &nbsp; &nbsp; &nbsp; &nbsp; Giulietto Chiesa &nbsp; &nbsp; &nbsp; Da tempo ho capito che quello che si sogna \u00e8 quello che si spera, ma che in\u00a0politica\u00a0non si deve sognare. Siamo di fronte a un\u00a0popolo\u00a0confuso e inquieto, da troppo tempo sballottato e insultato, che ha perduto anche le sue speranze. Un\u00a0popolo\u00a0che non ha gli strumenti [&hellip;]<\/p>\n","protected":false},"author":59,"featured_media":0,"comment_status":"closed","ping_status":"closed","sticky":false,"template":"","format":"standard","meta":[],"categories":[1],"tags":[],"_links":{"self":[{"href":"https:\/\/www.mlnsardu.org\/wordpress\/wp-json\/wp\/v2\/posts\/8739"}],"collection":[{"href":"https:\/\/www.mlnsardu.org\/wordpress\/wp-json\/wp\/v2\/posts"}],"about":[{"href":"https:\/\/www.mlnsardu.org\/wordpress\/wp-json\/wp\/v2\/types\/post"}],"author":[{"embeddable":true,"href":"https:\/\/www.mlnsardu.org\/wordpress\/wp-json\/wp\/v2\/users\/59"}],"replies":[{"embeddable":true,"href":"https:\/\/www.mlnsardu.org\/wordpress\/wp-json\/wp\/v2\/comments?post=8739"}],"version-history":[{"count":4,"href":"https:\/\/www.mlnsardu.org\/wordpress\/wp-json\/wp\/v2\/posts\/8739\/revisions"}],"predecessor-version":[{"id":8743,"href":"https:\/\/www.mlnsardu.org\/wordpress\/wp-json\/wp\/v2\/posts\/8739\/revisions\/8743"}],"wp:attachment":[{"href":"https:\/\/www.mlnsardu.org\/wordpress\/wp-json\/wp\/v2\/media?parent=8739"}],"wp:term":[{"taxonomy":"category","embeddable":true,"href":"https:\/\/www.mlnsardu.org\/wordpress\/wp-json\/wp\/v2\/categories?post=8739"},{"taxonomy":"post_tag","embeddable":true,"href":"https:\/\/www.mlnsardu.org\/wordpress\/wp-json\/wp\/v2\/tags?post=8739"}],"curies":[{"name":"wp","href":"https:\/\/api.w.org\/{rel}","templated":true}]}}