{"id":8694,"date":"2019-07-14T19:32:32","date_gmt":"2019-07-14T17:32:32","guid":{"rendered":"http:\/\/www.mlnsardu.org\/wordpress\/?p=8694"},"modified":"2019-07-14T19:32:32","modified_gmt":"2019-07-14T17:32:32","slug":"2019-07-14-yahve-spa-chi-domina-il-mondo-oltre-la-geopolitica-visibile","status":"publish","type":"post","link":"https:\/\/www.mlnsardu.org\/wordpress\/2019-07-14-yahve-spa-chi-domina-il-mondo-oltre-la-geopolitica-visibile\/","title":{"rendered":"2019.07.14 &#8211; Yahv\u00e8 SpA: chi domina il mondo, oltre la geopolitica visibile"},"content":{"rendered":"<p style=\"margin: 0cm; margin-bottom: .0001pt; text-align: justify; line-height: 11.7pt; background: white;\"><span style=\"font-size: 9pt; font-family: Verdana, sans-serif; color: #000000;\">Data fatidica, il 14 luglio: nel 1789 a Parigi veniva assaltata la Bastiglia, evento culminante della Rivoluzione Francese che segn\u00f2 la fine dell\u2019Ancien R\u00e9gime, il sistema plurisecolare dell\u2019assolutismo monarchico. Solo tre anni fa, invece \u2013 ma sempre in Francia, e sempre il 14 luglio \u2013 il killer franco-tunisino Mohamed Lahouaiej-Bouhle faceva strage a Nizza col suo camion, travolgendo i passanti sulla Promenade des Anglais: 86 morti e 302 feriti. Ovviamente l\u2019attentatore era gi\u00e0 stato segnalato alla polizia, come poco di buono. E ovviamente nessuno aveva pensato di controllare e sgomberare il suo camion bianco, fermo da giorni su quel lungomare divenuto \u201coff limits\u201d in vista della festa nazionale francese. E ancora: l\u2019assassino \u2013 prima di essere freddato dalle forze dell\u2019ordine, come d\u2019abitudine, prima che potesse parlare \u2013 aveva anche avuto cura di lasciare a disposizione dei poliziotti i suoi documenti, ben in vista nell\u2019abitacolo del veicolo. Un caso da manuale, secondo\u00a0<a style=\"outline: none; color: #000000;\" title=\"Magaldi su Facebook\" href=\"https:\/\/www.facebook.com\/Gioele.Magaldi.Official\/\" target=\"_blank\" rel=\"noopener\">Gioele Magaldi<\/a>, autore del saggio \u201cMassoni\u201d: un messaggio intimidatorio rivolto alla massoneria progressista, che considera proprio il 14 luglio la prima pietra miliare verso la conquista della\u00a0<a style=\"outline: none; color: #000000;\" title=\"Post taggati con democrazia\" href=\"https:\/\/www.libreidee.org\/tag\/democrazia\/\"><b>democrazia<\/b><\/a>, almeno in Occidente.<\/span><span id=\"more-63422\" style=\"outline: none;\"><\/span><\/p>\n<p><a href=\"http:\/\/www.mlnsardu.org\/wordpress\/wp-content\/uploads\/2019\/07\/Isis1.jpg\"><img decoding=\"async\" loading=\"lazy\" class=\"alignleft size-full wp-image-8692\" src=\"http:\/\/www.mlnsardu.org\/wordpress\/wp-content\/uploads\/2019\/07\/Isis1.jpg\" alt=\"\" width=\"230\" height=\"180\" \/><\/a><\/p>\n<p style=\"margin: 0cm; margin-bottom: .0001pt; text-align: justify; line-height: 11.7pt; background: white;\"><span style=\"font-size: 9pt; font-family: Verdana, sans-serif; color: #000000;\">Fu l\u2019Isis a rivendicare la strage di Nizza, ma le menti dello Stato Islamico erano e sono altrove: Abu Bakr Al-Bahdadi, il sedicente Califfo, secondo Magaldi \u00e8 affiliato alla superloggia \u201cHathor Pentalpha\u201d, dominata dai Bush e responsabile del\u00a0super-attentato del terzo millennio, quello dell\u201911 Settembre, comodamente attribuito al \u201cbarbaro jihadista\u201d Bin Laden (in realt\u00e0 massone pure lui, affiliato anch\u2019esso alla medesima Ur-Lodge). La \u201cHathor Pentalpha\u201d, sorta all\u2019inizio degli anni \u201880 per volere di Bush padre, appena battuto da Reagan alle primarie repubblicane, raccolse il gotha dei futuri \u201cgolpisti\u201d del Pnac, il Piano per il Nuovo Secolo Americano: George W. Bush e suo fratello Jeb Bush, Dick Cheney e Donald Rumsfeld, Paul Wolfowitz e la stessa Condoleezza Rice. Oltre a Bin Laden (Al-Qaeda) e Al-Baghdadi (Isis), la \u201cHathor\u201d avrebbe reclutato un ideologo come Samuel Huntington (\u201cLa\u00a0<a style=\"outline: none; color: #000000;\" title=\"Post taggati con crisi\" href=\"https:\/\/www.libreidee.org\/tag\/crisi\/\"><b>crisi<\/b><\/a>della\u00a0<a style=\"outline: none; color: #000000;\" title=\"Post taggati con democrazia\" href=\"https:\/\/www.libreidee.org\/tag\/democrazia\/\"><b>democrazia<\/b><\/a>\u201d, Commissione Trilaterale), insieme a Donald e Robert Kagan, Douglas Freith, Irving e William Kristol, Dan Quayle. Con loro Richard Perle, Karl Rove, Bill Bennett e il politologo Michael Leeden. Una rete trasversale, con affiliati in Medio Oriente: Oman, Bahrein, Qatar, Arabia Saudita e persino Iran (tra gli iraniani coinvolti, l\u2019ex presidente Hashemi Rafsanjani).<\/span><\/p>\n<p style=\"margin: 0cm 0cm 0.0001pt; text-align: justify; line-height: 11.7pt; background: white; outline: none; font-variant-ligatures: normal; font-variant-caps: normal; orphans: 2; widows: 2; -webkit-text-stroke-width: 0px; word-spacing: 0px;\"><span style=\"font-size: 9pt; font-family: Verdana, sans-serif; color: #000000;\">Obiettivo: destabilizzare ferocemente il pianeta, creando a tavolino il presunto \u201cscontro di civilt\u00e0\u201d tra Occidente e mondo islamico. Punta di lancia dell\u2019operazione: Israele (era il premier Ariel Sharon l\u2019uomo della \u201cHathor\u201d a Tel Aviv). Ma arabi e israeliani non dovevano essere acerrimi nemici, anzich\u00e9 compagni di merende e di avventure anche terroristiche? Certo, ma solo in teoria, spiega Magaldi: in realt\u00e0 sono tutti massoni, in quella cabina di regia. E la vera geopolitica \u2013 al di l\u00e0 della narrazione dei media \u2013 passa per i circoli come la \u201cHathor\u201d, incarnazione infernale dell\u2019ala pi\u00f9 reazionaria della supermassoneria occulta, apolide e sovranazionale. Convergenze insospettabili: dirigenti sauditi in riunione con Sharon e col presidente turco, il \u201cfratello\u201d Recep Tayyip Erdogan, insieme a un bel po\u2019 di potenti europei: l\u2019ex cancelliere tedesco Gehard Schr\u00f6der, l\u2019allora primo ministro spagnolo Jos\u00e9 Maria Aznar, l\u2019intramontabile Tony Blair, il polacco Aleksander Kwasniewski e il francese Nicolas Sarkozy \u2013 pi\u00f9 un paio di italiani: l\u2019allora presidente del Senato, Marcello Pera, nonch\u00e9 Antonio Martino, all\u2019epoca\u00a0ministro berlusconiano e gi\u00e0 segretario della Mont Pelerin Society. Vero e proprio tempio ideologico dell\u2019ultra-destra economica europea, la Mont Pelerin: culla dell\u2019oligarchia neoaristocratica che ha incubato, progettato e imposto l\u2019austerity per infliggere la camicia di forza a paesi come l\u2019Italia, alle prese con la nascente globalizzazione.<\/span><\/p>\n<p style=\"margin: 0cm; margin-bottom: .0001pt; text-align: justify; line-height: 11.7pt; background: white;\"><span style=\"font-size: 9.0pt; font-family: 'Verdana','sans-serif'; color: #1d1d1d;\">\u00a0<a href=\"http:\/\/www.mlnsardu.org\/wordpress\/wp-content\/uploads\/2019\/07\/Elisabetta-dInghilterra1.jpg\"><img decoding=\"async\" loading=\"lazy\" class=\"alignleft size-full wp-image-8690\" src=\"http:\/\/www.mlnsardu.org\/wordpress\/wp-content\/uploads\/2019\/07\/Elisabetta-dInghilterra1.jpg\" alt=\"\" width=\"200\" height=\"279\" \/><\/a><\/span><\/p>\n<p style=\"margin: 0cm; margin-bottom: .0001pt; text-align: justify; line-height: 11.7pt; background: white;\"><span style=\"font-size: 9.0pt; font-family: 'Verdana','sans-serif'; color: #1d1d1d;\">\u00a0<\/span><\/p>\n<p style=\"margin: 0cm 0cm 0.0001pt; text-align: justify; line-height: 11.7pt; background: white; outline: none; font-variant-ligatures: normal; font-variant-caps: normal; orphans: 2; widows: 2; -webkit-text-stroke-width: 0px; word-spacing: 0px;\"><span style=\"font-size: 9pt; font-family: Verdana, sans-serif; color: #000000;\">Il primo a parlarne in termini espliciti \u00e8 stato Paolo Barnard, nel saggio\u00a0<a style=\"outline: none; color: #000000;\" title=\"Il pi\u00f9 grande crimine\" href=\"https:\/\/www.paolobarnard.info\/docs\/ilpiugrandecrimine2011.pdf\" target=\"_blank\" rel=\"noopener\">\u201cIl pi\u00f9 grande crimine<\/a>\u201d, uscito prima ancora della\u00a0<a style=\"outline: none; color: #000000;\" title=\"Post taggati con crisi\" href=\"https:\/\/www.libreidee.org\/tag\/crisi\/\"><b>crisi<\/b><\/a>\u00a0italiana del 2011. La tesi: si trattava, semplicemente, di cancellare la memoria della Presa del Bastiglia. Il mitico 14 luglio? Un incidente della\u00a0<a style=\"outline: none; color: #000000;\" title=\"Post taggati con storia\" href=\"https:\/\/www.libreidee.org\/tag\/storia\/\"><b>storia<\/b><\/a>: apr\u00ec l\u2019<a style=\"outline: none; color: #000000;\" title=\"Post taggati con Europa\" href=\"https:\/\/www.libreidee.org\/tag\/europa\/\"><b>Europa<\/b><\/a>\u00a0a qualcosa di mai prima sperimentato \u2013 la\u00a0<a style=\"outline: none; color: #000000;\" title=\"Post taggati con democrazia\" href=\"https:\/\/www.libreidee.org\/tag\/democrazia\/\"><b>democrazia<\/b><\/a>\u00a0contemporanea \u2013 spalancando le porte alla modernit\u00e0 del \u2018900: Stato di diritto, suffragio universale. Traduzione euro-atlantica successiva:\u00a0<a style=\"outline: none; color: #000000;\" title=\"Post taggati con economia\" href=\"https:\/\/www.libreidee.org\/tag\/economia\/\"><b>economia<\/b><\/a>\u00a0sociale, conquiste civili e diritti del lavoro. Bene, tutto questo doveva finire. E in modo drammatico: col terrorismo stragista della strategia della tensione (Al-Qaeda, Isis) o col terrorismo finanziario (rigore europeo). Per volere di chi? Dei soliti noti, gli antichi baroni. O meglio: l\u2019entit\u00e0 che un tempo costituitiva il nerbo dell\u2019Ancien R\u00e9gime, cio\u00e8 l\u2019aristocrazia feudale pi\u00f9 parassitaria. Le era toccato finire sfrattata dal\u00a0<a style=\"outline: none; color: #000000;\" title=\"Post taggati con potere\" href=\"https:\/\/www.libreidee.org\/tag\/potere\/\"><b>potere<\/b><\/a>\u00a0(politico) dal 14 luglio in poi? Niente paura: si sarebbe ripresa tutto, e con gli interessi, mantenendo le grandi leve della\u00a0<a style=\"outline: none; color: #000000;\" title=\"Post taggati con finanza\" href=\"https:\/\/www.libreidee.org\/tag\/finanza\/\"><b>finanza<\/b><\/a>. Finanziarizzare l\u2019<a style=\"outline: none; color: #000000;\" title=\"Post taggati con economia\" href=\"https:\/\/www.libreidee.org\/tag\/economia\/\"><b>economia<\/b><\/a>\u00a0e ridurre gli Stati in bolletta, senza pi\u00f9 sovranit\u00e0 monetaria? Il gioco perfetto dei leggendari Rothschild, padroni d\u2019<a style=\"outline: none; color: #000000;\" title=\"Post taggati con Europa\" href=\"https:\/\/www.libreidee.org\/tag\/europa\/\"><b>Europa<\/b><\/a>\u00a0(e di un pezzo d\u2019America) da tre secoli a questa parte.<\/span><\/p>\n<p style=\"margin: 0cm 0cm 0.0001pt; text-align: justify; line-height: 11.7pt; background: white; outline: none; font-variant-ligatures: normal; font-variant-caps: normal; orphans: 2; widows: 2; -webkit-text-stroke-width: 0px; word-spacing: 0px;\"><span style=\"font-size: 9pt; font-family: Verdana, sans-serif; color: #000000;\">Nei suoi libri, un ricercatore come\u00a0<a style=\"outline: none; color: #000000;\" title=\"Ratto su ByoBlu\" href=\"https:\/\/www.youtube.com\/watch?v=cvAM10DCKyU&amp;vl=it\" target=\"_blank\" rel=\"noopener\">Pietro Ratto<\/a>\u00a0ricostruisce il ruolo di casati ebraici tedeschi come quello dei Warburg, in realt\u00e0 di origine veneta, poi soci in affari con i Rothschild \u2013 di cui sempre Ratto prova anche l\u2019apparentamento coi Rockefeller, mediante matrimoni strategici. Dettaglio inquietante: gli stessi grandi finanzieri contribuirono a sovvenzionare Hitler all\u2019alba della sua tragica epopea. Non solo: \u00e8 stato accertato che proprio il Terzo Reich \u2013 al suo esordio \u2013 fu un poderoso sponsor occulto del sionismo, favorendo l\u2019espatrio degli ebrei tedeschi verso la Palestina e finanziando il primo colonialismo ebraico in Terrasanta. Scioccante? Quasi quanto il libro \u201c<a style=\"outline: none; color: #000000;\" title=\"L'altra Europa\" href=\"https:\/\/www.ibs.it\/altra-europa-miti-congiure-ed-libro-vari\/e\/9788893780711?gclid=CjwKCAjwsIbpBRBNEiwAZF8-z5wHt9ZX-UuE3mNu9y--_Zzu58Ikv91_VIIZjCVkduXsWU-j2NV2PRoCM-AQAvD_BwE\" target=\"_blank\" rel=\"noopener\">L\u2019altra Europa<\/a>\u201d, pubblicato dal vicentino Paolo Rumor, nipote del pi\u00f9 volte primo ministro democristiano Mariano Rumor. Durante la Seconda Guerra Mondiale, il padre dell\u2019autore \u2013 Giacomo Rumor \u2013 agiva come 007 per conto di monsignor Montini, futuro Paolo VI, allora responsabile dell\u2019intelligence vaticana. Gli Alleati gi\u00e0 sapevano che avrebbero vinto, e volevano progettare in anticipo l\u2019<a style=\"outline: none; color: #000000;\" title=\"Post taggati con Europa\" href=\"https:\/\/www.libreidee.org\/tag\/europa\/\"><b>Europa<\/b><\/a>\u00a0del dopoguerra. Fin qui, tutto bene: logico che gli\u00a0<a style=\"outline: none; color: #000000;\" title=\"Post taggati con Usa\" href=\"https:\/\/www.libreidee.org\/tag\/usa\/\"><b>Usa<\/b><\/a>\u00a0si rivolgessero al Papa, visto che l\u2019Italia era ancora in mano a Mussolini, e che l\u2019antifascismo era largamente comunista. Ma un giorno l\u2019esoterista francese Maurice Schumann, gollista e interlocutore di Rumor, svel\u00f2 al cattolico italiano\u00a0chi c\u2019era veramente, dietro al piano: la Struttura. Una cupola esclusiva, ininterrottamente al\u00a0<a style=\"outline: none; color: #000000;\" title=\"Post taggati con potere\" href=\"https:\/\/www.libreidee.org\/tag\/potere\/\"><b>potere<\/b><\/a>, nel mondo, da quasi 12.000 anni.<\/span><\/p>\n<p style=\"margin: 0cm; margin-bottom: .0001pt; text-align: justify; line-height: 11.7pt; background: white;\"><span style=\"font-size: 9.0pt; font-family: 'Verdana','sans-serif'; color: #1d1d1d;\">\u00a0<\/span><\/p>\n<p style=\"margin: 0cm; margin-bottom: .0001pt; text-align: justify; line-height: 11.7pt; background: white;\"><span style=\"font-size: 9.0pt; font-family: 'Verdana','sans-serif'; color: #1d1d1d;\">\u00a0<a href=\"http:\/\/www.mlnsardu.org\/wordpress\/wp-content\/uploads\/2019\/07\/Paolo-VI1.jpg\"><img decoding=\"async\" loading=\"lazy\" class=\"alignleft size-full wp-image-8693\" src=\"http:\/\/www.mlnsardu.org\/wordpress\/wp-content\/uploads\/2019\/07\/Paolo-VI1.jpg\" alt=\"\" width=\"270\" height=\"189\" srcset=\"https:\/\/www.mlnsardu.org\/wordpress\/wp-content\/uploads\/2019\/07\/Paolo-VI1.jpg 270w, https:\/\/www.mlnsardu.org\/wordpress\/wp-content\/uploads\/2019\/07\/Paolo-VI1-250x175.jpg 250w\" sizes=\"(max-width: 270px) 100vw, 270px\" \/><\/a><\/span><\/p>\n<p style=\"margin: 0cm; margin-bottom: .0001pt; text-align: justify; line-height: 11.7pt; background: white;\"><span style=\"font-size: 9.0pt; font-family: 'Verdana','sans-serif'; color: #1d1d1d;\">\u00a0<\/span><\/p>\n<p style=\"margin: 0cm 0cm 0.0001pt; text-align: justify; line-height: 11.7pt; background: white; outline: none; font-variant-ligatures: normal; font-variant-caps: normal; orphans: 2; widows: 2; -webkit-text-stroke-width: 0px; word-spacing: 0px;\"><span style=\"font-size: 9pt; font-family: Verdana, sans-serif; color: #000000;\">Fantasie? Non secondo l\u2019archeologo Loris Bagnara, che ha verificato sul campo: le indicazioni di Rumor (cio\u00e8 di Schumann) corrispondono in modo impressionante con la geografia e la toponomastica dei luoghi dove si sarebbe costituito quell\u2019antico\u00a0<a style=\"outline: none; color: #000000;\" title=\"Post taggati con potere\" href=\"https:\/\/www.libreidee.org\/tag\/potere\/\"><b>potere<\/b><\/a>, nato in Mesopotamia e poi trasferitosi nell\u2019Egitto dei faraoni prima di approdare in Palestina e quindi nel Mediterraneo fenicio e poi greco-romano. L\u2019eminente politologo Giorgio Galli, autore della prefazione del libro di Rumor, conferma: i nomi citati dal dossier-Schumann sono perfettamente coerenti con la mappa del vero\u00a0<a style=\"outline: none; color: #000000;\" title=\"Post taggati con potere\" href=\"https:\/\/www.libreidee.org\/tag\/potere\/\"><b>potere<\/b><\/a>, anche di quello euro-atlantico del Novecento. Politici, industriali e finanzieri: tutti esoteristi, vincolati al reciproco segreto sull\u2019origine della Struttura, sostanzialmente iniziatica, risalente \u2013 a loro dire \u2013 attorno al 9.500 avanti Cristo, tra le rive del Tigri e quelle dell\u2019Eufrate, cio\u00e8 dove Zecharia Sitchin attribuisce agli Anunnaki, i misteriosi Figli delle Stelle, la \u201cfabbricazione\u201d dell\u2019homo sapiens nella versione poi narrata dai Sumeri. Di quella\u00a0<a style=\"outline: none; color: #000000;\" title=\"Post taggati con storia\" href=\"https:\/\/www.libreidee.org\/tag\/storia\/\"><b>storia<\/b><\/a>\u00a0\u2013 avverte\u00a0<a style=\"outline: none; color: #000000;\" title=\"Il sito ufficiale di Biglino\" href=\"https:\/\/maurobiglino.it\/\" target=\"_blank\" rel=\"noopener\">Mauro Biglino<\/a>, gi\u00e0 traduttore ufficiale delle Edizioni San Paolo \u2013 la Bibbia non \u00e8 che la fotocopia: la Genesi descrive la nascita di Eva mediante clonazione genetica, proprio come la pecora Dolly, ad opera degli Elohim come Yahv\u00e8, cio\u00e8 i Figli delle Stelle palestinesi.<\/span><\/p>\n<p style=\"margin: 0cm 0cm 0.0001pt; text-align: justify; line-height: 11.7pt; background: white; outline: none; font-variant-ligatures: normal; font-variant-caps: normal; orphans: 2; widows: 2; -webkit-text-stroke-width: 0px; word-spacing: 0px;\"><span style=\"font-size: 9pt; font-family: Verdana, sans-serif; color: #000000;\">Autore di culto in Italia, pubblicato anche da Mondadori (trecentomila copie vendute), a Biglino nessuno contesta la riscoperta letterale della Bibbia: l\u2019interpretazione teologico-spiritualista del testo si rivela completamente infondata (Yahv\u00e8 non era \u201cDio\u201d, ma solo uno dei tanti Elohim citati). Semmai, la Bibbia \u2013 ammesso sia attendibile, visto che \u00e8 stata manipolata ininterrottamente fino al medioevo \u2013 propone un\u2019altra\u00a0<a style=\"outline: none; color: #000000;\" title=\"Post taggati con storia\" href=\"https:\/\/www.libreidee.org\/tag\/storia\/\"><b>storia<\/b><\/a>: la nascita dell\u2019umanit\u00e0 attuale, cos\u00ec improvvisamente evoluta, sarebbe opera dell\u2019ibridazione genetica dei Figli delle Stelle, che avrebbero immesso il loro Dna in quello dei primitivi ominidi. Biglino \u00e8 rispettato anche ad Harvard, dove alla facolt\u00e0 di medicina si raccomandano i suoi libri. E sulla sua ipotesi stanno convergendo decine di scienziati, che lo hanno messo a capo di un progetto di ricerca senza precedenti: studi interdisciplinari, anche archeologici, per verificare quel che la Bibbia racconta, alla lettera. E le religioni monoteiste? La prima, l\u2019ebraismo, secondo Biglino sarebbe nata attorno al VI secolo avanti Cristo, quando Yahv\u00e8 spar\u00ec di colpo, in seguito all\u2019avvento dei\u00a0babilonesi che sottomisero gli ebrei. Da allora, dice lo studioso, ad assumere la leadership del popolo ebraico furono i sacerdoti, cio\u00e8 la casta degli ex \u201cmaggiordomi\u201d di Yahv\u00e8: furono loro, manipolandola, a trasformare la Bibbia nel \u201clibro sacro\u201d che non era mai stato.<\/span><\/p>\n<p style=\"margin: 0cm; margin-bottom: .0001pt; text-align: justify; line-height: 11.7pt; background: white;\"><span style=\"font-size: 9.0pt; font-family: 'Verdana','sans-serif'; color: #1d1d1d;\">\u00a0<\/span><\/p>\n<p style=\"margin: 0cm; margin-bottom: .0001pt; text-align: justify; line-height: 11.7pt; background: white;\"><span style=\"font-size: 9.0pt; font-family: 'Verdana','sans-serif'; color: #1d1d1d;\">\u00a0<a href=\"http:\/\/www.mlnsardu.org\/wordpress\/wp-content\/uploads\/2019\/07\/I-sacerdoti-ebraici-del-Sinedrio1.jpg\"><img decoding=\"async\" loading=\"lazy\" class=\"alignleft size-full wp-image-8691\" src=\"http:\/\/www.mlnsardu.org\/wordpress\/wp-content\/uploads\/2019\/07\/I-sacerdoti-ebraici-del-Sinedrio1.jpg\" alt=\"\" width=\"270\" height=\"150\" srcset=\"https:\/\/www.mlnsardu.org\/wordpress\/wp-content\/uploads\/2019\/07\/I-sacerdoti-ebraici-del-Sinedrio1.jpg 270w, https:\/\/www.mlnsardu.org\/wordpress\/wp-content\/uploads\/2019\/07\/I-sacerdoti-ebraici-del-Sinedrio1-250x139.jpg 250w\" sizes=\"(max-width: 270px) 100vw, 270px\" \/><\/a><\/span><\/p>\n<p style=\"margin: 0cm; margin-bottom: .0001pt; text-align: justify; line-height: 11.7pt; background: white;\"><span style=\"font-size: 9.0pt; font-family: 'Verdana','sans-serif'; color: #1d1d1d;\">\u00a0<\/span><\/p>\n<p style=\"margin: 0cm 0cm 0.0001pt; text-align: justify; line-height: 11.7pt; background: white; outline: none; font-variant-ligatures: normal; font-variant-caps: normal; orphans: 2; widows: 2; -webkit-text-stroke-width: 0px; word-spacing: 0px;\"><span style=\"font-size: 9pt; font-family: Verdana, sans-serif; color: #000000;\">Quando poi l\u2019Impero Romano \u2013 oltre mezzo millennio dopo, nel 70 dopo Cristo \u2013 represse duramente gli ebrei distruggendo il Tempio di Salomone a Gerusalemme, gli stessi sacerdoti contrattarono il loro futuro con i nuovi padroni: cedettero ai romani il Tesoro del Tempio, in cambio di una vita agiatissima nella capitale imperiale, da cui poi \u2013 attraverso svariati passaggi \u2013 diedero vita alla nuova religione, il Cristianesimo cattolico, ufficialmente coniato da Costantino nel 325 al Concilio di Nicea. Lo stesso Paolo Rumor, attingendo al memoriale Schumann, sostiene che la mitica Struttura si sarebbe spezzata in due tronconi, a Gerusalemme, proprio attorno all\u2019Anno Zero. Di recente, Biglino ha accennato a libri di prossima uscita, dal contenuto ulteriormente dirompente: attraverso accurate analisi di fonti d\u2019archivio, emerge una sconcertante continuit\u00e0 nel\u00a0<a style=\"outline: none; color: #000000;\" title=\"Post taggati con potere\" href=\"https:\/\/www.libreidee.org\/tag\/potere\/\"><b>potere<\/b><\/a>\u00a0europeo attraverso i secoli, con in primo piano \u2013 da Gerusalemme a Roma, fino al Nord\u00a0<a style=\"outline: none; color: #000000;\" title=\"Post taggati con Europa\" href=\"https:\/\/www.libreidee.org\/tag\/europa\/\"><b>Europa<\/b><\/a>\u00a0\u2013 sempre le stesse famiglie. La sua tesi \u00e8 nota: attraverso la Bibbia, saremmo stati finora governati da un unico schema di\u00a0<a style=\"outline: none; color: #000000;\" title=\"Post taggati con potere\" href=\"https:\/\/www.libreidee.org\/tag\/potere\/\"><b>potere<\/b><\/a>, concepito sotto forma di dominio. Lo stesso sistema finanziario attuale, che regge il pianeta, \u00e8 quello enunciato da Yahv\u00e8: potrai prestare denaro ma non richiederlo, perch\u00e9 chi riceve denaro in prestito ne diventa schiavo. E a proposito: dov\u2019\u00e8 finito, Yahv\u00e8? Sicuri che sia sparito per sempre dalla circolazione?<\/span><\/p>\n<p style=\"margin: 0cm 0cm 0.0001pt; text-align: justify; line-height: 11.7pt; background: white; outline: none; font-variant-ligatures: normal; font-variant-caps: normal; orphans: 2; widows: 2; -webkit-text-stroke-width: 0px; word-spacing: 0px;\"><span style=\"font-size: 9pt; font-family: Verdana, sans-serif; color: #000000;\">Se un giorno si scoprisse che gli Elohim come quello che gestiva la famiglia di Giacobbe sono qui tra noi e controllano tutto \u2013 dice Biglino \u2013 certo non me ne stupirei: secondo la Bibbia potevano vivere anche 30.000 anni. Assurdo? Mica tanto: la distanza fra i loro 30 millenni e i nostri 90 anni \u00e8 infinitamente pi\u00f9 piccola di quella che separa una tartaruga gigante (200 anni) da una farfalla che viva solo 24 ore. Di giorno in giorno, si moltiplicano scoperte che sconquassano le vecchie certezze archeologiche: la Piramide di Cheope (vera datazione, 20.000 anni) sembra essere una potente \u201cfabbrica di energia\u201d: \u00e8 presidiata dai fisici che vi osservano gli stranissimi fenomeni che ospita, come l\u2019abbattimento di particelle subatomiche. A Visoko, in Bosnia, sono state scoperte le pi\u00f9 grandi piramidi della Terra, risalenti a 30.000 anni fa. E al largo dell\u2019India spuntano citt\u00e0 sommerse \u2013 probabilmente dal maremoto di 11.500 anni fa (il Diluvio Universale?), scatenatosi proprio nel periodo in cui a G\u00f6bekli Tepe, in Turchia, fu precipitosamente abbandonato il tempio pi\u00f9 antico della Terra, in un\u2019area in cui gli scavi rivelano che la\u00a0nascita dell\u2019agricoltura risale addirittura al Mesolitico. Scoperte che costringono a retrodatare la nostra\u00a0<a style=\"outline: none; color: #000000;\" title=\"Post taggati con storia\" href=\"https:\/\/www.libreidee.org\/tag\/storia\/\"><b>storia<\/b><\/a>, cancellando quello che fino a ieri credevamo di sapere.<\/span><\/p>\n<p style=\"margin: 0cm; margin-bottom: .0001pt; text-align: justify; line-height: 11.7pt; background: white;\"><span style=\"font-size: 9.0pt; font-family: 'Verdana','sans-serif'; color: #1d1d1d;\">\u00a0<\/span><\/p>\n<p style=\"margin: 0cm; margin-bottom: .0001pt; text-align: justify; line-height: 11.7pt; background: white;\"><span style=\"font-size: 9.0pt; font-family: 'Verdana','sans-serif'; color: #1d1d1d;\">\u00a0<a href=\"http:\/\/www.mlnsardu.org\/wordpress\/wp-content\/uploads\/2019\/07\/Ufo-nel-cielo-di-Lecco1.jpg\"><img decoding=\"async\" loading=\"lazy\" class=\"alignleft size-full wp-image-8696\" src=\"http:\/\/www.mlnsardu.org\/wordpress\/wp-content\/uploads\/2019\/07\/Ufo-nel-cielo-di-Lecco1.jpg\" alt=\"\" width=\"270\" height=\"202\" srcset=\"https:\/\/www.mlnsardu.org\/wordpress\/wp-content\/uploads\/2019\/07\/Ufo-nel-cielo-di-Lecco1.jpg 270w, https:\/\/www.mlnsardu.org\/wordpress\/wp-content\/uploads\/2019\/07\/Ufo-nel-cielo-di-Lecco1-250x187.jpg 250w\" sizes=\"(max-width: 270px) 100vw, 270px\" \/><\/a><\/span><\/p>\n<p style=\"margin: 0cm; margin-bottom: .0001pt; text-align: justify; line-height: 11.7pt; background: white;\"><span style=\"font-size: 9.0pt; font-family: 'Verdana','sans-serif'; color: #1d1d1d;\">\u00a0<\/span><\/p>\n<p style=\"margin: 0cm 0cm 0.0001pt; text-align: justify; line-height: 11.7pt; background: white; outline: none; font-variant-ligatures: normal; font-variant-caps: normal; orphans: 2; widows: 2; -webkit-text-stroke-width: 0px; word-spacing: 0px;\"><span style=\"font-size: 9pt; font-family: Verdana, sans-serif; color: #000000;\">Sotto certi aspetti, \u00e8 come se le incredibili scoperte dell\u2019archeologia odierna costringessero a ripensare la stessa geopolitica attuale. E\u2019 cos\u00ec? Si perde tempo \u2013 ripete Magaldi, dal canto suo \u2013 se ci si ferma ancora a valutare la\u00a0<a style=\"outline: none; color: #000000;\" title=\"Post taggati con crisi\" href=\"https:\/\/www.libreidee.org\/tag\/crisi\/\"><b>crisi<\/b><\/a>\u00a0globale come semplice scontro tra nazioni: c\u2019\u00e8 ben altro, dietro le quinte. Se lo domandava anche Barnard: vi siete mai chiesti come mai la\u00a0<a style=\"outline: none; color: #000000;\" title=\"Post taggati con politica\" href=\"https:\/\/www.libreidee.org\/tag\/politica\/\"><b>politica<\/b><\/a>\u00a0non riesce mai a mantenere le sue promesse? E perch\u00e9 le cose vanno di male in peggio, nonostante il pianeta non sia mai stato cos\u00ec ricco, vista la nostra capacit\u00e0 esponenziale di produrre beni, grazie alla vertiginosa rivoluzione tecnologica degli ultimi decenni? Colpa dell\u2019\u00e9lite neo-feudale, si risponde Barnard. Ed \u00e8 un\u2019\u00e9lite non certo illuminata, aggiunge Magaldi: si tratta di un\u2019oligarchia del denaro, reazionaria, neo-conservatrice, il cui massimo livello di\u00a0<a style=\"outline: none; color: #000000;\" title=\"Post taggati con potere\" href=\"https:\/\/www.libreidee.org\/tag\/potere\/\"><b>potere<\/b><\/a>\u00a0\u2013 al di sopra delle entit\u00e0 paramassoniche come il Bilderberg \u2013 \u00e8 rappresentato dalle 36 Ur-Lodges che dominano il globo. E se ci fosse dell\u2019altro ancora, sopra le invisibili superlogge? Magari la \u201cYahv\u00e8 SpA\u201d, affidata a emissari collaudatissimi? E\u2019 l\u2019interrogativo che rilancia Biglino, convinto che gli Elohim (come gli Anunna sumeri, i Theoi greci, i Deva indiani) potrebbero non essere affatto scomparsi, dopo aver \u201cfabbricato\u201d noi, i sapiens. Anzi, aggiunge lo studioso: sarebbe perfettamente plausibile scoprire, un giorno, che dietro ai maggiori potentati terrestri vi siano proprio \u201cquelli l\u00e0\u201d, i Figli delle Stelle, l\u2019un contro l\u2019altro armati: in fondo \u00e8 lo schema proposto e ripetuto in tutti i libri antichi, compresa la Bibbia.<\/span><\/p>\n<p><span style=\"color: #000000;\"><strong>tratto da:<\/strong><\/span> <a href=\"https:\/\/www.libreidee.org\/2019\/07\/yahve-spa-chi-domina-il-mondo-oltre-la-geopolitica-visibile\/\"><span style=\"color: #000000;\">(clicca qui)<\/span><\/a><\/p>\n","protected":false},"excerpt":{"rendered":"<p>Data fatidica, il 14 luglio: nel 1789 a Parigi veniva assaltata la Bastiglia, evento culminante della Rivoluzione Francese che segn\u00f2 la fine dell\u2019Ancien R\u00e9gime, il sistema plurisecolare dell\u2019assolutismo monarchico. Solo tre anni fa, invece \u2013 ma sempre in Francia, e sempre il 14 luglio \u2013 il killer franco-tunisino Mohamed Lahouaiej-Bouhle faceva strage a Nizza col [&hellip;]<\/p>\n","protected":false},"author":59,"featured_media":0,"comment_status":"closed","ping_status":"closed","sticky":false,"template":"","format":"standard","meta":[],"categories":[1],"tags":[],"_links":{"self":[{"href":"https:\/\/www.mlnsardu.org\/wordpress\/wp-json\/wp\/v2\/posts\/8694"}],"collection":[{"href":"https:\/\/www.mlnsardu.org\/wordpress\/wp-json\/wp\/v2\/posts"}],"about":[{"href":"https:\/\/www.mlnsardu.org\/wordpress\/wp-json\/wp\/v2\/types\/post"}],"author":[{"embeddable":true,"href":"https:\/\/www.mlnsardu.org\/wordpress\/wp-json\/wp\/v2\/users\/59"}],"replies":[{"embeddable":true,"href":"https:\/\/www.mlnsardu.org\/wordpress\/wp-json\/wp\/v2\/comments?post=8694"}],"version-history":[{"count":2,"href":"https:\/\/www.mlnsardu.org\/wordpress\/wp-json\/wp\/v2\/posts\/8694\/revisions"}],"predecessor-version":[{"id":8697,"href":"https:\/\/www.mlnsardu.org\/wordpress\/wp-json\/wp\/v2\/posts\/8694\/revisions\/8697"}],"wp:attachment":[{"href":"https:\/\/www.mlnsardu.org\/wordpress\/wp-json\/wp\/v2\/media?parent=8694"}],"wp:term":[{"taxonomy":"category","embeddable":true,"href":"https:\/\/www.mlnsardu.org\/wordpress\/wp-json\/wp\/v2\/categories?post=8694"},{"taxonomy":"post_tag","embeddable":true,"href":"https:\/\/www.mlnsardu.org\/wordpress\/wp-json\/wp\/v2\/tags?post=8694"}],"curies":[{"name":"wp","href":"https:\/\/api.w.org\/{rel}","templated":true}]}}