{"id":8680,"date":"2019-06-05T09:34:27","date_gmt":"2019-06-05T07:34:27","guid":{"rendered":"http:\/\/www.mlnsardu.org\/wordpress\/?p=8680"},"modified":"2019-06-05T09:34:27","modified_gmt":"2019-06-05T07:34:27","slug":"2019-06-05-catalogna-puigdemont-eletto-in-europa-che-per-giurare-a-madrid-rischia-di-farsi-arrestare","status":"publish","type":"post","link":"https:\/\/www.mlnsardu.org\/wordpress\/2019-06-05-catalogna-puigdemont-eletto-in-europa-che-per-giurare-a-madrid-rischia-di-farsi-arrestare\/","title":{"rendered":"2019.06.05 &#8211; Catalogna, Puigdemont eletto in Europa. Che per giurare a Madrid rischia di farsi arrestare"},"content":{"rendered":"<h1><span style=\"color: #993300;\"><strong><em>Mi sembra la dimostrazione che l&#8217;indipendenza non si pu\u00f2 sperare di ottenerla seguendo l&#8217;iter elettorale; \u00e8 necessario crearla di fatto rendendoci, prima di tutto, indipendenti sul piano economico e giuridico<\/em><\/strong><\/span><\/h1>\n<p>&nbsp;<\/p>\n<p><a href=\"http:\/\/www.mlnsardu.org\/wordpress\/wp-content\/uploads\/2019\/06\/safe_image.jpg\"><img decoding=\"async\" loading=\"lazy\" class=\"alignleft size-full wp-image-8679\" src=\"http:\/\/www.mlnsardu.org\/wordpress\/wp-content\/uploads\/2019\/06\/safe_image.jpg\" alt=\"\" width=\"540\" height=\"282\" srcset=\"https:\/\/www.mlnsardu.org\/wordpress\/wp-content\/uploads\/2019\/06\/safe_image.jpg 540w, https:\/\/www.mlnsardu.org\/wordpress\/wp-content\/uploads\/2019\/06\/safe_image-300x157.jpg 300w, https:\/\/www.mlnsardu.org\/wordpress\/wp-content\/uploads\/2019\/06\/safe_image-250x131.jpg 250w\" sizes=\"(max-width: 540px) 100vw, 540px\" \/><\/a><\/p>\n<p>&nbsp;<\/p>\n<p>&nbsp;<\/p>\n<p>&nbsp;<\/p>\n<p>&nbsp;<\/p>\n<p>&nbsp;<\/p>\n<p>&nbsp;<\/p>\n<p>&nbsp;<\/p>\n<p>&nbsp;<\/p>\n<p>&nbsp;<\/p>\n<p>&nbsp;<\/p>\n<p>&nbsp;<\/p>\n<p>&nbsp;<\/p>\n<p style=\"margin-top: 0cm; background: white;\"><span style=\"font-size: 13.5pt; font-family: 'Georgia','serif'; color: #292929;\">La\u00a0<strong style=\"-webkit-tap-highlight-color: transparent;\"><span style=\"font-family: 'Georgia','serif';\">questione indipendentista catalana<\/span><\/strong>\u00a0ha implicazioni sempre pi\u00f9 internazionali, un intrigo che coinvolge vertici politici europei e organi giurisdizionali sovranazionali.<\/span><\/p>\n<p style=\"margin-top: 0cm; background: white; -webkit-tap-highlight-color: transparent; font-variant-ligatures: normal; font-variant-caps: normal; orphans: 2; text-align: start; widows: 2; -webkit-text-stroke-width: 0px; text-decoration-style: initial; text-decoration-color: initial; word-spacing: 0px;\"><span style=\"font-size: 13.5pt; font-family: 'Georgia','serif'; color: #292929;\">La\u00a0<strong style=\"-webkit-tap-highlight-color: transparent;\"><span style=\"font-family: 'Georgia','serif';\">Corte europea dei Diritti dell\u2019Uomo<\/span><\/strong>,\u00a0<a style=\"-webkit-tap-highlight-color: transparent; cursor: pointer; transition: all 0.1s ease-in-out 0s; transform: translate3d(0px, 0px, 0px); background-position-x: 0px; background-position-y: 0px;\" href=\"https:\/\/elpais.com\/politica\/2019\/05\/28\/actualidad\/1559029423_031179.html\"><span style=\"color: #1faeae;\">chiamata ad esprimersi sui rapporti tra il Tribunale costituzionale di Madrid e il parlamento catalano<\/span><\/a>, ha respinto all\u2019unanimit\u00e0 la domanda di tutela proposta da\u00a0<strong style=\"-webkit-tap-highlight-color: transparent;\"><span style=\"font-family: 'Georgia','serif';\">Carles Puigdemont<\/span><\/strong>, ex presidente della Generalitat da un anno e mezzo lontano dal suolo iberico per sfuggire a un ordine di arresto per ribellione e sedizione, da\u00a0<strong style=\"-webkit-tap-highlight-color: transparent;\"><span style=\"font-family: 'Georgia','serif';\">Carme Forcadell<\/span><\/strong>, ex presidente del parlamento catalano in carcerazione preventiva, e altri deputati regionali.<\/span><\/p>\n<p style=\"margin-top: 0cm; background: white; -webkit-tap-highlight-color: transparent; font-variant-ligatures: normal; font-variant-caps: normal; orphans: 2; text-align: start; widows: 2; -webkit-text-stroke-width: 0px; text-decoration-style: initial; text-decoration-color: initial; word-spacing: 0px;\"><span style=\"font-size: 13.5pt; font-family: 'Georgia','serif'; color: #292929;\">I leader della causa separatista ritenevano che l\u2019Alta Corte di Madrid annullando \u2013 in accoglimento di un ricorso dei socialisti catalani \u2013 la seduta parlamentare del<strong style=\"-webkit-tap-highlight-color: transparent;\"><span style=\"font-family: 'Georgia','serif';\">\u00a09 ottobre 2017,<\/span><\/strong>\u00a0convocata per la formale dichiarazione di nascita della Repubblica catalana, avesse violato i diritti politici riconosciuti dalla Convenzione universale dei diritti dell\u2019uomo. I giudici di\u00a0<strong style=\"-webkit-tap-highlight-color: transparent;\"><span style=\"font-family: 'Georgia','serif';\">Strasburgo<\/span><\/strong>\u00a0hanno invece ritenuto necessaria quella decisione di sospensione dell\u2019adunanza parlamentare perch\u00e9 maturata in un contesto politico e sociale denso di tensione nel quale era da considerare prevalente l\u2019interesse alla protezione dell\u2019ordine pubblico. La Corte europea ha poi posto l\u2019accento sul ruolo cardine del Tribunale costituzionale, organo che con varie sentenze si era gi\u00e0 pronunciato sulla\u00a0<strong style=\"-webkit-tap-highlight-color: transparent;\"><span style=\"font-family: 'Georgia','serif';\">illegittimit\u00e0<\/span><\/strong>\u00a0del referendum sull\u2019indipendenza, unilateralmente convocato dai partiti separatisti, e quindi sulla necessit\u00e0 di dare una attuazione effettiva alle decisioni dell\u2019Alto organo interno.<\/span><\/p>\n<p style=\"margin-top: 0cm; background: white;\"><span style=\"font-size: 13.5pt; font-family: 'Georgia','serif'; color: #292929;\">Un duro colpo per la propaganda indipendentista la quale non ha mai smesso di sottolineare come in ambito europeo si sarebbe affermata quella giustizia negata in Spagna da organi centralisti e, a loro dire, faziosi.<\/span><\/p>\n<p style=\"margin-top: 0cm; background: white; -webkit-tap-highlight-color: transparent; font-variant-ligatures: normal; font-variant-caps: normal; orphans: 2; text-align: start; widows: 2; -webkit-text-stroke-width: 0px; text-decoration-style: initial; text-decoration-color: initial; word-spacing: 0px;\"><span style=\"font-size: 13.5pt; font-family: 'Georgia','serif'; color: #292929;\">Non \u00e8 questo l\u2019unico intreccio lungo\u00a0<strong style=\"-webkit-tap-highlight-color: transparent;\"><span style=\"font-family: 'Georgia','serif';\">l\u2019asse Madrid-Barcellona-Bruxelles<\/span><\/strong>.<\/span><\/p>\n<p style=\"margin-top: 0cm; background: white; -webkit-tap-highlight-color: transparent; font-variant-ligatures: normal; font-variant-caps: normal; orphans: 2; text-align: start; widows: 2; -webkit-text-stroke-width: 0px; text-decoration-style: initial; text-decoration-color: initial; word-spacing: 0px;\"><span style=\"font-size: 13.5pt; font-family: 'Georgia','serif'; color: #292929;\">I principali leader del separatismo catalano, Carles Puigdemont e Oriol Junqueras (dal 2 novembre 2017 in carcerazione preventiva per ribellione e sedizione), sono stati eletti deputati del\u00a0<strong style=\"-webkit-tap-highlight-color: transparent;\"><span style=\"font-family: 'Georgia','serif';\">Parlamento europeo<\/span><\/strong>\u00a0appena rinnovato. Tuttavia l\u2019incertezza politica e istituzionale che imperversa in Spagna si riverbera anche sull\u2019iter burocratico per l\u2019assunzione della carica di parlamentare europeo, tentennamenti conditi da elementi per certi versi paradossali. La procedura infatti si completa con un atto imprescindibile:\u00a0<strong style=\"-webkit-tap-highlight-color: transparent;\"><span style=\"font-family: 'Georgia','serif';\">il giuramento sulla Costituzione\u00a0<\/span><\/strong>(lo impone l\u2019articolo 224 della legge elettorale), quindi Puigdemont, prima che a Bruxelles, dovrebbe recarsi a\u00a0<strong style=\"-webkit-tap-highlight-color: transparent;\"><span style=\"font-family: 'Georgia','serif';\">Madrid<\/span><\/strong>\u00a0per l\u2019adempimento della formalit\u00e0. Ma qui sorge l\u2019intoppo: una volta poggiato piede a Madrid l\u2019ex\u00a0<em style=\"-webkit-tap-highlight-color: transparent;\"><span style=\"font-family: 'Georgia','serif';\">president<\/span><\/em>\u00a0verrebbe\u00a0<strong style=\"-webkit-tap-highlight-color: transparent;\"><span style=\"font-family: 'Georgia','serif';\">immediatamente arrestato<\/span><\/strong>. Una strettoia politica, con le istituzioni comunitarie che attendono le proclamazioni validate dagli uffici di Madrid, la polizia spagnola pronta a dare esecuzione ad un ordine di arresto e il leader Puigdemont in un limbo, bloccato da una formalit\u00e0 che non pu\u00f2 essere delegata. I suoi legali intanto denunciano come proprio quei passaggi burocratici imposti dalla Spagna siano contrari alle norme europee, tant\u2019\u00e8 che essi non sono richiesti negli altri paesi Ue.<\/span><\/p>\n<p style=\"margin-top: 0cm; background: white;\"><span style=\"font-size: 13.5pt; font-family: 'Georgia','serif'; color: #292929;\">Un vicolo cieco nel quale si sono insinuati i partiti unionisti (Populares, PSOE e Ciudadanos) i quali hanno chiesto al presidente del Parlamento europeo\u00a0<strong style=\"-webkit-tap-highlight-color: transparent;\"><span style=\"font-family: 'Georgia','serif';\">Antonio Tajani<\/span><\/strong>\u00a0di\u00a0<strong style=\"-webkit-tap-highlight-color: transparent;\"><span style=\"font-family: 'Georgia','serif';\">sospendere la proclamazione<\/span><\/strong>\u00a0degli eurodeputati spagnoli in attesa del completamento delle formalit\u00e0 da parte della Giunta elettorale di Madrid.<\/span><\/p>\n<p style=\"margin-top: 0cm; background: white; -webkit-tap-highlight-color: transparent; font-variant-ligatures: normal; font-variant-caps: normal; orphans: 2; text-align: start; widows: 2; -webkit-text-stroke-width: 0px; text-decoration-style: initial; text-decoration-color: initial; word-spacing: 0px;\"><span style=\"font-size: 13.5pt; font-family: 'Georgia','serif'; color: #292929;\">Non \u00e8 l\u2019unica questione aperta, in queste ore si dibatte anche sul destino politico di\u00a0<strong style=\"-webkit-tap-highlight-color: transparent;\"><span style=\"font-family: 'Georgia','serif';\">Junqueras<\/span><\/strong>, il leader di \u2018Esquerra Republicana\u2019 (ERC) non ha problemi a prestare giuramento, tuttavia una volta avvenuta la proclamazione ci si chiede se potr\u00e0 godere dell\u2019immunit\u00e0 e quindi partecipare alle sedute parlamentari. Molte fonti sostengono che Junqueras sar\u00e0 sospeso, misura gi\u00e0 adottata nei suoi confronti per lo scanno conseguito al parlamento nazionale.<\/span><\/p>\n<p style=\"margin-top: 0cm; background: white; -webkit-tap-highlight-color: transparent; font-variant-ligatures: normal; font-variant-caps: normal; orphans: 2; text-align: start; widows: 2; -webkit-text-stroke-width: 0px; text-decoration-style: initial; text-decoration-color: initial; word-spacing: 0px;\"><span style=\"font-size: 13.5pt; font-family: 'Georgia','serif'; color: #292929;\">Tasselli di un puzzle inestricabile, con la questione catalana che \u00e8 la grande sfida per il leader socialista\u00a0<strong style=\"-webkit-tap-highlight-color: transparent;\"><span style=\"font-family: 'Georgia','serif';\">Pedro S\u00e1nchez.<\/span><\/strong>\u00a0Ora lo \u00e8 anche per l\u2019Europa.<\/span><\/p>\n<p><span style=\"color: #000000;\"><strong>tratto da:<\/strong><\/span> <a href=\"https:\/\/www.ilfattoquotidiano.it\/2019\/06\/04\/catalogna-puigdemont-eletto-in-europa-che-per-giurare-a-madrid-rischia-di-farsi-arrestare\/5231483\/?fbclid=IwAR35bRK3R3uxKG45iQ3rRV0lEgUHGRj9Ohz8tZCHzKSEeBcp0NdB-qxWkEc\"><span style=\"color: #000000;\">(clicca qui)<\/span><\/a><\/p>\n","protected":false},"excerpt":{"rendered":"<p>Mi sembra la dimostrazione che l&#8217;indipendenza non si pu\u00f2 sperare di ottenerla seguendo l&#8217;iter elettorale; \u00e8 necessario crearla di fatto rendendoci, prima di tutto, indipendenti sul piano economico e giuridico &nbsp; &nbsp; &nbsp; &nbsp; &nbsp; &nbsp; &nbsp; &nbsp; &nbsp; &nbsp; &nbsp; &nbsp; &nbsp; La\u00a0questione indipendentista catalana\u00a0ha implicazioni sempre pi\u00f9 internazionali, un intrigo che coinvolge vertici [&hellip;]<\/p>\n","protected":false},"author":59,"featured_media":0,"comment_status":"closed","ping_status":"closed","sticky":false,"template":"","format":"standard","meta":[],"categories":[1],"tags":[],"_links":{"self":[{"href":"https:\/\/www.mlnsardu.org\/wordpress\/wp-json\/wp\/v2\/posts\/8680"}],"collection":[{"href":"https:\/\/www.mlnsardu.org\/wordpress\/wp-json\/wp\/v2\/posts"}],"about":[{"href":"https:\/\/www.mlnsardu.org\/wordpress\/wp-json\/wp\/v2\/types\/post"}],"author":[{"embeddable":true,"href":"https:\/\/www.mlnsardu.org\/wordpress\/wp-json\/wp\/v2\/users\/59"}],"replies":[{"embeddable":true,"href":"https:\/\/www.mlnsardu.org\/wordpress\/wp-json\/wp\/v2\/comments?post=8680"}],"version-history":[{"count":5,"href":"https:\/\/www.mlnsardu.org\/wordpress\/wp-json\/wp\/v2\/posts\/8680\/revisions"}],"predecessor-version":[{"id":8685,"href":"https:\/\/www.mlnsardu.org\/wordpress\/wp-json\/wp\/v2\/posts\/8680\/revisions\/8685"}],"wp:attachment":[{"href":"https:\/\/www.mlnsardu.org\/wordpress\/wp-json\/wp\/v2\/media?parent=8680"}],"wp:term":[{"taxonomy":"category","embeddable":true,"href":"https:\/\/www.mlnsardu.org\/wordpress\/wp-json\/wp\/v2\/categories?post=8680"},{"taxonomy":"post_tag","embeddable":true,"href":"https:\/\/www.mlnsardu.org\/wordpress\/wp-json\/wp\/v2\/tags?post=8680"}],"curies":[{"name":"wp","href":"https:\/\/api.w.org\/{rel}","templated":true}]}}