{"id":8654,"date":"2019-05-13T14:10:01","date_gmt":"2019-05-13T12:10:01","guid":{"rendered":"http:\/\/www.mlnsardu.org\/wordpress\/?p=8654"},"modified":"2019-05-13T14:10:01","modified_gmt":"2019-05-13T12:10:01","slug":"2019-05-13-dal-dna-dei-sardi-la-chiave-per-scoprire-perche-ci-ammaliamo","status":"publish","type":"post","link":"https:\/\/www.mlnsardu.org\/wordpress\/2019-05-13-dal-dna-dei-sardi-la-chiave-per-scoprire-perche-ci-ammaliamo\/","title":{"rendered":"2019.05.13 &#8211; Dal Dna dei sardi la \u00abchiave\u00bb per scoprire perch\u00e9 ci ammaliamo"},"content":{"rendered":"<h1><span style=\"color: #993300;\"><strong><em>La genetica della popolazione sarda aiuta a capire molto dell\u2019origine di tante malattie.<br \/>\nE anche della storia delle popolazioni europee, come una vera macchina del tempo<\/em><\/strong><\/span><\/h1>\n<p><a href=\"http:\/\/www.mlnsardu.org\/wordpress\/wp-content\/uploads\/2019\/05\/Cattura1.png\"><img decoding=\"async\" loading=\"lazy\" class=\"wp-image-8653 aligncenter\" src=\"http:\/\/www.mlnsardu.org\/wordpress\/wp-content\/uploads\/2019\/05\/Cattura1.png\" alt=\"\" width=\"265\" height=\"195\" \/><\/a><\/p>\n<p><span style=\"color: #000000;\">Un\u2019isola straordinaria, in tutti i sensi. La Sardegna \u00e8 un luogo davvero unico, non solo per il paesaggio: gli abitanti sono una delle popolazioni pi\u00f9 speciali d\u2019Europa, perch\u00e9 hanno un Dna pieno di sorprese che potrebbe addirittura aiutarci a capire perch\u00e9 ci ammaliamo di sclerosi multipla, diabete e cos\u00ec via. Lo ha spiegato Francesco Cucca, direttore dell\u2019Istituto di ricerca genetica e biomedica del Consiglio nazionale delle ricerche (Cnr-Irgb) e docente di Genetica Medica dell\u2019Universit\u00e0 di Sassari, durante il\u00a0<a style=\"color: #000000;\" href=\"https:\/\/bolognamedicina.it\/\">Festival della Scienza Medica di Bologna<\/a>, raccontando anche come i sardi di oggi siano fra i popoli pi\u00f9 \u201cprimitivi\u201d d\u2019Europa perch\u00e9 hanno un genoma rimasto pressoch\u00e9 intatto nelle ultime decine di migliaia di anni.<\/span><\/p>\n<h3><span style=\"color: #000000;\"><strong>\u00a0<\/strong><strong>Dna dal passato<\/strong><\/span><\/h3>\n<p><span style=\"color: #000000;\">Leggere il genoma di un sardo infatti \u00e8 come salire su una macchina del tempo che ci riporti fino al neolitico, spiega Cucca: \u00abIl Dna dei sardi \u00e8 una specie di orologio molecolare che ci ha aiutato, per esempio, a datare la comparsa dell\u2019uomo moderno fissando la sua origine duecentomila anni fa, ovvero centomila anni prima di quando si pensava fino a poco tempo fa. Abbiamo anche potuto datare l\u2019arrivo sull\u2019isola di popolazioni dall\u2019Africa subsahariana, circa duemila anni fa al tempo della dominazione romana\u00bb. Leggere il genoma dei sardi \u00e8 insomma come sfogliare le pagine di un libro di storia, ma soprattutto come dare un\u2019occhiata all\u2019aspetto e alle caratteristiche degli uomini della preistoria perch\u00e9 l\u2019isola, a parte pochi sporadici \u201cingressi\u201d, \u00e8 rimasta isolata e non ha subito invasioni come, per esempio, la Sicilia. \u00abIl profilo genetico \u00e8 rimasto immutato dal neolitico fino alle civilt\u00e0 nuragiche e oltre, \u00e8 quello delle popolazioni europee primitive\u00bb, spiega Cucca.<\/span><\/p>\n<h3><span style=\"color: #000000;\"><strong>\u00a0<\/strong><strong>Una finestra sulle malattie<\/strong><\/span><\/h3>\n<p><span style=\"color: #000000;\">Tutto questo \u00e8 interessante dal punto di vista antropologico, ma anche medico: i numerosi progetti di sequenziamento genetico di popolazioni isolate nella Sardegna, isole nell\u2019isola, stanno dando informazioni importanti per capire per esempio le caratteristiche e lo sviluppo di alcune malattie autoimmuni come il diabete di tipo 1 o la sclerosi multipla, entrambe molto pi\u00f9 diffuse fra i sardi rispetto al resto della popolazione. Sottolinea Cucca: \u00abLa frequenza di queste malattie in Sardegna \u00e8 la pi\u00f9 alta al mondo, studiare il Dna dei sardi pu\u00f2 aiutarci a capire perch\u00e9 e anche a trovare bersagli molecolari nuovi. Abbiamo visto, per esempio, che un gene conservato nel Dna dei sardi si associa all\u2019incremento di malattie su base autoimmune come la sclerosi multipla: \u00e8 lo stesso che nel topolino porta a una maggior resistenza alla malaria, per cui \u00e8 possibile che nell\u2019isola si sia mantenuto perch\u00e9 conferiva una protezione utile da questa malattia. In passato, quindi, favoriva la sopravvivenza ma oggi \u00e8 un \u201cfardello\u201d che aumenta il rischio di malattie autoimmuni; averlo scoperto significa poter lavorare su un nuovo bersaglio terapeutico\u00bb.<\/span><\/p>\n<p><span style=\"color: #000000;\"><strong>tratto da:<\/strong><\/span> <a href=\"https:\/\/www.corriere.it\/salute\/19_maggio_11\/dal-dna-sardi-chiave-scoprire-perche-ci-ammaliamo-3e458aec-73d8-11e9-ba55-f52777ef5ef8.shtml?refresh_ce-cp&amp;fbclid=IwAR1dXAcfAjufWubMovu5U2e9R4DMkFEpG7lZumTNQGrk-b0nz0gfnzMJfwc\"><span style=\"color: #000000;\">(clicca qui)<\/span><\/a><\/p>\n","protected":false},"excerpt":{"rendered":"<p>La genetica della popolazione sarda aiuta a capire molto dell\u2019origine di tante malattie. E anche della storia delle popolazioni europee, come una vera macchina del tempo Un\u2019isola straordinaria, in tutti i sensi. La Sardegna \u00e8 un luogo davvero unico, non solo per il paesaggio: gli abitanti sono una delle popolazioni pi\u00f9 speciali d\u2019Europa, perch\u00e9 hanno [&hellip;]<\/p>\n","protected":false},"author":59,"featured_media":0,"comment_status":"closed","ping_status":"closed","sticky":false,"template":"","format":"standard","meta":[],"categories":[1],"tags":[],"_links":{"self":[{"href":"https:\/\/www.mlnsardu.org\/wordpress\/wp-json\/wp\/v2\/posts\/8654"}],"collection":[{"href":"https:\/\/www.mlnsardu.org\/wordpress\/wp-json\/wp\/v2\/posts"}],"about":[{"href":"https:\/\/www.mlnsardu.org\/wordpress\/wp-json\/wp\/v2\/types\/post"}],"author":[{"embeddable":true,"href":"https:\/\/www.mlnsardu.org\/wordpress\/wp-json\/wp\/v2\/users\/59"}],"replies":[{"embeddable":true,"href":"https:\/\/www.mlnsardu.org\/wordpress\/wp-json\/wp\/v2\/comments?post=8654"}],"version-history":[{"count":4,"href":"https:\/\/www.mlnsardu.org\/wordpress\/wp-json\/wp\/v2\/posts\/8654\/revisions"}],"predecessor-version":[{"id":8658,"href":"https:\/\/www.mlnsardu.org\/wordpress\/wp-json\/wp\/v2\/posts\/8654\/revisions\/8658"}],"wp:attachment":[{"href":"https:\/\/www.mlnsardu.org\/wordpress\/wp-json\/wp\/v2\/media?parent=8654"}],"wp:term":[{"taxonomy":"category","embeddable":true,"href":"https:\/\/www.mlnsardu.org\/wordpress\/wp-json\/wp\/v2\/categories?post=8654"},{"taxonomy":"post_tag","embeddable":true,"href":"https:\/\/www.mlnsardu.org\/wordpress\/wp-json\/wp\/v2\/tags?post=8654"}],"curies":[{"name":"wp","href":"https:\/\/api.w.org\/{rel}","templated":true}]}}