{"id":8626,"date":"2019-04-19T11:48:21","date_gmt":"2019-04-19T09:48:21","guid":{"rendered":"http:\/\/www.mlnsardu.org\/wordpress\/?p=8626"},"modified":"2019-04-19T11:48:38","modified_gmt":"2019-04-19T09:48:38","slug":"2019-04-19-via-i-nomi-di-casa-savoia-dalle-strade-cosi-scano-montiferro-si-ribella-ai-reali","status":"publish","type":"post","link":"https:\/\/www.mlnsardu.org\/wordpress\/2019-04-19-via-i-nomi-di-casa-savoia-dalle-strade-cosi-scano-montiferro-si-ribella-ai-reali\/","title":{"rendered":"2019.04.19 &#8211; Via i nomi di casa Savoia dalle strade: cos\u00ec Scano Montiferro si ribella ai reali"},"content":{"rendered":"<p><a href=\"http:\/\/www.mlnsardu.org\/wordpress\/wp-content\/uploads\/2019\/04\/scano-montiferro-372x221.jpg\"><img decoding=\"async\" loading=\"lazy\" class=\"size-full wp-image-8625 aligncenter\" src=\"http:\/\/www.mlnsardu.org\/wordpress\/wp-content\/uploads\/2019\/04\/scano-montiferro-372x221.jpg\" alt=\"\" width=\"372\" height=\"221\" srcset=\"https:\/\/www.mlnsardu.org\/wordpress\/wp-content\/uploads\/2019\/04\/scano-montiferro-372x221.jpg 372w, https:\/\/www.mlnsardu.org\/wordpress\/wp-content\/uploads\/2019\/04\/scano-montiferro-372x221-300x178.jpg 300w, https:\/\/www.mlnsardu.org\/wordpress\/wp-content\/uploads\/2019\/04\/scano-montiferro-372x221-250x149.jpg 250w\" sizes=\"(max-width: 372px) 100vw, 372px\" \/><\/a><\/p>\n<p><span style=\"color: #000000;\">Via i nomi dei reali di casa\u00a0<strong>Savoia<\/strong>\u00a0dalle strade del paese. \u00c8 la decisione della giunta comunale di un piccolo centro della provincia di\u00a0<strong>Oristano<\/strong>,\u00a0<strong>Scano Montiferro<\/strong>, guidata dal primo cittadino\u00a0<strong>Antonio Flore Motzo<\/strong>. La giunta, come riporta il quotidiano\u00a0<em>La Nuova Sardegna<\/em>, ha stabilito che i nomi dei reali piemontesi dovranno essere sostituiti con quelli di alcuni personaggi locali che con la loro vita e le loro opere hanno dato lustro alla comunit\u00e0 e, dove possibile, siano ripristinati i toponimi originali in \u201climba\u201d.<\/span><\/p>\n<p><span style=\"color: #000000;\">Perch\u00e9 la decisione diventi operativa \u00e8 necessario, per\u00f2, attendere i pareri di prefettura e soprintendenza. A cambiare nome saranno il corso\u00a0<strong>Vittorio Emanuele III<\/strong>, che diventer\u00e0 corso Padre Salvatore Pala, la via\u00a0<strong>Carlo Alberto<\/strong>\u00a0che prender\u00e0 il nome di via Antonio Trogu, il largo\u00a0<strong>Vittorio Emanuele II<\/strong>\u00a0diventer\u00e0 piazza Francesco Porcu, la piazza\u00a0<strong>Regina Elena<\/strong>\u00a0prender\u00e0 il nome di Carrela de Funtana e la piazza\u00a0<strong>Umberto<\/strong>\u00a0acquisir\u00e0 il nome di Carrela de Putu.<\/span><\/p>\n<p><span style=\"color: #000000;\">Il dibattito sulla presenza dei nomi dei reali nelle strade dell\u2019Isola \u00e8 in corso da tempo, a\u00a0<strong>Cagliari<\/strong>\u00a0c\u2019\u00e8 stato chi ha proposto addirittura di eliminare dal cuore della citt\u00e0 la statua di\u00a0<strong>Carlo Felice<\/strong>. La scelta dell\u2019amministrazione di Scano Montiferro, stando a quanto scrive il sindaco nella sua pagina social, \u00e8 motivata dalle azioni violente messe in campo dai re sabaudi, sempre contro la popolazione. A essi viene attribuita anche la responsabilit\u00e0 della rovina del patrimonio boschivo e gli esiti provocati ai pi\u00f9 deboli dall\u2019editto delle chiudende, che spartiva la terra collettiva tra poche persone.<\/span><\/p>\n<p><span style=\"color: #000000;\"><strong>tratto da:<\/strong><\/span> <a href=\"https:\/\/www.sardiniapost.it\/cronaca\/via-i-nomi-di-casa-savoia-dalle-strade-cosi-scano-montiferro-si-ribella-ai-reali\/?fbclid=IwAR3v99hxEutlOqYCoRaCR-zxa3_OgLqjvLcrApGUbvpGvndNNUYdGCJaCUQ\"><span style=\"color: #000000;\">(clicca qui)<\/span><\/a><\/p>\n","protected":false},"excerpt":{"rendered":"<p>Via i nomi dei reali di casa\u00a0Savoia\u00a0dalle strade del paese. \u00c8 la decisione della giunta comunale di un piccolo centro della provincia di\u00a0Oristano,\u00a0Scano Montiferro, guidata dal primo cittadino\u00a0Antonio Flore Motzo. La giunta, come riporta il quotidiano\u00a0La Nuova Sardegna, ha stabilito che i nomi dei reali piemontesi dovranno essere sostituiti con quelli di alcuni personaggi locali [&hellip;]<\/p>\n","protected":false},"author":59,"featured_media":0,"comment_status":"closed","ping_status":"closed","sticky":false,"template":"","format":"standard","meta":[],"categories":[1],"tags":[],"_links":{"self":[{"href":"https:\/\/www.mlnsardu.org\/wordpress\/wp-json\/wp\/v2\/posts\/8626"}],"collection":[{"href":"https:\/\/www.mlnsardu.org\/wordpress\/wp-json\/wp\/v2\/posts"}],"about":[{"href":"https:\/\/www.mlnsardu.org\/wordpress\/wp-json\/wp\/v2\/types\/post"}],"author":[{"embeddable":true,"href":"https:\/\/www.mlnsardu.org\/wordpress\/wp-json\/wp\/v2\/users\/59"}],"replies":[{"embeddable":true,"href":"https:\/\/www.mlnsardu.org\/wordpress\/wp-json\/wp\/v2\/comments?post=8626"}],"version-history":[{"count":3,"href":"https:\/\/www.mlnsardu.org\/wordpress\/wp-json\/wp\/v2\/posts\/8626\/revisions"}],"predecessor-version":[{"id":8629,"href":"https:\/\/www.mlnsardu.org\/wordpress\/wp-json\/wp\/v2\/posts\/8626\/revisions\/8629"}],"wp:attachment":[{"href":"https:\/\/www.mlnsardu.org\/wordpress\/wp-json\/wp\/v2\/media?parent=8626"}],"wp:term":[{"taxonomy":"category","embeddable":true,"href":"https:\/\/www.mlnsardu.org\/wordpress\/wp-json\/wp\/v2\/categories?post=8626"},{"taxonomy":"post_tag","embeddable":true,"href":"https:\/\/www.mlnsardu.org\/wordpress\/wp-json\/wp\/v2\/tags?post=8626"}],"curies":[{"name":"wp","href":"https:\/\/api.w.org\/{rel}","templated":true}]}}