{"id":8621,"date":"2019-04-16T20:55:20","date_gmt":"2019-04-16T18:55:20","guid":{"rendered":"http:\/\/www.mlnsardu.org\/wordpress\/?p=8621"},"modified":"2019-04-16T20:55:20","modified_gmt":"2019-04-16T18:55:20","slug":"2019-04-16-cosi-la-corsica-vuole-abbandonare-la-francia-di-macron","status":"publish","type":"post","link":"https:\/\/www.mlnsardu.org\/wordpress\/2019-04-16-cosi-la-corsica-vuole-abbandonare-la-francia-di-macron\/","title":{"rendered":"2019.04.16 &#8211; Cos\u00ec la Corsica vuole abbandonare la Francia di Macron"},"content":{"rendered":"<p><a href=\"http:\/\/www.mlnsardu.org\/wordpress\/wp-content\/uploads\/2019\/04\/LP_8911087-1620x1080.jpg\"><img decoding=\"async\" loading=\"lazy\" class=\" wp-image-8620 aligncenter\" src=\"http:\/\/www.mlnsardu.org\/wordpress\/wp-content\/uploads\/2019\/04\/LP_8911087-1620x1080.jpg\" alt=\"\" width=\"487\" height=\"325\" srcset=\"https:\/\/www.mlnsardu.org\/wordpress\/wp-content\/uploads\/2019\/04\/LP_8911087-1620x1080.jpg 1620w, https:\/\/www.mlnsardu.org\/wordpress\/wp-content\/uploads\/2019\/04\/LP_8911087-1620x1080-300x200.jpg 300w, https:\/\/www.mlnsardu.org\/wordpress\/wp-content\/uploads\/2019\/04\/LP_8911087-1620x1080-768x512.jpg 768w, https:\/\/www.mlnsardu.org\/wordpress\/wp-content\/uploads\/2019\/04\/LP_8911087-1620x1080-1024x683.jpg 1024w, https:\/\/www.mlnsardu.org\/wordpress\/wp-content\/uploads\/2019\/04\/LP_8911087-1620x1080-250x167.jpg 250w\" sizes=\"(max-width: 487px) 100vw, 487px\" \/><\/a><\/p>\n<p><span style=\"color: #000000;\">Emmanuel Macron si deve occupare di tenere botta in vista delle europee, ma pure degli affari interni. Non bastavano le barricate dei gilet gialli e l\u2019annunciata rivolta elettorale del ceto medio, pure le richieste dei corsi finiscono sull\u2019agenda dell\u2019inquilino dell\u2019Eliseo. E non potrebbe essere altrimenti, considerato che la Corsica sta domandando, con tutti gli strumenti giuridici del caso, di venir meno all\u2019annessione francese. L\u2019atto centrale risale al 30 novembre del 1789.<\/span><\/p>\n<p><span style=\"color: #000000;\">In questa storia, per comprendere qualcosa in pi\u00f9, bisogna tornare indietro nel tempo. La base giuridica delle tesi degli indipendentisti \u2013 come sottolineato su Libero \u2013 \u00e8 la presunta mancata ratifica dei trattati con cui i transalpini si sono aggiudicati l\u2019isola. Per far s\u00ec che il sogno secessionista abbia qualche possibilit\u00e0 concreta, dovremmo mettere in campo qualcosa di nostro. Sono i genovesi, stando a quei documenti, a essersi riservati il diritto di procedere con una sorta di contro \u2013 riscatto. Ma la questione, nel Belpaese, non \u00e8 di stretta attualit\u00e0. Marine Le Pen e il suo Rassemblement National, in Corsica, sembrano non bastare pi\u00f9 e forse non sono mai bastati.<\/span><\/p>\n<p><span style=\"color: #000000;\">Tempo fa quei territori, almeno in parte, potevano essere considerati una roccaforte lepenista. Il distacco dei corsi dalla terraferma, nel tempo, \u00e8 divenuto radicale e i partiti tradizionali hanno smesso da tempo di dettare l\u2019agenda. Gli indipendentisti non hanno mai mollato. Sembra mancare un novello Pascal Paoli, un leader unificante. Certo, c\u2019\u00e8 Jean Guy Talamoni, ma \u00e8 molto distante dalle istanze che definiremmo populiste, sovraniste e quindi nazionaliste in senso stretto. Anzi, il presidente dell\u2019Assemblea nazionale \u00e8 un\u2019aperturista in materia di gestione dei fenomeni migratori. In questa chiave di lettura, che \u00e8 tutta ideologica, possono essere operate delle analogie tra quanto sta accadendo in Corsica e quanto \u00e8 gi\u00e0 avvenuto in Catalogna.<\/span><\/p>\n<p><span style=\"color: #000000;\">Il \u201cprocesso di Matignon\u201d, comunque sia, non basta pi\u00f9. L\u2019appello non riguarda uno status giuridico speciale, ma una vera e propria liberazione da quelle che vengono percepite come barriere oppressive. La Corte di giustizia della Unione europea, con ogni probabilit\u00e0, sar\u00e0 costretta a pronunciarsi sul caso di specie.<\/span><\/p>\n<p><span style=\"color: #000000;\">Poi c\u2019\u00e8 quel rifiuto assoluto del neo \u2013 bonapartismo incarnato da Emmanuel Macron. Stando a quanto si apprende sul quotidiano citato, sembra quasi che il presidente della Repubblica francese non possa visitare quelle terre. Viene volentieri rimbalzato da quei leader indipendentisti, che non si palesano nel corso delle occasioni pubbliche.<\/span><\/p>\n<p><span style=\"color: #000000;\">I sondaggi sulle elezioni europee di maggio, per il leader de La Republique En Marche!, non sono cos\u00ec negativi. Pare che i progressisti d\u2019oltralpe possano sperare almeno di affiancare Marine Le Pen e i suoi. Non in Corsica, per\u00f2, Macron pu\u00f2 solo provare a limitare i danni: la sua presidenza ha contribuito a inasprire le richieste dei secessionisti.<\/span><\/p>\n<p><strong><span style=\"color: #000000;\">tratto da:<\/span><\/strong> <a href=\"http:\/\/www.occhidellaguerra.it\/corsica-abbandonare-francia-emmanuel-macron\/?fbclid=IwAR0hV2mqfYbc0LazkebvT48fei4shJhMUHW9xJLilfM6Sf6EWjWwcaZY5ag\"><span style=\"color: #000000;\">(clicca qui)<\/span><\/a><\/p>\n","protected":false},"excerpt":{"rendered":"<p>Emmanuel Macron si deve occupare di tenere botta in vista delle europee, ma pure degli affari interni. Non bastavano le barricate dei gilet gialli e l\u2019annunciata rivolta elettorale del ceto medio, pure le richieste dei corsi finiscono sull\u2019agenda dell\u2019inquilino dell\u2019Eliseo. E non potrebbe essere altrimenti, considerato che la Corsica sta domandando, con tutti gli strumenti [&hellip;]<\/p>\n","protected":false},"author":59,"featured_media":0,"comment_status":"closed","ping_status":"closed","sticky":false,"template":"","format":"standard","meta":[],"categories":[1],"tags":[],"_links":{"self":[{"href":"https:\/\/www.mlnsardu.org\/wordpress\/wp-json\/wp\/v2\/posts\/8621"}],"collection":[{"href":"https:\/\/www.mlnsardu.org\/wordpress\/wp-json\/wp\/v2\/posts"}],"about":[{"href":"https:\/\/www.mlnsardu.org\/wordpress\/wp-json\/wp\/v2\/types\/post"}],"author":[{"embeddable":true,"href":"https:\/\/www.mlnsardu.org\/wordpress\/wp-json\/wp\/v2\/users\/59"}],"replies":[{"embeddable":true,"href":"https:\/\/www.mlnsardu.org\/wordpress\/wp-json\/wp\/v2\/comments?post=8621"}],"version-history":[{"count":3,"href":"https:\/\/www.mlnsardu.org\/wordpress\/wp-json\/wp\/v2\/posts\/8621\/revisions"}],"predecessor-version":[{"id":8624,"href":"https:\/\/www.mlnsardu.org\/wordpress\/wp-json\/wp\/v2\/posts\/8621\/revisions\/8624"}],"wp:attachment":[{"href":"https:\/\/www.mlnsardu.org\/wordpress\/wp-json\/wp\/v2\/media?parent=8621"}],"wp:term":[{"taxonomy":"category","embeddable":true,"href":"https:\/\/www.mlnsardu.org\/wordpress\/wp-json\/wp\/v2\/categories?post=8621"},{"taxonomy":"post_tag","embeddable":true,"href":"https:\/\/www.mlnsardu.org\/wordpress\/wp-json\/wp\/v2\/tags?post=8621"}],"curies":[{"name":"wp","href":"https:\/\/api.w.org\/{rel}","templated":true}]}}