{"id":8542,"date":"2018-11-01T21:07:18","date_gmt":"2018-11-01T20:07:18","guid":{"rendered":"http:\/\/www.mlnsardu.org\/wordpress\/?p=8542"},"modified":"2018-11-01T21:07:18","modified_gmt":"2018-11-01T20:07:18","slug":"2018-11-01-jordi-fornas-prat-ragionamenti-sul-diritto-dautodeterminazione-e-il-modo-di-farlo-effettivo","status":"publish","type":"post","link":"https:\/\/www.mlnsardu.org\/wordpress\/2018-11-01-jordi-fornas-prat-ragionamenti-sul-diritto-dautodeterminazione-e-il-modo-di-farlo-effettivo\/","title":{"rendered":"2018.11.01 &#8211; JORDI FORNAS PRAT: RAGIONAMENTI SUL DIRITTO D&#8217;AUTODETERMINAZIONE E IL MODO DI FARLO EFFETTIVO"},"content":{"rendered":"<p style=\"text-align: center;\"><a href=\"http:\/\/www.mlnsardu.org\/wordpress\/wp-content\/uploads\/2018\/11\/44995389_1922826214431152_6951756695764729856_n.jpg\"><img decoding=\"async\" loading=\"lazy\" class=\"size-full wp-image-8541 aligncenter\" src=\"http:\/\/www.mlnsardu.org\/wordpress\/wp-content\/uploads\/2018\/11\/44995389_1922826214431152_6951756695764729856_n.jpg\" alt=\"44995389_1922826214431152_6951756695764729856_n\" width=\"497\" height=\"280\" srcset=\"https:\/\/www.mlnsardu.org\/wordpress\/wp-content\/uploads\/2018\/11\/44995389_1922826214431152_6951756695764729856_n.jpg 497w, https:\/\/www.mlnsardu.org\/wordpress\/wp-content\/uploads\/2018\/11\/44995389_1922826214431152_6951756695764729856_n-300x169.jpg 300w, https:\/\/www.mlnsardu.org\/wordpress\/wp-content\/uploads\/2018\/11\/44995389_1922826214431152_6951756695764729856_n-250x141.jpg 250w\" sizes=\"(max-width: 497px) 100vw, 497px\" \/><\/a><\/p>\n<p style=\"text-align: center;\">\n<p style=\"text-align: center;\">\n<p><span style=\"color: #000000;\">Saluto tutte le delegazioni presenti e ringrazio Stato Veneto per avermi invitato come rappresentante del mio partito e dell&#8217;independentismo catalano.<\/span><\/p>\n<p><span style=\"color: #000000;\"> Il mio discorso sar\u00e0 di denuncia sull&#8217;atteggiamento dei politici catalani e spero serva a capire perch\u00e9 la Catalogna, anche avendo un supporto popolare enorme, continua in\u00a0mano agli occupanti spagnoli.<\/span><br \/>\n<span style=\"color: #000000;\"> Ma incomincer\u00f2 per ragionamenti pi\u00f9 generici che possono interessare a tutti.<\/span><\/p>\n<p><span style=\"color: #000000;\"> Ci siamo radunati qui perch\u00e9 abbiamo un problema.<\/span><br \/>\n<span style=\"color: #000000;\"> Ognuno di noi ha una situazione storica diversa, ma uno stesso problema: la manca di un propio Stato che difenda i suoi interessi nazionali che comprendono la gestione delle risorse, del sistema politico e la difesa della cultura e della propria lingua.<\/span><\/p>\n<p><span style=\"color: #000000;\"> Sembra si tratti di un problema nuovo ma \u00e8 tanto antico quanto la storia della civilt\u00e0.<\/span><br \/>\n<span style=\"color: #000000;\"> Pu\u00f2 sembrare che si tratti di una questione delle societ\u00e0 di tempi recenti, il vero \u00e8 che il sentimento d&#8217;appartenenza a un ente culturale e\/o etnico \u00e8 pi\u00f9 antico che lo stesso concetto di democrazia e si sorregge sul desiderio umano di libert\u00e0.<\/span><\/p>\n<p><span style=\"color: #000000;\"> La libert\u00e0 non \u00e8 soltanto un concetto personale, \u00e8 un concetto collettivo.<\/span><br \/>\n<span style=\"color: #000000;\"> Un uomo non pu\u00f2 essere libero se il suo popolo non \u00e8 libero!<\/span><\/p>\n<p><span style=\"color: #000000;\"> Recentemente, perch\u00e8 circa 70 anni \u00e8 di recente rispetto alla storia della civilt\u00e0, il pi\u00f9 importante organismo politico mondiale, appena creato: l&#8217;Organizzazione delle Nazioni Unite, ha riconosciuto il diritto d&#8217;autodeterminazione, per cui adesso parliamo di un diritto internazionalmente riconosciuto, il diritto di ogni popolo e nazione alla propria libert\u00e0.<\/span><\/p>\n<p><span style=\"color: #000000;\"> In quel momento di dopo guerra, questo diritto si \u00e8 sviluppato per risolvere il colonialismo, principalmente dei popoli africani e dell&#8217;Asia, ma adesso altri popoli e nazioni reclamiamo le libert\u00e0 che ci sono state rubate in modo quasi sempre violento e ci assiste lo stesso diritto.<\/span><\/p>\n<p><span style=\"color: #000000;\"> Tutto quanto risulta magari scomodo per l&#8217;organizzazione mondiale, che non aveva pensato in questa deriva, ma bisogna ricordargli i suoi principi fondazionali, cio\u00e8 la salvezza della pace al mondo e il rispetto ai diritti dell&#8217;uomo, nei quali \u00e8 incluso il diritto d&#8217;autodeterminazione, per cui la salvezza di tutto quanto \u00e8 la parte pi\u00f9 importante del motivo fondazionale di questo organismo e il suo compito e obbligo.<\/span><br \/>\n<span style=\"color: #000000;\"> Perci\u00f2, a noi indipendentisti ci assiste il pi\u00f9 alto e primo diritto: il diritto alla libert\u00e0!<\/span><\/p>\n<p><span style=\"color: #000000;\"> Molti degli Stati che si oppongono alla nostra liberazione dicono farlo in nome al proprio sistema democratico, ma \u00e8 pura demagogia, sono in contraddizione.<\/span><\/p>\n<p><span style=\"color: #000000;\"> L&#8217;opposizione ai nostri progetti e intenzioni deve essere chiamato per il vero nome, per cui bisogna parlare d&#8217;imposizione, autoritarismo, totalitarismo e potremmo arrivare a chiamarlo xenofobia, razzismo e genocidio, visto che in tanti casi, si pretende far sparire le nostre culture, lingue e popoli, sia in modo non percettibile quanto in modo assolutamente dichiarato e violento.<\/span><\/p>\n<p><span style=\"color: #000000;\"> Lo dimostrano tanti prigionieri politici, esiliati o direttamente uccisi e assassinati perch\u00e8 lottavano per la libert\u00e0 della loro patria, e non sto riferendo a fatti lontani nel tempo, ma di oggi stesso.<\/span><\/p>\n<p><span style=\"color: #000000;\"> Se il mondo vuol continuare il progresso verso i pi\u00f9 nobili obbiettivi, deve diventare un mondo di pace e libert\u00e0, e non c&#8217;\u00e8 altra strada che il riconoscimento delle libert\u00e0 nazionali di tutti i popoli che abitano il pianeta.<\/span><\/p>\n<p><span style=\"color: #000000;\"> Gli Stati Nazione, li possiamo anche chiamare Stati Prigione, perch\u00e8 agiscono in modo contrario all&#8217;esposto, per cui bisogna continuare a denunciare le sue posizioni di dominio sulle nostre nazioni.<\/span><br \/>\n<span style=\"color: #000000;\"> Si tratta di Stati imperialisti, e l&#8217;imperialismo \u00e8 una malattia che il nostro mondo subisce da secoli, ma bisogna continuare ad andare avanti con la guarigione.<\/span><\/p>\n<p><span style=\"color: #000000;\"> Le colonie create artificialmente si sono gi\u00e0 liberate, adesso \u00e8 arrivato il turno delle nazioni occupate, alcune di storia millenaria e con Stati avanzati al suo tempo con antichit\u00e0 e sistema politico paragonabili, come nel caso del Principato di Catalogna e della Serenissima Repubblica Veneta.<\/span><\/p>\n<p><span style=\"color: #000000;\"> Tempo fa, essere un impero era ritenuto una cosa normale e anche di grande prestigio, ma oggi giorno nessun Stato vuol riconoscersi come impero o imperialista.<\/span><br \/>\n<span style=\"color: #000000;\"> Per\u00f2, gli imperi continuano ad esistere e non si trovano tanto lontano da dove siamo, noi stessi siamo vittime dell&#8217;imperialismo.<\/span><\/p>\n<p><span style=\"color: #000000;\"> In Europa la pi\u00f9 parte son rimasti a occidente del continente perch\u00e8, dopo la caduta dell&#8217;impero Austro-Ungarico e posteriormente dell&#8217;Unione Sovietica, le nazioni originarie dell&#8217;Europa orientale hanno potuto recuperare le proprie libert\u00e0 nazionali.<\/span><br \/>\n<span style=\"color: #000000;\"> Il corrente cont\u00ednua, e recentemente abbiamo assistito al crollo, purtroppo traumatico, di un altro Stato Nazione: la Iugoslavia.<\/span><\/p>\n<p><span style=\"color: #000000;\"> Evidentemente, e qui ce ne sono rappresentati, il problema esiste nel mondo intero, gli amacig nell&#8217;Africa del nord o i Kurdi nel medio oriente, e possiamo andare fino in Asia per vedere che quelli che si sono schierati come antiimperialisti per eccellenza, si comportano come gli imperialisti di sempre, come nel caso del Tibet.\u00a0<\/span><\/p>\n<p><span style=\"color: #000000;\"> Si tratta della solita avarizia tanto umana quanto malevola e per un mondo p\u00ec\u00f9 giusto bisogna combattere le forze del male che accumulano il potere e la forza.<\/span><\/p>\n<p><span style=\"color: #000000;\"> C&#8217;\u00e8 per\u00f2 una forza nell&#8217;uomo pi\u00f9 forte del male ed \u00e8 quella che ha fatto che la civilt\u00e0 vada avanti: \u00e8 la voglia di libert\u00e0, personale, sociale e nazionale, e qui ci siam trovati per combattere per questa libert\u00e0, la libert\u00e0 dei popoli!<\/span><\/p>\n<p><span style=\"color: #000000;\"> Dicevo che abbiamo un problema&#8230; si, ma il problema lo dobbiamo rimandare a quelli che l&#8217;hanno creato anche se tempo fa, e ne sono responsabili dal momento che ne mantengono la vigenza.<\/span><br \/>\n<span style=\"color: #000000;\"> Dal momento che ci siamo trovati qui gli stiamo gi\u00e0 rimandando il problema.\u00a0<\/span><\/p>\n<p><span style=\"color: #000000;\"> Come facciamo per arrivare alla liberazione?<\/span><br \/>\n<span style=\"color: #000000;\"> Ogni caso \u00e8 diverso e una singola soluzione non serve a tutti ma bisogna capire e insistere sui concetti per vedere di non cadere in certi errori e contraddizioni.<\/span><\/p>\n<p><span style=\"color: #000000;\"> Se il diritto alla libert\u00e0 ci assiste, non \u00e8 accettabile passare il filtro del sistema suppostamente democratico che ci impone il nostro carceriere perch\u00e9 significa accettare che imponga le regole.<\/span><br \/>\n<span style=\"color: #000000;\"> Soprattutto nel caso dove non c&#8217;\u00e8 volont\u00e0 di arrivare ad accordi democratici, che purtroppo \u00e8 nella pi\u00f9 parte dei casi.<\/span><\/p>\n<p><span style=\"color: #000000;\"> La libert\u00e0 \u00e8 un concetto che va in testa al concetto di democrazia e non \u00e8 accettabile pretendere che la democrazia possa essere impedimento alla libert\u00e0, per cui questa contraddizione basta per evidenziare la falsit\u00e0 di tale democrazia.<\/span><\/p>\n<p><span style=\"color: #000000;\"> Noi non rinunciamo alla democrazia, anzi, vogliamo che sia applicata nel modo pi\u00f9 largo e grande. Allora, la democrazia no pu\u00f2 essere usata per impedire la libert\u00e0.\u00a0<\/span><br \/>\n<span style=\"color: #000000;\"> Qualsiasi Stato dichiarato democratico, se non rispetta il diritto d&#8217;autodeterminazione, si trova in flagrante contraddizione.<\/span><br \/>\n<span style=\"color: #000000;\"> Infatti, tutti gli Stati riuniti attorno all&#8217;ONU dicono riconoscere questo diritto, ma di fronte al problema, cercano mille scuse per provare di dimostrare che non lo stanno contravvenendo, o fanno in modo a nasconderlo per non parlare del tema.<\/span><\/p>\n<p><span style=\"color: #000000;\"> Ci sono due casistiche sul diritto d&#8217;autodeterminazione: i casi coloniali e le nazioni occupate da potenze straniere.<\/span><\/p>\n<p><span style=\"color: #000000;\"> I casi coloniali si sono risolti con referendum d&#8217;autodeterminazione, normalmente promosso dalle metropoli stesse, dopo la II guerra mondiale.<\/span><br \/>\n<span style=\"color: #000000;\"> \u00c8 una via da seguire per le nazioni e popoli colonizzati se c&#8217;\u00e8 accordo tra le due parti.<\/span><br \/>\n<span style=\"color: #000000;\"> Ma se non c&#8217;\u00e8, \u00e8 assolutamente valida la dichiarazione unilaterale d&#8217;indipendenza (la DUI) fatta dai rappresentanti del popolo.<\/span><\/p>\n<p><span style=\"color: #000000;\"> Questo \u00e8 stato riconosciuto recentemente nel caso del Kosovo, quando il Tribunale Internazionale di giustizia dell&#8217;ONU ha dichiarato la validit\u00e0 della DUI fatta dal Governo provvisorio, con l&#8217;argomento che le dichiarazioni d&#8217;indipendenza non sono contrarie al diritto internazionale.<\/span><\/p>\n<p><span style=\"color: #000000;\"> Il tribunale dell&#8217;Haya ha ragionato:<\/span><br \/>\n<span style=\"color: #000000;\"> \u201cDichiariamo che non esiste nel diritto internazionale nessuna normativa che divieti le dichiarazioni unilaterali d&#8217;indipendenza.<\/span><br \/>\n<span style=\"color: #000000;\"> Dichiariamo che quando esista contraddizione tra la legalit\u00e0 costituzionale di uno Stato e la volont\u00e0 democratica, prevale la seconda e dichiariamo che in una societ\u00e0 democratica, al contrario che in una dittatura, non \u00e8 la legge che determina la volont\u00e0 dei cittadini, ma \u00e8 la volont\u00e0 di questi che crea e modifica la legalit\u00e0\u201d.\u00a0<\/span><br \/>\n<span style=\"color: #000000;\"> Seguendo questo ragionamento si arriva alla conclusione che lo Stato spagnolo \u00e8 una dittatura.\u00a0<\/span><\/p>\n<p><span style=\"color: #000000;\"> L&#8217;ONU riconosce l&#8217;integrit\u00e0 territoriale degli Stati, ma in riferimento all&#8217;agressione di un altro Stato.<\/span><br \/>\n<span style=\"color: #000000;\"> Il Kosove non era stato anteriormente uno Stato indipendente, ma una provincia della Serbia, anche considerato storicamente la culla di questa nazione.<\/span><br \/>\n<span style=\"color: #000000;\"> Allora questo caso serve di precedente ai popoli in una situazione simile.<\/span><\/p>\n<p><span style=\"color: #000000;\"> Per\u00f2, e per quanto riguarda il Veneto e la Catalogna (e altri) il caso \u00e8 ancora pi\u00f9 chiaro, basta riferire all&#8217;altro concetto contemplato e protetto dall&#8217;ONU: l&#8217;inviolabilit\u00e0 dell&#8217;integrit\u00e0 territoriale degli Stati e, tanto il Veneto quanto la Catalogna sono stati Stati durante secoli e anche tanti secoli prima dell&#8217;esistenza degli Stati che ci hanno preso la libert\u00e0 violentando la nostra integrit\u00e0 territoriale.<\/span><\/p>\n<p><span style=\"color: #000000;\"> Questi Stati Prigione sono in assoluta contraddizione juridica per cui sono invalidi di diritto.<\/span><br \/>\n<span style=\"color: #000000;\"> Ma come facciamo a rovesciarli?<\/span><br \/>\n<span style=\"color: #000000;\"> Nell&#8217;attuale Europa sono i pi\u00f9 grandi Stati quelli che si trovano in questa situazione di contraddizione e per l&#8217;uso della forza mantengono il suo dominio su di noi e sui nostri confini.<\/span><\/p>\n<p><span style=\"color: #000000;\"> Allora bisogna denunciare questa invalidit\u00e0 e far sapere ai nostri compatrioti qual&#8217;\u00e8 la situazione.<\/span><br \/>\n<span style=\"color: #000000;\"> Gli altri cittadini europei, una gran parte dei quali non sono cittadini di Stati Nazione ma di Nazioni con Stato, devono capire qual&#8217;\u00e8 la situazione reale e la giustizia delle nostre posizioni.<\/span><\/p>\n<p><span style=\"color: #000000;\"> Il mondo \u00e8 grande e allacciato, bisogna trovare le complicit\u00e0 e gli alleati per avere la forza necessaria per vincere.<\/span><br \/>\n<span style=\"color: #000000;\"> La forza del popolo, consapevole della situazione e avido di libert\u00e0 \u00e8 la base di questa lotta, ma senza i dirigenti all&#8217;altezza che ci vuole non c&#8217;\u00e8 niente da fare.<\/span><\/p>\n<p><span style=\"color: #000000;\"> Si \u00e8 dimostrato da quel che \u00e8 successo recentemente in Catalogna.<\/span><br \/>\n<span style=\"color: #000000;\"> I politici autonomisti, si sono dichiarati indipendentisti dal momento che hanno visto pi\u00f9 d&#8217;un milione di persone scendendo la strada a Barcellona al grido d&#8217; indipendenza l&#8217;11 settembre del 2012, giorno della festa nazionale catalana.<\/span><\/p>\n<p><span style=\"color: #000000;\"> In quel momento, il Presidente Mas stava cercando di accordare un miglioramento del sistema di finanziamento autonomico, ma il popolo era andato oltre alle sue intenzioni, dopo che lo Stato avesse amputato via Tribunale Costituzionale il nuovo Statuto d&#8217;autonomia gi\u00e0 votato in referendum dopo un lunghissimo dibattito.<\/span><br \/>\n<span style=\"color: #000000;\"> I politici vogliono sempre avere il popolo dietro di loro per farlo passare dove gli conviene e, visto quel che succedeva, Mas ha incominciato a parlare del \u201cdiritto a decidere\u201d, invece di usare il temine di indipendenza, per vedere di gestire la valanga indipendentista che si era formata e portarla a posizioni pi\u00f9 moderate.<\/span><\/p>\n<p><span style=\"color: #000000;\"> Ha convocato alle urne per eleggere un nuovo Parlamento che fosse legittimato per proporre una \u201cconsultazione\u201d non vincolante, concertata con lo Stato, e fare i conti del supporto all&#8217;indipendenza.<\/span><br \/>\n<span style=\"color: #000000;\"> Le forze adesso chiamate independentiste hanno vinto.<\/span><br \/>\n<span style=\"color: #000000;\"> Nessuna novit\u00e0 in questo campo, perch\u00e8 i partiti chiamati catalanisti o nazionalisti, in versione autonomista, sono stati i vincitori di tutti i comizi dagli anni 80 in qua.<\/span><\/p>\n<p><span style=\"color: #000000;\"> La famosa \u201cconsultazione\u201d per\u00f2, dopo molti dubbi, \u00e8 stata convocata per due anni dopo, cio\u00e8 per il 9 novembre del 2014.<\/span><\/p>\n<p><span style=\"color: #000000;\"> Mas, finalmente, in vista che lo Stato non ne voleva sapere di permettere nessun referendum, anche fosse in formula di consultazione non vincolante, ha deciso far marcia indietro e ha lasciato in mano al popolo, organizzato nell&#8217;ANC (Assemblea Nazionale Catalana) l&#8217;organizzazione dell&#8217;adesso denominato: \u201cprocesso consultivo\u201d.<\/span><\/p>\n<p><span style=\"color: #000000;\"> I voti hanno dato pi\u00f9 dell&#8217;80% al Si all&#8217;indipendenza, ma Mas non ha considerato abbastanza valido il risultato, con il pretesto che i contrari all&#8217;indipendenza non erano andati a votare e la partecipazione era restata troppo bassa; ma signori, chi non vuole votare non \u00e8 obbligato a farlo e questo non pu\u00f2 invalidare il risultato.<\/span><br \/>\n<span style=\"color: #000000;\"> Inoltre, in un refer\u00e8ndum d&#8217;autodeterminazione sono solo chiamati al voto i naturali del paese, mentre in questo caso era aperto a tutti i censiti.<\/span><br \/>\n<span style=\"color: #000000;\"> Poco dopo, il Brexit ha vinto con una partecipazione simile e un risultato molto stretto, e nessuno l&#8217;ha messo in questione.<\/span><br \/>\n<span style=\"color: #000000;\"> Dunque, Mas ha chiamato di nuovo alle urne per eleggere un nuovo Parlamento autonomico con il compromesso che i comizi fossero ritenuti un plebiscito per il Si o per il No, dopo di cui si dichiarerebbe l&#8217;indipendenza nei seguenti 18 mesi.<\/span><\/p>\n<p><span style=\"color: #000000;\"> Gli indipendentisti (JpS, ERC e CUP) hanno avuto la maggioranza assoluta in seggi e, per quanto riguarda i voti del plebiscito, 55% favorevole (con una partecipazione superiore all&#8217;80%).<\/span><br \/>\n<span style=\"color: #000000;\"> Per\u00f2, la stessa notte elettorale, \u00e8 apparso il capo lista delle CUP (sinistra radicale indipendentista) dicendo che non bastava perch\u00e8 non si era arrivati a superare il 50% dei voti emessi.<\/span><br \/>\n<span style=\"color: #000000;\"> Il resto di forze politiche sono restate zitte, dando cos\u00ed l&#8217;ok al discorso della CUP.<\/span><\/p>\n<p><span style=\"color: #000000;\"> Ma vediamo, non si trattava di un plebiscito?<\/span><br \/>\n<span style=\"color: #000000;\"> In un plebiscito i voti in bianco non contano, e tra le candidature votate ce n&#8217;erano parecchie che non si erano manifestate ne per il Si ne per il No, dunque non erano da aggiungere al NO perch\u00e8 in un referendum sarebbero stato l&#8217;equivalente al voto bianco.<\/span><br \/>\n<span style=\"color: #000000;\"> La CUP ha chiesto la testa di Mas, perch\u00e8 era il capo della \u201cdestra borghese\u201d.<\/span><br \/>\n<span style=\"color: #000000;\"> Cos\u00ed i suoi votanti si sono intrattenuti in questo fatto e non ci sono state domande su come si erano fatti i conti.<\/span><br \/>\n<span style=\"color: #000000;\"> Essendo i suoi voti necessari per eleggere il Presidente hanno fatto impossibile la sua rielezione, per cui Mas ha proposto Puigdemont al posto suo per evitare la ripetizione dei comizi.<\/span><\/p>\n<p><span style=\"color: #000000;\"> L&#8217;anno seguente, e siamo gi\u00e0 al 2015, le stesse CUP, dimenticato il compromesso dell&#8217;indipendenza in 18 mesi, hanno proposto un referendum d&#8217;autodeterminazione che si \u00e8 aggiornato fino al 2017 dopo il quale si dichiarebbe l&#8217;indipendenza in 48 hore se vinceva il Si.<\/span><\/p>\n<p><span style=\"color: #000000;\"> Arriviamo cos\u00ed all&#8217;1 ottobre dell&#8217;anno scorso e, come ha visto il mondo intero, i catalani sono andati a votare sfidando la polizia spagnola, anche la propia polizia catalana, che hanno ricevuto l&#8217;ordine di impedire votare.<\/span><\/p>\n<p><span style=\"color: #000000;\"> Il popolo si \u00e8 comportato con un coraggio anche sorpresivo, per difendere i seggi e il diritto al voto.<\/span><br \/>\n<span style=\"color: #000000;\"> Bisogna sapere che le urne sono arrivate ai seggi di nascosto e la polizia dopo mesi di indagini e ricerca \u00e8 solo riuscita a scoprirne una e per caso.<\/span><\/p>\n<p><span style=\"color: #000000;\"> Il giorno del referendum circa 700 urne sono state sequestrate dalla polizia entrando nei seggi elettorali e portandole via con i voti dentro.<\/span><br \/>\n<span style=\"color: #000000;\"> Circa 1.000 elettori sono stati feriti dalle forze dell&#8217;ordine, o meglio le chiamiamo del disordine, mentre facevano resistenza pacifica.<\/span><\/p>\n<p><span style=\"color: #000000;\"> Comunque, il Si ha vinto superando il 90% e la partecipazione si \u00e8 stimata superiore al 50%<\/span><br \/>\n<span style=\"color: #000000;\"> Si aspettava dunque la DUI nelle 48 hore seguenti.<\/span><\/p>\n<p><span style=\"color: #000000;\"> Me stesso, avevo dichiarato nella concentrazione del precedente 11 settembre, fatta per seconda volta a parte di quella ufficiale dell&#8217;ANC (prossima ai ragionamenti del Governo) che se non fosse stata fatta la DUI nel detto termine, la gente della UPDIC saremmo andati in piazza del Governo a reclamarla, e il 4 ottobre abbiamo compiuto il promesso.<\/span><br \/>\n<span style=\"color: #000000;\"> Puigdemont ha continuato a allungare i tempi, con il pretesto che erano ancora da contare i voti provenienti dall&#8217;estero, come se questi potessero cambiare il risultato di una percentuale del 90%.<\/span><\/p>\n<p><span style=\"color: #000000;\"> Finalmente, il 10 ottobre e davanti ai media di pi\u00f9 di mezzo mondo ha fatto un passo avanti e due indietro e ha rimandato la DUI a supposte negoziazioni con lo Stato.<\/span><br \/>\n<span style=\"color: #000000;\"> Il 27 ottobre si \u00e8 riunito il Parlamento e la signora Presidente Forcadell ha letto una dichiarazione d&#8217;indipendenza ma, senza che fosse capito dalla gente e con la complicit\u00e0 dei partiti, al posto della dichiarazione, ha messo al voto una istanza che chiedeva al Governo di applicare i risultati dell&#8217;1 ottobre.<\/span><br \/>\n<span style=\"color: #000000;\"> In seguito, si son fatta la foto nelle scale del Parlamento, hanno accettato la destituzione proveniente dallo Stato, che ha sospeso in modo immediato l&#8217;autonomia applicando l&#8217;articolo 155 della Costituzione spagnola, e se ne sono andati a casa.<\/span><\/p>\n<p><span style=\"color: #000000;\"> Neanche la pi\u00f9 minima resistenza, hanno lasciato il popolo in mezzo alla strada, senza saper cosa fare, ne cosa era accaduto.<\/span><br \/>\n<span style=\"color: #000000;\"> Molti eravamo in piazza del Governo a chiedere fosse ritirata la bandiera spagnola dal palazzo, ma questa non si \u00e8 mossa e non si \u00e8 visto nessuno.<\/span><br \/>\n<span style=\"color: #000000;\"> L&#8217;indomani, Puigdemont \u00e8 apparso in TV con un discorso poco chiaro e in differita.<\/span><br \/>\n<span style=\"color: #000000;\"> Infatti, era gi\u00e0 fuggito all&#8217;estero nascosto nella valigia di una macchina.<\/span><\/p>\n<p><span style=\"color: #000000;\"> Qualche giorno dopo, gli altri ministri del Governo, con Junqueras (il Presidente di ERC), si sono presentati davanti ai judici spagnoli a Madrid e sono stati incarcerati.<\/span><br \/>\n<span style=\"color: #000000;\"> Magari hanno pensato che sarebbe stato per pochi giorni, intanto si chiariva che non avevano incompiuto nessuna legge, ma pochi giorni dopo anche la Presidenta del Parlamento e stata messa in prigione preventiva.<\/span><br \/>\n<span style=\"color: #000000;\"> Come sapete, ci sono ancora.<\/span><\/p>\n<p><span style=\"color: #000000;\"> Oggi siamo ad un anno di distanza del 27 ottobre, il giorno in cui i rappresentanti eletti del popolo catalano si sono arresi senza neanche provare di combattere l&#8217;occupante.<\/span><br \/>\n<span style=\"color: #000000;\"> Una gionata che passer\u00e0 ai libri di storia della Catalogna con disonore per quanto riguarda i suoi rappresentanti, mentre quella dell&#8217;1 ottobre far\u00e0 onore al popolo che ha difeso i seggi e le urne davanti alle forze poliziali.<\/span><\/p>\n<p><span style=\"color: #000000;\"> Anche se per il momento una gran parte dei catalani e del mondo in generale, non si \u00e8 ancora accorta della dimensione dell&#8217;inganno, la storia sempre finisce per piazzare ognuno al suo posto.<\/span><\/p>\n<p><span style=\"color: #000000;\"> Adesso questi politici sono in prigione o fuggiti all&#8217;estero, si dichiarano innocenti e reclamano democrazia e giustizia allo Stato occupante.<\/span><br \/>\n<span style=\"color: #000000;\"> Ancora una volta dimostrano la propia codardia e incompetenza.<\/span><br \/>\n<span style=\"color: #000000;\"> Non hanno capito nulla, o sono dei bugiardi, o sono degli incapaci.<\/span><\/p>\n<p><span style=\"color: #000000;\"> \u00c8 vero che sono in prigione ingiustamente perch\u00e9 non hanno fatto niente contro lo Stato, ma propio per questo hanno tradito le libert\u00e1 nazionali della Catalogna e il popolo catalano, che si \u00e8 fatto bastonare per niente, e hanno rovinato le possibilit\u00e0 di raggiungere l&#8217;indipendenza, almeno a corto termine.\u00a0<\/span><br \/>\n<span style=\"color: #000000;\"> Ingannare il popolo \u00e8 sempre tanto grave, ma quando si tratta delle libert\u00e0 nazionali dobbiamo parlare di alto tradimento.<\/span><\/p>\n<p><span style=\"color: #000000;\"> Adesso, gli attuali rappresentanti, che continuano a farsi chiamare independentisti, anche se preferiscono il meno compromesso di \u201csovranisti\u201d, sono diventati pi\u00f9 docili che mai.<\/span><br \/>\n<span style=\"color: #000000;\"> Si sono presentati alle elezioni convocate irregolarmente dallo Stato il 21 dicembre e si contentano di recuperare i pezzi del sistema autonomico mentre, con il controllo dei mass media, continuando ad ingannare il popolo con le lacrime di prigionieri e esiliati, reclamando democrazia e appendendo nastri gialli.<\/span><\/p>\n<p><span style=\"color: #000000;\"> Siccome vedono che una gran parte della gente non si \u00e8 accorta dell&#8217;inganno della DUI \u201cfake\u201d del 27 ottobre e pensano di essere una repubblica \u201cquasi dichiarata\u201d vendono la parola d&#8217;ordine \u201cfare repubblica\u201d che serve a far finta di avvanzare verso l&#8217;indipendenza mentre si cerca di ricomporre l&#8217;autonomia.<\/span><br \/>\n<span style=\"color: #000000;\"> Per il momento ci riescono, ma incomincia a venir fuori chi si fa certe domande su cosa \u00e8 successo dal 2012 in qua e soprattutto l&#8217;ottobre di un anno fa.<\/span><\/p>\n<p><span style=\"color: #000000;\"> Tutto \u00e8 una grande confusione provocata dal fatto che questi politici autonomisti travestiti non hanno mai parlato chiaramente ne ai catalani ne al resto dei paesi del dintorno e pi\u00f9 in la.<\/span><br \/>\n<span style=\"color: #000000;\"> Per esempio, mai hanno voluto saperne dei veneti o di altre nazioni in simile processo.<\/span><br \/>\n<span style=\"color: #000000;\"> Al contrario, trattano dispettivamente veneti e flaminghi, mentre ignorano gli altri.<\/span><br \/>\n<span style=\"color: #000000;\"> Loro sono i buoni e bravi democratici, gli altri sono dilettanti, xenofobi e in genere gente di estrema destra.<\/span><br \/>\n<span style=\"color: #000000;\"> Praticano una superiorit\u00e0 morale e un vittimismo dietro i quali nascondono le sue codardie e menzogne.<\/span><br \/>\n<span style=\"color: #000000;\"> Il loro solo scopo \u00e8 stato sempre quello di assicurare i propi privilegi, essendo ben pagati dallo Stato occupante e dai favori ottenuti attraverso la politica.<\/span><\/p>\n<p><span style=\"color: #000000;\"> Mai parlano d&#8217;occupazione, solo di residuo fiscale.<\/span><br \/>\n<span style=\"color: #000000;\"> Sempre provando di democratizzare lo Stato occupante per trovare il modo di accomodarsi nel sistema.<\/span><\/p>\n<p><span style=\"color: #000000;\"> La Spagna per\u00f2, non \u00e8 mai stata interessata alla democrazia, soltanto un po&#8217; di trucco per continuare a comportarsi come l&#8217;Impero, adesso chiamato Stato Nazione perch\u00e8 l&#8217;imperialismo non \u00e8 pi\u00f9 accettabile, ma l&#8217;essenza autorit\u00e0ria di estrema prepotenza e corrozione cronica \u00e8 sempre l\u00e0 ed ha un lungo rodaggio di secoli.<\/span><\/p>\n<p><span style=\"color: #000000;\"> Ci sar\u00e0 chi dopo questo discorso penser\u00e0 che st\u00f2 a criticare di pi\u00f9 i miei che gli altri ed ha ragione.<\/span><br \/>\n<span style=\"color: #000000;\"> Ma gli altri li ho definiti in due righe prima e pi\u00f9 concretamente adesso, i colpevoli che siamo allo stesso punto sono i nostri rappresentanti, perch\u00e8 gli spagnoli hanno fatto quel che si aspettava di loro e ancor di pi\u00f9.<\/span><br \/>\n<span style=\"color: #000000;\"> Sono gente violenta abituata a imporre la sua forza e che non negozia mai, vince o perde, e anche se del solito perde&#8230; continua come al solito.<\/span><\/p>\n<p><span style=\"color: #000000;\"> I nostri rappresentanti sono gente mentalmente debole e mediocre, sono autonomisti e non sanno che l&#8217;indipendenza non si negozia, si dichiara e si difende!<\/span><\/p>\n<p><span style=\"color: #000000;\"> Dal mio punto di vista, e del partito che rappresento, il discorso independentista deve essere: recuperiamo il nostro Stato, recuperiamo l&#8217;indipendenza del Principato di Catalogna, cacciamo fuori l&#8217;occupante, col nemico si negozia dopo vincerlo.<\/span><\/p>\n<p><span style=\"color: #000000;\"> Quiedo scusa, perch\u00e8 forse a questo punto sono arrivato a discorsi che piuttosto possono interessare di pi\u00f9 il popolo catalano che i presenti qui riuniti.<\/span><\/p>\n<p><span style=\"color: #000000;\"> Ma, cosa voglio dimostrare con questo riassunto dell&#8217;accaduto in Catalogna?<\/span><br \/>\n<span style=\"color: #000000;\"> Primo, una dichiarazione d&#8217;indipendenza non si f\u00e0 annunciando il giorno e l&#8217;hora.<\/span><br \/>\n<span style=\"color: #000000;\"> Secondo, per fare una DUI non ci vuole un referendum d&#8217;autodeterminazione, ci vuole determinazione!<\/span><\/p>\n<p><span style=\"color: #000000;\"> I referendum si fanno quando c&#8217;\u00e8 accordo tra le parti, per cui tutti questi anni sono stato tempo sprecato che ha permesso al nemico di organizzarsi.<\/span><br \/>\n<span style=\"color: #000000;\"> Se non c&#8217;\u00e8 accordo resta solo la DUI ancora pi\u00f9 legittima per la mancanza di accordo.<\/span><\/p>\n<p><span style=\"color: #000000;\"> Le dichiarazioni sono importanti, ma sono parole, bisogna agire, e in questo caso l&#8217;azzione passa per prendere il controllo del territorio, cio\u00e8 prendere il controllo delle strutture dello Stato sul territorio, per fare effettivo che da questo momento lo Stato non \u00e8 pi\u00f9 l&#8217;occupante ma quello legittimo sovrano del territorio liberato.\u00a0<\/span><\/p>\n<p><span style=\"color: #000000;\"> Ci sar\u00e0 chi pensi che per farlo bisogna avere un esercito&#8230; o gente in armi.<\/span><br \/>\n<span style=\"color: #000000;\"> Non \u00e8 cos\u00ed, gente organizzata e decisa pu\u00f2 prendere di sorpresa l&#8217;occupante.<\/span><br \/>\n<span style=\"color: #000000;\"> Al momento della DUI ci sar\u00e0 altra gente pronta a uscire in strada in forma massiva, che dimostrer\u00e0 la maggioranza sociale dell&#8217;atto e aiuter\u00e0 a bloccare i rappresentanti dell&#8217;occupante e anche le vie di confine, evidentemente in modo pacifico.<\/span><\/p>\n<p><span style=\"color: #000000;\"> Quando si parla di questa strategia, da noi viene fuori subito chi dice che la Spagna ci mander\u00e0 il suo esercito&#8230;<\/span><br \/>\n<span style=\"color: #000000;\"> Non penso sia possibile, la Spagna appartiene all&#8217;UE, alla NATO e all&#8217;ONU per cui tenagliata dai compromessi presi con queste organizzazioni che non contemplano questa possibilit\u00e0.<\/span><\/p>\n<p><span style=\"color: #000000;\"> Una aggressione militare, sarebbe un atto di guerra, perch\u00e8 una volta dichiarata l&#8217;indipendenza si tratta di due Stati, e non sarebbe accettato dalla pi\u00f9 parte di nazioni del mondo.<\/span><br \/>\n<span style=\"color: #000000;\"> Finir\u00e0 in poche ore o l&#8217;agressore diventer\u00e0 uno Stato isolato dalla comunit\u00e0 internazionale.<\/span><br \/>\n<span style=\"color: #000000;\"> In ogni caso, il popolo che non \u00e8 disposto a rischiare niente ha l&#8217;unica possibilit\u00e0 di restare eschiavo.<\/span><\/p>\n<p><span style=\"color: #000000;\"> Sia nel primo supposito, o nell&#8217;altro, il conflitto diviene totale, ed \u00e8 in questo momento che la comunit\u00e0 internazionale si muove, si posiziona e incomincia a riconoscere lo Stato appena dichiarato.<\/span><br \/>\n<span style=\"color: #000000;\"> Finalmente la politica internazionale funziona coi fatti consumati, e una volta si producono, l&#8217;appoggio o il rifiuto verr\u00e0 dagli interessi geostrategici, commerciali o empatici ed \u00e8 in questo momento che i contatti che si siano fatti previamente si fanno visibili e effettivi.<\/span><\/p>\n<p><span style=\"color: #000000;\"> Spero che quanto ho spiegato serva ai rappresentanti qui presenti delle altre nazioni occupate da potenze straniere.<\/span><br \/>\n<span style=\"color: #000000;\"> Visto che oggi giorno tanti guardano verso la Catalogna pensando sia il modello a seguire, resti chiaro che si sono fatti tanti errori, soprattutto da parte degli eletti ed \u00e8 evidente, perch\u00e8 se non fosse stato cos\u00ed saremmo gi\u00e0 diventati uno Stato indipendente anche molto prima di questo 2017.<\/span><\/p>\n<p><span style=\"color: #000000;\"> Penso che l&#8217;iniziativa di Stato Veneto di radunarci qui a Verona pu\u00f2 e deve essere un passo nella direzione giusta e ci sia un prima e dopo di questo ottobre del 2018.<\/span><\/p>\n<p><span style=\"color: #000000;\"> Bisogna mettere il mondo in faccia alle propie contradizioni reclamando gli accordi internazionali nel tema dell&#8217;autodeterminazione dei popoli come stabiliti dall&#8217;ONU stessa, in tanto che primo organismo internazionale mondiale.<\/span><\/p>\n<p><span style=\"color: #000000;\"> Bisogna creare l&#8217;internazionale independentista dove si radunino le organizzazioni di tutte le nazioni e popoli oppressi del mondo, e purtroppo e per sfortuna non siamo in pochi.<\/span><\/p>\n<p><span style=\"color: #000000;\"> Bisogna far evidente e generale la nostra causa e appoggiarci gli uni agli altri per raggiungere gli obbiettivi di liberazione nazionale, perch\u00e8 nessun altro risolver\u00e0 il problema al posto nostro.<\/span><\/p>\n<p><span style=\"color: #000000;\"> Bisogna che le nazioni recentemente liberate sorreggano la lotta di quelle che non siamo ancora riuscite, ma non ne possiamo aspettare niente se non dimostriamo di essere decisi.<\/span><\/p>\n<p><span style=\"color: #000000;\"> Bisogna far capire alle nazioni con Stato che si devono compromettere con un mondo di nazioni libere, perch\u00e8 gli risulter\u00e0 positivo far avanzare la libert\u00e0 al mondo.<\/span><\/p>\n<p><span style=\"color: #000000;\"> Il mondo non sar\u00e0 il pianeta di pace e dignit\u00e0 che tutti desideriamo se tutte le nazioni e popoli che lo compongono non sono liberi.<\/span><\/p>\n<p><span style=\"color: #000000;\"> L&#8217;uomo non \u00e8 libero se il suo popolo non \u00e8 libero!<\/span><\/p>\n<p><span style=\"color: #000000;\"> Il mondo non sar\u00e0 libero se i suoi popoli non sono liberi!<\/span><\/p>\n<p><span style=\"color: #000000;\"> Jordi Fornas<\/span><br \/>\n<span style=\"color: #000000;\"> Presidente UPDIC<\/span><\/p>\n<p><span style=\"color: #000000;\"> Catalogna, ottobre del 2018<\/span><\/p>\n","protected":false},"excerpt":{"rendered":"<p>Saluto tutte le delegazioni presenti e ringrazio Stato Veneto per avermi invitato come rappresentante del mio partito e dell&#8217;independentismo catalano. Il mio discorso sar\u00e0 di denuncia sull&#8217;atteggiamento dei politici catalani e spero serva a capire perch\u00e9 la Catalogna, anche avendo un supporto popolare enorme, continua in\u00a0mano agli occupanti spagnoli. Ma incomincer\u00f2 per ragionamenti pi\u00f9 generici [&hellip;]<\/p>\n","protected":false},"author":59,"featured_media":0,"comment_status":"closed","ping_status":"closed","sticky":false,"template":"","format":"standard","meta":[],"categories":[1],"tags":[],"_links":{"self":[{"href":"https:\/\/www.mlnsardu.org\/wordpress\/wp-json\/wp\/v2\/posts\/8542"}],"collection":[{"href":"https:\/\/www.mlnsardu.org\/wordpress\/wp-json\/wp\/v2\/posts"}],"about":[{"href":"https:\/\/www.mlnsardu.org\/wordpress\/wp-json\/wp\/v2\/types\/post"}],"author":[{"embeddable":true,"href":"https:\/\/www.mlnsardu.org\/wordpress\/wp-json\/wp\/v2\/users\/59"}],"replies":[{"embeddable":true,"href":"https:\/\/www.mlnsardu.org\/wordpress\/wp-json\/wp\/v2\/comments?post=8542"}],"version-history":[{"count":1,"href":"https:\/\/www.mlnsardu.org\/wordpress\/wp-json\/wp\/v2\/posts\/8542\/revisions"}],"predecessor-version":[{"id":8543,"href":"https:\/\/www.mlnsardu.org\/wordpress\/wp-json\/wp\/v2\/posts\/8542\/revisions\/8543"}],"wp:attachment":[{"href":"https:\/\/www.mlnsardu.org\/wordpress\/wp-json\/wp\/v2\/media?parent=8542"}],"wp:term":[{"taxonomy":"category","embeddable":true,"href":"https:\/\/www.mlnsardu.org\/wordpress\/wp-json\/wp\/v2\/categories?post=8542"},{"taxonomy":"post_tag","embeddable":true,"href":"https:\/\/www.mlnsardu.org\/wordpress\/wp-json\/wp\/v2\/tags?post=8542"}],"curies":[{"name":"wp","href":"https:\/\/api.w.org\/{rel}","templated":true}]}}