{"id":8499,"date":"2018-09-20T10:36:57","date_gmt":"2018-09-20T08:36:57","guid":{"rendered":"http:\/\/www.mlnsardu.org\/wordpress\/?p=8499"},"modified":"2018-09-20T10:36:57","modified_gmt":"2018-09-20T08:36:57","slug":"2018-09-20-la-francia-rischia-di-perdere-la-corsica-in-base-al-trattato-di-versailles-del-1768","status":"publish","type":"post","link":"https:\/\/www.mlnsardu.org\/wordpress\/2018-09-20-la-francia-rischia-di-perdere-la-corsica-in-base-al-trattato-di-versailles-del-1768\/","title":{"rendered":"2018.09.20 &#8211; La Francia rischia di perdere la Corsica in base al Trattato di Versailles del 1768?"},"content":{"rendered":"<p><a href=\"http:\/\/www.mlnsardu.org\/wordpress\/wp-content\/uploads\/2018\/09\/Corsica_copy.jpg\"><img decoding=\"async\" loading=\"lazy\" class=\"alignleft  wp-image-8496\" src=\"http:\/\/www.mlnsardu.org\/wordpress\/wp-content\/uploads\/2018\/09\/Corsica_copy.jpg\" alt=\"Corsica_copy\" width=\"417\" height=\"233\" srcset=\"https:\/\/www.mlnsardu.org\/wordpress\/wp-content\/uploads\/2018\/09\/Corsica_copy-300x169.jpg 300w, https:\/\/www.mlnsardu.org\/wordpress\/wp-content\/uploads\/2018\/09\/Corsica_copy-250x141.jpg 250w\" sizes=\"(max-width: 417px) 100vw, 417px\" \/><\/a><\/p>\n<p>&nbsp;<\/p>\n<p>&nbsp;<\/p>\n<p>&nbsp;<\/p>\n<p>&nbsp;<\/p>\n<p>&nbsp;<\/p>\n<p>&nbsp;<\/p>\n<p>&nbsp;<\/p>\n<p>&nbsp;<\/p>\n<p style=\"text-align: justify; background: white; margin: 0cm 0cm 7.5pt 0cm;\"><span style=\"font-size: 10pt; font-family: Verdana, sans-serif; color: #000000;\">(ASI) Corsica \u2013 La Corsica pu\u00f2 rendersi legittimamente indipendente dalla Francia secondo il diritto internazionale? Sembrerebbe di s\u00ec, almeno secondo una interpretazione data dai nazionalisti corsi al Trattato di Versailles del 1768 di cessione dell&#8217;isola alla Francia da parte della Serenisisma Repubblica di Genova che non sarebbe mai stato registrato all&#8217;Onu, come anche quello del 24 marzo 1860 del passaggio di Nizza e della Savoia alla Francia.<\/span><\/p>\n<p style=\"text-align: justify; background: white; margin: 0cm 0cm 7.5pt 0cm;\"><span style=\"font-size: 10pt; font-family: Verdana, sans-serif; color: #000000;\">\u00a0La questione impazza sui social. A tal proposito, si legge che secondo l&#8217;interpretazione data al concetto di \u201csovranit\u00e0\u201d francese sull&#8217;isola negli articoli 3 e 4 del Trattato di Versailles del 1768, essa sarebbe equivalente non al concetto di \u201cpropriet\u00e0\u201d, ma, bens\u00ec di \u201cpossesso\u201d nel diritto civile.<\/span><\/p>\n<p style=\"text-align: justify; background: white; margin: 0cm 0cm 7.5pt 0cm;\"><span style=\"font-size: 10pt; font-family: Verdana, sans-serif; color: #000000;\">\u00a0Dunque, la sovranit\u00e0 sulla Corsica acquisita dalla Francia col Trattato di Versailles del 1768, non equivarrebbe alla propriet\u00e0 dell&#8217;isola, poich\u00e9 la stessa Serenissima Repubblica di Genova che ha ceduto per i debiti contratti la Corsica alla Francia, avrebbe goduto solo del possesso temporaneo della Corsica, perch\u00e9 formalmente la propriet\u00e0 dell&#8217;isola sarebbe rimasta \u201cde iure\u201d allo Stato Pontificio.<\/span><\/p>\n<p style=\"text-align: justify; background: white; margin: 0cm 0cm 7.5pt 0cm;\"><span style=\"font-size: 10pt; font-family: Verdana, sans-serif; color: #000000;\">\u00a0Tra l&#8217;altro, con l&#8217;art. 4, del Trattato di Versailles, la Serenissima Repubblica di Genova si sarebbe riservata il diritto di rientrare in possesso dell&#8217;isola non appena fosse stata in grado di pagare i debiti alla Francia.<\/span><\/p>\n<p style=\"text-align: justify; background: white; margin: 0cm 0cm 7.5pt 0cm;\"><span style=\"font-size: 10pt; font-family: Verdana, sans-serif; color: #000000;\">\u00a0Quindi, non avendo la \u201cpropriet\u00e0\u201d dell&#8217;isola, ma solo il \u201cpossesso\u201d temporaneo della Corsica, la Francia, non ha mai potuto registrare all&#8217;Onu il Trattato di Versailles del 1768.<\/span><\/p>\n<p style=\"text-align: justify; background: white; margin: 0cm 0cm 7.5pt 0cm;\"><span style=\"font-size: 10pt; font-family: Verdana, sans-serif; color: #000000;\">\u00a0Stessa situazione varrebbe in linea teorica per il territorio di Nizza e per la regione della Savoia che sono stati ceduti dal Regno di Sardegna alla Francia dopo la Seconda Guerra d&#8217;Indipendenza, ma in questo caso, si sono tenuti dei plebisciti di annessione, cosa che non \u00e8 nemmeno avvenuta invece in Corsica., dove l&#8217;art 4 del Trattato di Versailles del 1768 ha lasciato la sovranit\u00e0 formale sulla Corsica alla Repubblica di Genova e la \u201cpropriet\u00e0\u201d dell&#8217;isola allo Stato Pontificio, soppresso de iure col Concordato del 1929, che ha addirittura stabilito che le sue pertinenze giuridiche passassero allo Stato Italiano ! ! !<\/span><\/p>\n<p style=\"text-align: justify; background: white; margin: 0cm 0cm 7.5pt 0cm;\"><span style=\"font-size: 10pt; font-family: Verdana, sans-serif; color: #000000;\">\u00a0Precisamente, il possesso dell&#8217;isola, Genova lo avrebbe ceduto al Re di Francia, come prevedeva l&#8217;Assolutismo d&#8217;Ancien Regime, dove non c&#8217;era distinzione fra il patrimonio reale da quello dello Stato, a cui poi \u00e8 seguito con l&#8217;avvento della Rivoluzione Francese giacobina il decreto di riunione della Corsica alla Francia del 30 novembre 1789 che comunque sia non sarebbe valido, poich\u00e9 violerebbe l&#8217;art. 4 del Trattato di Versaillede del 1768.<\/span><\/p>\n<p style=\"text-align: justify; background: white; margin: 0cm 0cm 7.5pt 0cm;\"><span style=\"font-size: 10pt; font-family: Verdana, sans-serif; color: #000000;\">\u00a0La Francia, inoltre, avendo invaso la Repubblica di Genova nel 1797, avrebbe leso la sovranit\u00e0 della Serenissima, venendo meno agli accordi presi nel Trattato del 1768, in cui si impegnava a difendere i diritti e a garantire la piena sovranit\u00e0 genovese.<\/span><\/p>\n<p style=\"text-align: justify; background: white; margin: 0cm 0cm 7.5pt 0cm;\"><span style=\"font-size: 10pt; font-family: Verdana, sans-serif; color: #000000;\">\u00a0In 250 anni, secondo i nazionalisti corsi, la Corsica e il popolo Corso, avrebbero subito dalla Repubblica Francese una vera e propria francesizzazione forzata a livello etnico \u2013 linguistico con la despoliazione di ogni risorsa.<\/span><\/p>\n<p style=\"text-align: justify; background: white; margin: 0cm 0cm 7.5pt 0cm;\"><span style=\"font-size: 10pt; font-family: Verdana, sans-serif; color: #000000;\">\u00a0Nelle scuole di Ajaccio e di Bastia, il Corso non \u00e8 una lingua obbligatoria, come non \u00e8 la lingua ufficiale nei documenti della pubblica amminstrazione. Ci sono anche alcuni professori francesi che vietano agli studenti corsi di dire \u201cBonghjurnu\u201d in lingua corsa, anzich\u00e9 \u201cbonjour\u201d ! ! !<\/span><\/p>\n<p style=\"text-align: justify; background: white; margin: 0cm 0cm 7.5pt 0cm;\"><span style=\"font-size: 10pt; font-family: Verdana, sans-serif; color: #000000;\">\u00a0Negli ultimi decenni, molti imprenditori francesi hanno investito in Corsica e negli ultimi anni molti cittadini Francesi, anche di etnia africana, si sono trasferiti a vivere in Corsica. Anche se le aree interne dell&#8217;isola, prevalentemente montuose, restano scarsamente popolate. Per capire esattamente la situazione demografica della Corsica, bisogna dire che ha una popolazione residente di poco superiore a quella del Molise, ma con circa il doppio del territorio e quasi la met\u00e0 della densit\u00e0 di popolazione.<\/span><\/p>\n<p style=\"text-align: justify; background: white; margin: 0cm 0cm 7.5pt 0cm;\"><span style=\"font-size: 10pt; font-family: Verdana, sans-serif; color: #000000;\">\u00a0Implacabili sarebbero poi i numeri della popolazione dell&#8217;isola di origine corsa che continuando con questo andazzo rischia di scomparire: nel 1983 i Corsi erano 110 mila sul totale di 230 mila abitanti, cio\u00e8 quasi la met\u00e0 della popolazione; mentre attualmente l&#8217;isola \u00e8 abitata da 320 mila abitanti, di cui i Corsi, ormai sono solo 80 mila ! ! !<\/span><\/p>\n<p style=\"text-align: justify; background: white; margin: 0cm 0cm 7.5pt 0cm;\"><span style=\"font-size: 10pt; font-family: Verdana, sans-serif; color: #000000;\">\u00a0Come abbiamo gi\u00e0 detto, secondo i nazionalisti corsi, l&#8217;annessione della Corsica alla Francia non sarebbe regolare dal punto di vista del diritto internazionale, poich\u00e9 non sarebbe comunque sia mai stata ratificata da un referendum popolare (plebiscito), a cui oggi potrebbero ricorrere invece i Corsi per dichiarare l&#8217;indipendenza della loro terra dalla Repubblica Francese, ricorrendo magari prima alla Corte Costituzionale di Parigi, o addirittura rivolgendosi alla Corte di Giustizia dell&#8217;Unione Europea, ad esempio tramite il governo italiano che potrebbe essere interessato e legittimato a farlo, in quanto \u201cde iure\u201d \u201cproprietario\u201d dell&#8217;isola, secondo l&#8217;interpretazione data al Trattato di Versailles del 1768 ! ! !<\/span><\/p>\n<p style=\"text-align: justify; background: white; margin: 0cm 0cm 7.5pt 0cm;\"><span style=\"font-size: 10pt; font-family: Verdana, sans-serif; color: #000000;\">\u00a0Di certo non sar\u00e0 facile convincere la sciovinista Repubblica Francese a riconoscere nemmeno l&#8217;autonomia della Corsica che tra l&#8217;altro strategicamente riveste un ruolo molto importante nello scachiere mediterraneo anche nell&#8217;ottica dello scontro italo \u2013 francese incentrato sulla gesteione dei flussi migratori, sul nuovo governo libico e sul controllo delle risorse del Mar Ligure e di Sardegna, anche per la presenza della base dell&#8217;aeronautica militare francese di \u201cSolenzara\u201d nel Comune di Ventiseri.<\/span><\/p>\n<p style=\"text-align: justify; background: white; margin: 0cm 0cm 7.5pt 0cm;\"><span style=\"font-size: 10pt; font-family: Verdana, sans-serif; color: #000000;\">\u00a0<\/span><\/p>\n<p style=\"background: white; margin: 0cm 0cm 7.5pt 0cm;\"><span style=\"font-size: 10pt; font-family: Verdana, sans-serif; color: #000000;\">\u00a0Cristiano Vignali \u2013 Agenzia Stampa Italia<\/span><\/p>\n<p style=\"background: white; margin: 0cm 0cm 7.5pt 0cm;\">\n<p style=\"background: white; margin: 0cm 0cm 7.5pt 0cm;\"><span style=\"color: #000000;\"><strong>tratto da:<\/strong> <a href=\"http:\/\/www.agenziastampaitalia.it\/speciali-asi\/speciale\/41612-la-francia-rischia-di-perdere-la-corsica-in-base-al-trattato-di-versailles-del-1768\">(clicca qui)<\/a><\/span><\/p>\n<p style=\"background: white; margin: 0cm 0cm 7.5pt 0cm;\"><a href=\"http:\/\/www.mlnsardu.org\/wordpress\/wp-content\/uploads\/2018\/09\/TRATTATIONUFRANCIA.jpg\"><img decoding=\"async\" loading=\"lazy\" class=\"alignleft  wp-image-8497\" src=\"http:\/\/www.mlnsardu.org\/wordpress\/wp-content\/uploads\/2018\/09\/TRATTATIONUFRANCIA.jpg\" alt=\"TRATTATIONUFRANCIA\" width=\"299\" height=\"332\" \/><\/a><\/p>\n<p><a href=\"http:\/\/www.mlnsardu.org\/wordpress\/wp-content\/uploads\/2018\/09\/TRATTATODIVERSAILLES1768ARTICOLI3E4.jpg\"><img decoding=\"async\" loading=\"lazy\" class=\"alignleft  wp-image-8498\" src=\"http:\/\/www.mlnsardu.org\/wordpress\/wp-content\/uploads\/2018\/09\/TRATTATODIVERSAILLES1768ARTICOLI3E4.jpg\" alt=\"TRATTATODIVERSAILLES1768ARTICOLI3E4\" width=\"214\" height=\"335\" \/><\/a><\/p>\n<p style=\"background: white; margin: 0cm 0cm 7.5pt 0cm;\">\n","protected":false},"excerpt":{"rendered":"<p>&nbsp; &nbsp; &nbsp; &nbsp; &nbsp; &nbsp; &nbsp; &nbsp; (ASI) Corsica \u2013 La Corsica pu\u00f2 rendersi legittimamente indipendente dalla Francia secondo il diritto internazionale? Sembrerebbe di s\u00ec, almeno secondo una interpretazione data dai nazionalisti corsi al Trattato di Versailles del 1768 di cessione dell&#8217;isola alla Francia da parte della Serenisisma Repubblica di Genova che non sarebbe [&hellip;]<\/p>\n","protected":false},"author":59,"featured_media":0,"comment_status":"closed","ping_status":"closed","sticky":false,"template":"","format":"standard","meta":[],"categories":[1],"tags":[],"_links":{"self":[{"href":"https:\/\/www.mlnsardu.org\/wordpress\/wp-json\/wp\/v2\/posts\/8499"}],"collection":[{"href":"https:\/\/www.mlnsardu.org\/wordpress\/wp-json\/wp\/v2\/posts"}],"about":[{"href":"https:\/\/www.mlnsardu.org\/wordpress\/wp-json\/wp\/v2\/types\/post"}],"author":[{"embeddable":true,"href":"https:\/\/www.mlnsardu.org\/wordpress\/wp-json\/wp\/v2\/users\/59"}],"replies":[{"embeddable":true,"href":"https:\/\/www.mlnsardu.org\/wordpress\/wp-json\/wp\/v2\/comments?post=8499"}],"version-history":[{"count":3,"href":"https:\/\/www.mlnsardu.org\/wordpress\/wp-json\/wp\/v2\/posts\/8499\/revisions"}],"predecessor-version":[{"id":8502,"href":"https:\/\/www.mlnsardu.org\/wordpress\/wp-json\/wp\/v2\/posts\/8499\/revisions\/8502"}],"wp:attachment":[{"href":"https:\/\/www.mlnsardu.org\/wordpress\/wp-json\/wp\/v2\/media?parent=8499"}],"wp:term":[{"taxonomy":"category","embeddable":true,"href":"https:\/\/www.mlnsardu.org\/wordpress\/wp-json\/wp\/v2\/categories?post=8499"},{"taxonomy":"post_tag","embeddable":true,"href":"https:\/\/www.mlnsardu.org\/wordpress\/wp-json\/wp\/v2\/tags?post=8499"}],"curies":[{"name":"wp","href":"https:\/\/api.w.org\/{rel}","templated":true}]}}