{"id":8463,"date":"2018-07-22T11:12:54","date_gmt":"2018-07-22T09:12:54","guid":{"rendered":"http:\/\/www.mlnsardu.org\/wordpress\/?p=8463"},"modified":"2018-07-22T11:12:54","modified_gmt":"2018-07-22T09:12:54","slug":"2018-07-22-due-passaporti-agli-altoatesini-vienna-non-molla-legge-pronta","status":"publish","type":"post","link":"https:\/\/www.mlnsardu.org\/wordpress\/2018-07-22-due-passaporti-agli-altoatesini-vienna-non-molla-legge-pronta\/","title":{"rendered":"2018.07.22 &#8211; Due passaporti agli altoatesini Vienna non molla: legge pronta"},"content":{"rendered":"<h1><span style=\"color: #993300;\"><strong><em>L&#8217;Austria forza i tempi: a settembre un testo per concedere la cittadinanza ai sudtirolesi. Esultano i partiti secessionisti<\/em><\/strong><\/span><\/h1>\n<p>&nbsp;<\/p>\n<p><a href=\"http:\/\/www.mlnsardu.org\/wordpress\/wp-content\/uploads\/2018\/07\/Due-passaporti-agli-altoatesini-Vienna-non-molla-legge-pronta.jpg\"><img decoding=\"async\" loading=\"lazy\" class=\"alignleft size-full wp-image-8462\" src=\"http:\/\/www.mlnsardu.org\/wordpress\/wp-content\/uploads\/2018\/07\/Due-passaporti-agli-altoatesini-Vienna-non-molla-legge-pronta.jpg\" alt=\"Due passaporti agli altoatesini Vienna non molla legge pronta\" width=\"665\" height=\"221\" srcset=\"https:\/\/www.mlnsardu.org\/wordpress\/wp-content\/uploads\/2018\/07\/Due-passaporti-agli-altoatesini-Vienna-non-molla-legge-pronta.jpg 665w, https:\/\/www.mlnsardu.org\/wordpress\/wp-content\/uploads\/2018\/07\/Due-passaporti-agli-altoatesini-Vienna-non-molla-legge-pronta-300x100.jpg 300w, https:\/\/www.mlnsardu.org\/wordpress\/wp-content\/uploads\/2018\/07\/Due-passaporti-agli-altoatesini-Vienna-non-molla-legge-pronta-250x83.jpg 250w\" sizes=\"(max-width: 665px) 100vw, 665px\" \/><\/a><\/p>\n<p>&nbsp;<\/p>\n<p>&nbsp;<\/p>\n<p>&nbsp;<\/p>\n<p>&nbsp;<\/p>\n<p>&nbsp;<\/p>\n<p>&nbsp;<\/p>\n<p>&nbsp;<\/p>\n<p>&nbsp;<\/p>\n<p>&nbsp;<\/p>\n<p><span style=\"color: #000000;\">L&#8217;Austria ha deciso di forzare i tempi e di procedere rapidamente a concedere la cittadinanza, e quindi il doppio passaporto, ai cittadini italiani di lingua tedesca e ladina dell&#8217;Alto Adige.<\/span><\/p>\n<p><span style=\"color: #000000;\">Entro il prossimo 7 settembre, infatti, dovrebbe essere pronta la bozza di legge del governo austriaco. Dopo quattro mesi di silenzio, seguiti al vertice del 23 marzo scorso in cui i ministri degli Esteri e dell&#8217;Interno di Vienna avevano invitato i rappresentanti politici della Provincia autonoma di Bolzano, la questione \u00e8 tornata a rimbalzare sui media d&#8217;Oltralpe. In quell&#8217;occasione, molti avevano disertato l&#8217;appuntamento in segno di protesta, dal nostro ambasciatore a Vienna, Sergio Barbanti, a quasi tutti i partiti politici italiani per ricordare \u00abgli obblighi dell&#8217;Austria al rispetto degli accordi che hanno portato all&#8217;autonomia e che questa iniziativa unilaterale mette gravemente in discussione\u00bb. La polemica era stata accesa. \u00abEstendere la cittadinanza austriaca a una popolazione compatta residente in una provincia dotata di autonomia quasi integrale aveva detto il consigliere provinciale altoatesino di Fdi Alessandro Urz\u00ec &#8211; equivale a dichiarare una sorta di annessione, un atto di inaudita gravit\u00e0\u00bb. \u00abSarebbe un ulteriore motivo di divisione etnica\u00bb, aveva spiegato dal canto suo il consigliere grillino Paul Kollensperger. Anche il Pd aveva preso le distanze. Dopo l&#8217;incontro sembrava che la questione fosse stata archiviata o, quantomeno, rimandata a un futuro lontano. Invece, oltreconfine hanno continuato a cercare una strada per rendere concreta l&#8217;iniziativa.<\/span><\/p>\n<p><span style=\"color: #000000;\">Il gruppo di lavoro, che a Vienna si sta occupando di redigere le norme e di studiarne l&#8217;applicazione, sembra aver trovato la \u00abquadra\u00bb sul delicato tema. L&#8217;Austria, infatti, svolge da sempre la funzione, riconosciuta a livello internazionale, di potenza tutrice dell&#8217;Alto Adige. Ma questo non le garantisce il diritto di compiere azioni unilaterali. La doppia cittadinanza, infatti, come riporta il quotidiano di Innsbruck Tiroler Tageszeitung, potr\u00e0 diventare realt\u00e0 soltanto in caso di accordo con il governo italiano. Nelle scorse settimane ci sarebbero stati dei contatti fra Roma e Vienna sul doppio passaporto. Resta comunque ancora da definire chi potr\u00e0 farne richiesta e con quali diritti e doveri. C&#8217;\u00e8, per esempio, la questione degli sportivi: un atleta dell&#8217;Alto Adige che oggi gareggia sotto il tricolore, domani potrebbe decidere (nel rispetto del regolamento sportivo internazionale) di rappresentare l&#8217;Austria. Ma sembrano dettagli.<\/span><\/p>\n<p><span style=\"color: #000000;\">I partiti secessionisti tedeschi sono entusiasti. Secondo la Sudtiroler Freiheit si tratta di un \u00abprogetto di punta su scala europea con diversi gruppi linguistici che potranno vivere assieme in tranquillit\u00e0\u00bb. La Svp, maggiore partito tedesco dell&#8217;Alto Adige, \u00e8 stata pi\u00f9 prudente, ma con ogni probabilit\u00e0 abbraccer\u00e0 l&#8217;iniziativa strizzando l&#8217;occhio ai partiti secessionisti. D&#8217;altronde, in autunno l&#8217;Alto Adige ritorner\u00e0 alle urne per il voto amministrativo e la Svp ha bisogno di voti per conquistare la maggioranza assoluta.<\/span><\/p>\n<p><span style=\"color: #000000;\"><strong>tratto da:<\/strong><\/span> <a href=\"http:\/\/www.ilgiornale.it\/news\/politica\/due-passaporti-agli-altoatesini-vienna-non-molla-legge-1556340.html\"><span style=\"color: #000000;\">(clicca qui)<\/span><\/a><\/p>\n","protected":false},"excerpt":{"rendered":"<p>L&#8217;Austria forza i tempi: a settembre un testo per concedere la cittadinanza ai sudtirolesi. Esultano i partiti secessionisti &nbsp; &nbsp; &nbsp; &nbsp; &nbsp; &nbsp; &nbsp; &nbsp; &nbsp; &nbsp; L&#8217;Austria ha deciso di forzare i tempi e di procedere rapidamente a concedere la cittadinanza, e quindi il doppio passaporto, ai cittadini italiani di lingua tedesca e [&hellip;]<\/p>\n","protected":false},"author":59,"featured_media":0,"comment_status":"closed","ping_status":"closed","sticky":false,"template":"","format":"standard","meta":[],"categories":[1],"tags":[],"_links":{"self":[{"href":"https:\/\/www.mlnsardu.org\/wordpress\/wp-json\/wp\/v2\/posts\/8463"}],"collection":[{"href":"https:\/\/www.mlnsardu.org\/wordpress\/wp-json\/wp\/v2\/posts"}],"about":[{"href":"https:\/\/www.mlnsardu.org\/wordpress\/wp-json\/wp\/v2\/types\/post"}],"author":[{"embeddable":true,"href":"https:\/\/www.mlnsardu.org\/wordpress\/wp-json\/wp\/v2\/users\/59"}],"replies":[{"embeddable":true,"href":"https:\/\/www.mlnsardu.org\/wordpress\/wp-json\/wp\/v2\/comments?post=8463"}],"version-history":[{"count":5,"href":"https:\/\/www.mlnsardu.org\/wordpress\/wp-json\/wp\/v2\/posts\/8463\/revisions"}],"predecessor-version":[{"id":8468,"href":"https:\/\/www.mlnsardu.org\/wordpress\/wp-json\/wp\/v2\/posts\/8463\/revisions\/8468"}],"wp:attachment":[{"href":"https:\/\/www.mlnsardu.org\/wordpress\/wp-json\/wp\/v2\/media?parent=8463"}],"wp:term":[{"taxonomy":"category","embeddable":true,"href":"https:\/\/www.mlnsardu.org\/wordpress\/wp-json\/wp\/v2\/categories?post=8463"},{"taxonomy":"post_tag","embeddable":true,"href":"https:\/\/www.mlnsardu.org\/wordpress\/wp-json\/wp\/v2\/tags?post=8463"}],"curies":[{"name":"wp","href":"https:\/\/api.w.org\/{rel}","templated":true}]}}