{"id":8408,"date":"2018-05-05T20:26:32","date_gmt":"2018-05-05T18:26:32","guid":{"rendered":"http:\/\/www.mlnsardu.org\/wordpress\/?p=8408"},"modified":"2018-05-05T20:26:32","modified_gmt":"2018-05-05T18:26:32","slug":"2018-05-05-paolo-rumor-un-potere-segreto-ci-domina-da-12-000-anni","status":"publish","type":"post","link":"https:\/\/www.mlnsardu.org\/wordpress\/2018-05-05-paolo-rumor-un-potere-segreto-ci-domina-da-12-000-anni\/","title":{"rendered":"2018.05.05 &#8211; Paolo Rumor: un potere segreto ci domina da 12.000 anni"},"content":{"rendered":"<h1><span style=\"color: #993300;\"><em><strong>Un\u2019entit\u00e0 clandestina, sinistra perch\u00e9 invisibile. Segretamente dominante, e molto antica: vecchia di millenni, addirittura.<\/strong><\/em><\/span><\/h1>\n<p>&nbsp;<\/p>\n<p style=\"margin: 0cm; margin-bottom: .0001pt; text-align: justify; line-height: 10.6pt; background: white;\"><span style=\"color: #000000;\"><span style=\"font-size: 8pt; font-family: Verdana, sans-serif;\">\u00abMi addolora, aver scoperto l\u2019esistenza di un\u2019<\/span><a style=\"color: #000000;\" title=\"Post taggati con Europa\" href=\"http:\/\/www.libreidee.org\/tag\/europa\/\"><b><span style=\"font-size: 8pt; font-family: Verdana, sans-serif;\">Europa<\/span><\/b><\/a><span style=\"font-size: 8pt; font-family: Verdana, sans-serif;\">\u00a0nascosta e parallela: interviene nella\u00a0<\/span><a style=\"color: #000000;\" title=\"Post taggati con politica\" href=\"http:\/\/www.libreidee.org\/tag\/politica\/\"><b><span style=\"font-size: 8pt; font-family: Verdana, sans-serif;\">politica<\/span><\/b><\/a><span style=\"font-size: 8pt; font-family: Verdana, sans-serif;\">\u00a0e anche nella cultura, condizionando il nostro mondo\u00bb. E\u2019 qualcosa di proto-storico, quasi eterno: oggi, attraverso i suoi emissari, questa entit\u00e0 fantasma \u00abagisce accorpando fattori monetari e produttivi, di cui paghiamo le conseguenze sulla nostra pelle\u00bb, come si \u00e8 visto nella d\u00e9bacle dell\u2019ultimo decennio. \u00abLa distruzione dell\u2019equilibrio monetario europeo \u00e8 frutto di queste persone\u00bb. Una cupola misteriosa di origine antichissima: avrebbe addirittura 12.000 anni. Paolo Rumor la chiama, semplicemente, \u201cla Struttura\u201d. Risalirebbe alla notte dei tempi, nel territorio che vide fiorire la civilt\u00e0 sumera e poi quella egizia. Ne parl\u00f2 a suo padre, Giacomo Rumor, l\u2019esoterista e politico francese Maurice Schumann, tra i fondatori del gollismo: gli rivel\u00f2, per iscritto, l\u2019esistenza plurimillenaria della \u201cStruttura\u201d. Una conferma viene dal cardinale Montini, futuro Papa Paolo VI e amico di Giacomo Rumor, coinvolto dal Vaticano nella gestazione dell\u2019unit\u00e0 europea per bilanciarne l\u2019esuberante componente massonica.<\/span><\/span><\/p>\n<div id=\"attachment_8403\" style=\"width: 240px\" class=\"wp-caption alignleft\"><a href=\"http:\/\/www.mlnsardu.org\/wordpress\/wp-content\/uploads\/2018\/05\/Maurice-Schumann2.jpg\"><img aria-describedby=\"caption-attachment-8403\" decoding=\"async\" loading=\"lazy\" class=\"size-full wp-image-8403\" src=\"http:\/\/www.mlnsardu.org\/wordpress\/wp-content\/uploads\/2018\/05\/Maurice-Schumann2.jpg\" alt=\"Maurice Schuman (1911-1998) homme politique et historien fran\u00e7ais, ici en 1995\" width=\"230\" height=\"194\" \/><\/a><p id=\"caption-attachment-8403\" class=\"wp-caption-text\">Maurice Schuman (1911-1998) homme politique et historien fran\u00e7ais, ici en 1995<\/p><\/div>\n<p><span style=\"color: #000000;\"><span style=\"font-size: 8pt; font-family: Verdana, sans-serif;\">Nomi che ricorrono: il padre di Paolo Rumor era cugino del pi\u00f9 celebre Mariano Rumor, esponente della Dc e per 5 volte primo ministro italiano. A sua volta, lo Schumann menzionato non va confuso con l\u2019altro Schuman (sempre francese,\u00a0ma con una sola \u201cenne\u201d nel cognome), cio\u00e8 l\u2019eurocrate Robert, considerato \u2013 insieme al connazionale Jean Monnet \u2013 tra i padri fondatori dell\u2019Ue. La notizia? Questo\u00a0<\/span><a style=\"color: #000000;\" title=\"Post taggati con potere\" href=\"http:\/\/www.libreidee.org\/tag\/potere\/\"><b><span style=\"font-size: 8pt; font-family: Verdana, sans-serif;\">potere<\/span><\/b><\/a><span style=\"font-size: 8pt; font-family: Verdana, sans-serif;\">\u00a0oligarchico si considera discendente di una filiera ininterrotta di dominatori, lunga qualcosa come 12 millenni. E\u2019 la verit\u00e0, piuttosto scioccante, contenuta nel saggio \u201cL\u2019altra\u00a0<\/span><a style=\"color: #000000;\" title=\"Post taggati con Europa\" href=\"http:\/\/www.libreidee.org\/tag\/europa\/\"><b><span style=\"font-size: 8pt; font-family: Verdana, sans-serif;\">Europa<\/span><\/b><\/a><span style=\"font-size: 8pt; font-family: Verdana, sans-serif;\">\u201d, edito da Panda. Libro che Paolo Rumor ha scritto con l\u2019aiuto del politologo Giorgio Galli, grande conoscitore del ruolo occulto dell\u2019esoterismo nella\u00a0<\/span><a style=\"color: #000000;\" title=\"Post taggati con politica\" href=\"http:\/\/www.libreidee.org\/tag\/politica\/\"><b><span style=\"font-size: 8pt; font-family: Verdana, sans-serif;\">politica<\/span><\/b><\/a><span style=\"font-size: 8pt; font-family: Verdana, sans-serif;\">, e dell\u2019architetto Loris Bagnara, studioso dell\u2019archeo-astronomia egizia della piana di Giza. La tesi: un\u2019unica piramide di\u00a0<\/span><a style=\"color: #000000;\" title=\"Post taggati con potere\" href=\"http:\/\/www.libreidee.org\/tag\/potere\/\"><b><span style=\"font-size: 8pt; font-family: Verdana, sans-serif;\">potere<\/span><\/b><\/a><span style=\"font-size: 8pt; font-family: Verdana, sans-serif;\">\u00a0si \u201cpassa il testimone\u201d attraverso le epoche, all\u2019insaputa dei popoli che governa \u2013 ieri per mezzo di sovrani e condottieri, oggi pi\u00f9 prosaicamente attraverso i politici, il pi\u00f9 delle volte inconsapevoli del \u201cgrande gioco\u201d. Una visione che fa impallidire l\u2019\u00e9lite \u201cfeudale\u201d denunciata da Paolo Barnard, risalente \u201csoltanto\u201d al medioevo, o l\u2019intreccio delle potentissime Ur-Lodges messe clamorosamente in piazza da Gioele Magaldi.<\/span><\/span><\/p>\n<p style=\"margin: 0cm; margin-bottom: .0001pt; text-align: justify; line-height: 10.6pt; background: white;\"><span style=\"color: #000000;\"><span style=\"font-size: 8pt; font-family: Verdana, sans-serif;\">\u00abIl progetto iniziale non era di unire l\u2019<\/span><a style=\"color: #000000;\" title=\"Post taggati con Europa\" href=\"http:\/\/www.libreidee.org\/tag\/europa\/\"><b><span style=\"font-size: 8pt; font-family: Verdana, sans-serif;\">Europa<\/span><\/b><\/a><span style=\"font-size: 8pt; font-family: Verdana, sans-serif;\">\u00a0ma il bacino del Mediterraneo, dove allora si era sviluppata la civilt\u00e0\u00bb, premette Paolo Rumor nella lunga intervista concessa a Fabio Frabetti ai microfoni di \u201c<a style=\"color: #000000;\" title=\"Paolo Rumor a Border Nights il 1\u00b0 maggio 2018\" href=\"https:\/\/www.spreaker.com\/user\/bordernights\/border-nights272?utm_medium=widget&amp;utm_source=user%3A5280360&amp;utm_term=episode_title\" target=\"_blank\">Border Nights<\/a>\u201d. Tutto nasce dopo la morte del padre, Giacomo Rumor, nel 1981. Il figlio era al corrente del lavoro \u201cdiplomatico\u201d condotto dal genitore quarant\u2019anni prima. Brillante avvocato e fervente cattolico, impegnato nella Resistenza, Giacomo Rumor era stato coinvolto nel gruppo di studi promosso dallo stesso presidente americano Roosevelt per preparare l\u2019<a style=\"color: #000000;\" title=\"Post taggati con Europa\" href=\"http:\/\/www.libreidee.org\/tag\/europa\/\"><b>Europa<\/b><\/a>antifascista del dopoguerra. Erano incontri discreti, spesso clandestini: \u00abMio padre andava e veniva da Vienna o dal Sud della Francia viaggiando sotto falso nome. In tempo di\u00a0<\/span><a style=\"color: #000000;\" title=\"Post taggati con guerra\" href=\"http:\/\/www.libreidee.org\/tag\/guerra\/\"><b><span style=\"font-size: 8pt; font-family: Verdana, sans-serif;\">guerra<\/span><\/b><\/a><span style=\"font-size: 8pt; font-family: Verdana, sans-serif;\">\u00a0pu\u00f2 sembrare pazzesco, eppure dovevano aver trovato un sistema per evitare controlli\u00bb. Giacomo Rumor entra in stretto contatto con Maurice Schumann, futuro segretario di Stato francese, che lo mette a parte della verit\u00e0 indicibile. Rumor ne rimane scosso: \u00abMio padre era un cattolico convinto, e come tale provava fastidio per l\u2019esoterismo\u00bb, racconta il\u00a0figlio. La componente esoterica era evidente in Schumann, e a Giacomo Rumor non piaceva. \u00abIn effetti dopo un po\u2019 mio padre ha rinunciato all\u2019incarico, rendendosi conto che l\u2019<\/span><a style=\"color: #000000;\" title=\"Post taggati con Europa\" href=\"http:\/\/www.libreidee.org\/tag\/europa\/\"><b><span style=\"font-size: 8pt; font-family: Verdana, sans-serif;\">Europa<\/span><\/b><\/a><span style=\"font-size: 8pt; font-family: Verdana, sans-serif;\">\u00a0nasceva con un consistente lascito massonico\u00bb.<\/span><\/span><\/p>\n<p style=\"margin: 0cm; margin-bottom: .0001pt; text-align: justify; line-height: 10.6pt; background: white;\"><a href=\"http:\/\/www.mlnsardu.org\/wordpress\/wp-content\/uploads\/2018\/05\/Mariano-Rumor.jpg\"><img decoding=\"async\" loading=\"lazy\" class=\"alignleft size-full wp-image-8402\" src=\"http:\/\/www.mlnsardu.org\/wordpress\/wp-content\/uploads\/2018\/05\/Mariano-Rumor.jpg\" alt=\"Mariano-Rumor\" width=\"120\" height=\"189\" \/><\/a><\/p>\n<p>&nbsp;<\/p>\n<p><span style=\"color: #0000ff;\"><em><strong>Mariano Rumor<\/strong><\/em><\/span><\/p>\n<p>&nbsp;<\/p>\n<p>&nbsp;<\/p>\n<p style=\"margin: 0cm; margin-bottom: .0001pt; text-align: justify; line-height: 10.6pt; background: white;\"><span style=\"color: #000000;\"><span style=\"font-size: 8pt; font-family: Verdana, sans-serif;\">A Simone Leoni, della rivista \u201c<a style=\"color: #000000;\" title=\"L'intervista a Paolo Rumor ripresa da L'Italia dei Dolori\" href=\"http:\/\/www.gamerlandia.net\/2013\/10\/16\/intervista-paolo-rumor-laltra-europa\/\" target=\"_blank\">Fenix<\/a>\u201d, Paolo Rumor riassume l\u2019origine (sconcertante) del libro. \u00abMio padre non aveva intenzione di pubblicare gli incartamenti in suo possesso, n\u00e9 di rendere noto ci\u00f2 che aveva conosciuto\u00bb, premette. \u00abRiteneva che il pubblico non fosse in grado di accettare ci\u00f2 che lui era venuto a sapere dai suoi privilegiati interlocutori francesi\u00bb. In sostanza, Giacomo Rumor \u00abpensava che il mondo non fosse ancora maturo per sostenere l\u2019impatto emotivo che possono provocare gli eventi storici reali, quelli mai divulgati al pubblico\u00bb. Poi, per\u00f2, all\u2019inizio degli anni \u201890, Paolo Rumor si accorge che molti indizi stanno ormai venendo a galla, e quindi decide di pubblicare \u00abgran parte di ci\u00f2 che possedevo\u00bb. E aggiunge: \u00abMi sono sentito liberato da un peso che mi gravava sulla coscienza: quello di trattenere notizie che in definitiva appartengono alla collettivit\u00e0 e alla\u00a0<\/span><a style=\"color: #000000;\" title=\"Post taggati con storia\" href=\"http:\/\/www.libreidee.org\/tag\/storia\/\"><b><span style=\"font-size: 8pt; font-family: Verdana, sans-serif;\">storia<\/span><\/b><\/a><span style=\"font-size: 8pt; font-family: Verdana, sans-serif;\">\u00bb.<\/span><\/span><\/p>\n<p style=\"margin: 0cm; margin-bottom: .0001pt; text-align: justify; line-height: 10.6pt; background: white;\"><span style=\"color: #000000;\"><span style=\"font-size: 8pt; font-family: Verdana, sans-serif;\">Forme di unit\u00e0 continentale sono state l\u2019Impero Romano e poi il Sacro Romano Impero. Ma, secondo Rumor (in base alle carte di suo padre, ottenute da Schumann) l\u2019attuale\u00a0<\/span><a style=\"color: #000000;\" title=\"Post taggati con Unione Europea\" href=\"http:\/\/www.libreidee.org\/tag\/unione-europea\/\"><b><span style=\"font-size: 8pt; font-family: Verdana, sans-serif;\">Unione Europea<\/span><\/b><\/a><span style=\"font-size: 8pt; font-family: Verdana, sans-serif;\">\u00a0sarebbe figlia di un progetto molto pi\u00f9 antico: il primo disegno organico, scrive, \u00e8 databile nel II secolo dopo Cristo. Ma risalirebbe in realt\u00e0 a una determinazione stabilita addirittura attorno al 10.000 avanti Cristo. Ufficialmente, ricorda Rumor, il moderno progetto-<\/span><a style=\"color: #000000;\" title=\"Post taggati con Europa\" href=\"http:\/\/www.libreidee.org\/tag\/europa\/\"><b><span style=\"font-size: 8pt; font-family: Verdana, sans-serif;\">Europa<\/span><\/b><\/a><span style=\"font-size: 8pt; font-family: Verdana, sans-serif;\">\u00a0\u00e8 nato dal Mouvement Europ\u00e9en francese, nei primi decenni del 1900. Ma \u00e8 stato \u201cincubato\u201d da un cenacolo esclusivo del \u2018700, l\u2019Ordine delle Ardenne (o di Stenaj), a sua volta risalente al\u00a0<\/span><a style=\"color: #000000;\" title=\"Post taggati con potere\" href=\"http:\/\/www.libreidee.org\/tag\/potere\/\"><b><span style=\"font-size: 8pt; font-family: Verdana, sans-serif;\">potere<\/span><\/b><\/a><span style=\"font-size: 8pt; font-family: Verdana, sans-serif;\">\u00a0imperiale di Roma. La \u201cStruttura\u201d descritta nel libro \u00abnon risulta possedere un nome definito\u00bb, spiega l\u2019autore: \u00abSi maschera dietro altre compagini associative, dinastiche e religiose\u00bb. Nell\u2019elenco custodito da suo padre, \u00abfigura risalire fino al 136 dopo Cristo, ma si parla di un\u2019antecedenza molto maggiore\u00bb. In altre parole: \u00abPossiamo ritenere che essa esistesse anche durante il periodo romano e alessandrino, evidentemente con scopi\u00a0diversi da quello prettamente ufficiale, cio\u00e8 l\u2019unificazione del bacino mediterraneo\u00bb, coesione territoriale che a quel tempo \u00abera stata di fatto raggiunta tramite la dominazione romana\u00bb.<\/span><\/span><\/p>\n<p style=\"margin: 0cm; margin-bottom: .0001pt; text-align: justify; line-height: 10.6pt; background: white;\"><a href=\"http:\/\/www.mlnsardu.org\/wordpress\/wp-content\/uploads\/2018\/05\/Paolo-Rumor.jpg\"><img decoding=\"async\" loading=\"lazy\" class=\"alignleft size-full wp-image-8404\" src=\"http:\/\/www.mlnsardu.org\/wordpress\/wp-content\/uploads\/2018\/05\/Paolo-Rumor.jpg\" alt=\"Paolo-Rumor\" width=\"120\" height=\"189\" \/><\/a><\/p>\n<p>&nbsp;<\/p>\n<p><span style=\"color: #0000ff;\"><em><strong>Paolo Rumor<\/strong><\/em><\/span><\/p>\n<p>&nbsp;<\/p>\n<p style=\"margin: 0cm; margin-bottom: .0001pt; text-align: justify; line-height: 10.6pt; background: white;\"><span style=\"color: #000000;\"><span style=\"font-size: 8pt; font-family: Verdana, sans-serif;\">Nello scritto che Schumann consegn\u00f2 a Giacomo Rumor verso la fine degli ani \u201840, \u00absi enunciava un\u2019antecedenza della cosiddetta \u201cStruttura\u201d al decimo millennio avanti Cristo\u00bb. E\u2019 precisa anche l\u2019ubicazione dell\u2019entit\u00e0 di\u00a0<\/span><a style=\"color: #000000;\" title=\"Post taggati con potere\" href=\"http:\/\/www.libreidee.org\/tag\/potere\/\"><b><span style=\"font-size: 8pt; font-family: Verdana, sans-serif;\">potere<\/span><\/b><\/a><span style=\"font-size: 8pt; font-family: Verdana, sans-serif;\">, \u00abcentrata prevalentemente nel basso corso del Nilo, nel Golfo Persico (ma in aree oggi sommerse), nel Golfo di Cambaj, a Galonia Laeta, nel \u201ccontinente di Colba\u201d (non identificabile) e in altri siti di incerta collocazione\u00bb. Sono dunque cos\u00ec remoti, gli antenati del grande\u00a0<\/span><a style=\"color: #000000;\" title=\"Post taggati con potere\" href=\"http:\/\/www.libreidee.org\/tag\/potere\/\"><b><span style=\"font-size: 8pt; font-family: Verdana, sans-serif;\">potere<\/span><\/b><\/a><span style=\"font-size: 8pt; font-family: Verdana, sans-serif;\">\u00a0oggi alle prese con il \u201cnuovo ordine mondiale\u201d globalista? L\u2019idea di un \u201cnuovo ciclo storico\u201d, spiega Paolo Rumor, \u00abtrae origine da concezioni simili, proprie della religione e della visione cosmica dell\u2019antico Egitto dinastico o di altre civilt\u00e0 del Mediterraneo\u00bb. L\u2019autore ritiene che vi siano \u00abreali e precise coincidenze tra la collocazione dei siti e la descrizione degli eventi di cui parlano gli incartamenti di monsieur Schumann\u00bb. Coincidenze peraltro \u00abavvalorate dalla ricerca paleografica avvenuta negli ultimi anni\u00bb.<\/span><\/span><\/p>\n<p style=\"margin: 0cm; margin-bottom: .0001pt; text-align: justify; line-height: 10.6pt; background: white;\"><span style=\"color: #000000;\"><span style=\"font-size: 8pt; font-family: Verdana, sans-serif;\">Le cartografie conservate da Rumor \u00abdescrivono la derivazione della prima compagine organizzata in modo civile della\u00a0<\/span><a style=\"color: #000000;\" title=\"Post taggati con storia\" href=\"http:\/\/www.libreidee.org\/tag\/storia\/\"><b><span style=\"font-size: 8pt; font-family: Verdana, sans-serif;\">storia<\/span><\/b><\/a><span style=\"font-size: 8pt; font-family: Verdana, sans-serif;\">\u00bb. E\u2019 la stessa dinamica illustrata nel saggio \u201cDominio\u201d dall\u2019intellettuale triestino Francesco Saba Sardi: la nascita dell\u2019attuale modello di\u00a0<\/span><a style=\"color: #000000;\" title=\"Post taggati con potere\" href=\"http:\/\/www.libreidee.org\/tag\/potere\/\"><b><span style=\"font-size: 8pt; font-family: Verdana, sans-serif;\">potere<\/span><\/b><\/a><span style=\"font-size: 8pt; font-family: Verdana, sans-serif;\">, con l\u2019avvento del neolitico e la scoperta dell\u2019agricoltura, da cui l\u2019inedita necessit\u00e0 di controllare militarmente territori coltivabili. E\u2019 allora che, insieme alla\u00a0<\/span><a style=\"color: #000000;\" title=\"Post taggati con guerra\" href=\"http:\/\/www.libreidee.org\/tag\/guerra\/\"><b><span style=\"font-size: 8pt; font-family: Verdana, sans-serif;\">guerra<\/span><\/b><\/a><span style=\"font-size: 8pt; font-family: Verdana, sans-serif;\">, nasce la figura del re-sacerdote, il detentore di conoscenze superiori su come ottenere i raccolti. Nascono anche altri soggetti sociali, assenti tra le popolazioni nomadi del paleolitico: i servi, contadini e soldati. I loro compiti: coltivare i campi, conquistarli, difenderli. Nasce, in altre parole, questo\u00a0<\/span><a style=\"color: #000000;\" title=\"Post taggati con potere\" href=\"http:\/\/www.libreidee.org\/tag\/potere\/\"><b><span style=\"font-size: 8pt; font-family: Verdana, sans-serif;\">potere<\/span><\/b><\/a><span style=\"font-size: 8pt; font-family: Verdana, sans-serif;\">\u00a0\u2013 configurato in forma di dominio, per la prima volta nella\u00a0<a style=\"color: #000000;\" title=\"Post taggati con storia\" href=\"http:\/\/www.libreidee.org\/tag\/storia\/\"><b>storia<\/b><\/a>dell\u2019umanit\u00e0. Una dinamica che il libro di Paolo Rumor \u2013 inseguendo i primordi della suprema casta \u2013 mappa con precisione, \u00aba partire dal noto sito di Menfi o dalla collina rocciosa ove \u00e8 ubicata la Sfinge, alla periferia del Cairo odierno, fino alla sua precedente collocazione lungo gli originari\u00a0siti fluviali del Tigri e dell\u2019Eufrate, nell\u2019Iraq meridionale, e all\u2019interno di quello che adesso \u00e8 il Golfo Persico e che, precedentemente, in un periodo che si aggira sull\u20198000 avanti Cristo, era ancora una pianura abitabile, non sommersa dal mare\u00bb.<\/span><\/span><\/p>\n<p style=\"margin: 0cm; margin-bottom: .0001pt; text-align: justify; line-height: 10.6pt; background: white;\"><a href=\"http:\/\/www.mlnsardu.org\/wordpress\/wp-content\/uploads\/2018\/05\/Piramidi-e-Sfinge.jpg\"><img decoding=\"async\" loading=\"lazy\" class=\"alignleft size-full wp-image-8406\" src=\"http:\/\/www.mlnsardu.org\/wordpress\/wp-content\/uploads\/2018\/05\/Piramidi-e-Sfinge.jpg\" alt=\"Piramidi-e-Sfinge\" width=\"200\" height=\"202\" \/><\/a><\/p>\n<p style=\"margin: 0cm; margin-bottom: .0001pt; text-align: justify; line-height: 10.6pt; background: white;\"><span style=\"color: #000000;\"><span style=\"font-size: 8pt; font-family: Verdana, sans-serif;\">In quest\u2019ultima zona, tra le spiagge dell\u2019Iraq e quelle dell\u2019Iran, si sarebbe formato il primo nucleo che avrebbe fatto da culla alla societ\u00e0 cui apparteneva la \u201cStruttura\u201d vera e propria, prima che il mare, invadendo le coste, costringesse i proto-sumeri a spostarsi nella Mesopotamia interna e poi in Egitto. Ne parla anche Graham Hancock in \u201cCivilt\u00e0 sommerse\u201d, edito da Corbaccio. \u00abRitengo che la\u00a0<\/span><a style=\"color: #000000;\" title=\"Post taggati con storia\" href=\"http:\/\/www.libreidee.org\/tag\/storia\/\"><b><span style=\"font-size: 8pt; font-family: Verdana, sans-serif;\">storia<\/span><\/b><\/a><span style=\"font-size: 8pt; font-family: Verdana, sans-serif;\">\u00a0dell\u2019Egitto arcaico \u2013 dice Rumor \u2013 racconti, nella versione del mito, l\u2019evoluzione della specie umana pi\u00f9 di ogni altra civilt\u00e0 antica\u00bb. Il mito del \u201cnuovo ciclo storico\u201d si \u00e8 poi \u201ctravasato\u201d con mille affluenti nella cultura delle epoche posteriori, fino ai tempi moderni (dall\u2019uomo nuovo del comunismo all\u2019antropologia odierna della plebe globalizzata senza pi\u00f9 diritti). \u00abNon sarebbe la prima volta che, cercando il mito, si raggiunge la realt\u00e0\u00bb, dice Paolo Rumor. Lo stesso Mauro Biglino, autore di una rilettura letterale della Bibbia, ricorda che solo grazie alla sua fede filologica nelle pagine dell\u2019Iliade il tedesco Heinrich Schliemann giunse a scoprire le rovine di Troia.<\/span><\/span><\/p>\n<p style=\"margin: 0cm; margin-bottom: .0001pt; text-align: justify; line-height: 10.6pt; background: white;\"><span style=\"color: #000000;\"><span style=\"font-size: 8pt; font-family: Verdana, sans-serif;\">Tornando al francese Schumann e alla\u00a0<\/span><a style=\"color: #000000;\" title=\"Post taggati con storia\" href=\"http:\/\/www.libreidee.org\/tag\/storia\/\"><b><span style=\"font-size: 8pt; font-family: Verdana, sans-serif;\">storia<\/span><\/b><\/a><span style=\"font-size: 8pt; font-family: Verdana, sans-serif;\">\u00a0della \u201cStruttura\u201d, Paolo Rumor tratteggia un network potentissimo e invisibile, fatto di uomini politici ed esponenti del mondo della cultura, ricercatori scientifici e archeologi, etnologi, antropologi. Ma anche uomini di Chiesa e personaggi delle pi\u00f9 disparate etnie. Nel \u2018900, la maggior parte dei leader del network-fantasma \u00e8 di estrazione francese, inglese e germanica. \u00abMano a mano che si arretra nel tempo \u2013 spiega Rumor \u2013 l\u2019elenco contempla una prevalenza francese\u00bb, mentre, continuando a ritroso, \u00abnel periodo greco-romano la componente etnica \u00e8 quasi esclusivamente ebraica\u00bb. L\u2019elenco di Maurice Schumann termina all\u2019inizio dell\u2019era cristiana, ma attenzione: \u00abEsiste un secondo elenco, solamente enunciato a mio padre e non consegnatogli \u2013 aggiunge \u2013 che contiene l\u2019ascendenza dei nominativi fino all\u2019epoca di inizio della \u201cStruttura\u201d\u00bb, nel decimo millennio avanti Cristo. Diecimila anni dopo, nel libro di Paolo Rumor, compare il fatidico termine \u201cIlluminati\u201d. <\/span><\/span><\/p>\n<p style=\"margin: 0cm; margin-bottom: .0001pt; text-align: justify; line-height: 10.6pt; background: white;\"><a href=\"http:\/\/www.mlnsardu.org\/wordpress\/wp-content\/uploads\/2018\/05\/Sumeri.jpg\"><img decoding=\"async\" loading=\"lazy\" class=\"alignleft size-full wp-image-8407\" src=\"http:\/\/www.mlnsardu.org\/wordpress\/wp-content\/uploads\/2018\/05\/Sumeri.jpg\" alt=\"Sumeri\" width=\"200\" height=\"235\" \/><\/a><\/p>\n<p>&nbsp;<\/p>\n<p><span style=\"color: #0000ff;\"><em><strong>Sumeri<\/strong><\/em><\/span><\/p>\n<p>&nbsp;<\/p>\n<p style=\"margin: 0cm; margin-bottom: .0001pt; text-align: justify; line-height: 10.6pt; background: white;\"><span style=\"font-size: 8pt; font-family: Verdana, sans-serif; color: #000000;\">\u00abE\u2019 usato per descrivere un gruppo o categoria di persone di stirpe giudaica, vissute in Palestina in un periodo antecedente il 136 dopo Cristo\u00bb. Lo stesso termine, aggiunge l\u2019autore, indica persone vissute anche nel basso Nilo, nello stesso periodo. Coincidenze?<\/span><\/p>\n<p style=\"margin: 0cm; margin-bottom: .0001pt; text-align: justify; line-height: 10.6pt; background: white;\"><span style=\"color: #000000;\"><span style=\"font-size: 8pt; font-family: Verdana, sans-serif;\">Si chiamano infatti \u201cilluminati\u201d anche i re pre-dinastici, probabilmente capi-trib\u00f9 egizi risalenti a prima del regno di Menes, cio\u00e8 il sovrano che unific\u00f2 i diversi territori tribali intorno al 3100 avanti Cristo ed eresse la sua capitale, Menfi. Sempre intervistato da Leoni per \u201cFenix\u201d, Rumor prova a spiegare i possibili, vertiginosi collegamenti tra la valle del Nilo e i palazzi di Bruxelles. L\u2019ambiente esoterico-politico che si era occupato delle prime fasi dell\u2019<\/span><a style=\"color: #000000;\" title=\"Post taggati con Europa\" href=\"http:\/\/www.libreidee.org\/tag\/europa\/\"><b><span style=\"font-size: 8pt; font-family: Verdana, sans-serif;\">Europa<\/span><\/b><\/a><span style=\"font-size: 8pt; font-family: Verdana, sans-serif;\">\u00a0unita, premette, condivideva \u00abla particolare convinzione di far parte di una consorteria la cui linea ininterrotta affondava asseritamente le proprie origini nell\u2019antichit\u00e0 pi\u00f9 remota\u00bb, quella del Mediterraneo del 10.000 avanti Cristo. Che intenzioni aveva, quell\u2019\u00e9lite-ombra, cent\u2019anni fa? In teoria, diceva di voler creare \u00abuna sorta di umanit\u00e0 nuova, diversa da quella dei secoli precedenti\u00bb, lontana dagli orrori bellici del \u2018900. Sulla carta, un\u2019umanit\u00e0 \u00abispirata a criteri di fratellanza e ad un\u2019etica civica rinnovata\u00bb, verso \u00abun mondo migliore\u00bb. In realt\u00e0, la \u201cStruttura\u201d si \u00e8 nascosta molto bene nei gangli istituzionali: interferisce nei maggiori eventi economici scavalcando gli Stati, come sappiamo. Quello che sbalordisce \u00e8 leggere che questa entit\u00e0 era presente gi\u00e0 nell\u2019antichit\u00e0.<\/span><\/span><\/p>\n<p style=\"margin: 0cm; margin-bottom: .0001pt; text-align: justify; line-height: 10.6pt; background: white;\"><span style=\"font-size: 8pt; font-family: Verdana, sans-serif; color: #000000;\">Secondo i documenti presentati da Rumor, intorno ai due secoli posti a cavallo dell\u2019era cristiana, l\u2019oligarchia-fantasma costituiva \u201cun diffuso movimento non conformista\u201d, \u00abfortemente orientato in termini religiosi\u00bb ma al tempo stesso \u00abvocato ad azioni militari per la salvaguardia della propria identit\u00e0\u00bb. All\u2019epoca, aggiunge l\u2019autore, la centrale di\u00a0<a style=\"color: #000000;\" title=\"Post taggati con potere\" href=\"http:\/\/www.libreidee.org\/tag\/potere\/\"><b>potere<\/b><\/a>era collocata nella Giudea sotto la dominazione romana. Ma attenzione: verso la met\u00e0 del primo secolo, la \u201cStruttura\u201d \u00abha subito una violenta scissione al suo interno, ad opera di agenti infiltrati dagli occupanti militari\u00bb. Una buona parte del movimento, continua l\u2019autore, \u00e8 andata a originare \u00abquella che poi diventer\u00e0 l\u2019organizzazione cristiana delle origini\u00bb. Il Cristianesimo, dunque, come\u00a0 \u201cformat\u201d politico creato da met\u00e0 dell\u2019\u00e9lite, inizialmente unita. \u00abInvece, la parte rimasta fedele alle proprie origini ideologiche e storiche ha continuato ad operare come prima, mimetizzandosi in una proliferazione di fazioni e societ\u00e0 segrete\u00bb, fino ad assumere un indirizzo comune all\u2019interno del continente europeo.<\/span><\/p>\n<p style=\"margin: 0cm; margin-bottom: .0001pt; text-align: justify; line-height: 10.6pt; background: white;\"><a href=\"http:\/\/www.mlnsardu.org\/wordpress\/wp-content\/uploads\/2018\/05\/Cristianesimo1.jpg\"><img decoding=\"async\" loading=\"lazy\" class=\"alignleft size-full wp-image-8400\" src=\"http:\/\/www.mlnsardu.org\/wordpress\/wp-content\/uploads\/2018\/05\/Cristianesimo1.jpg\" alt=\"Cristianesimo1\" width=\"270\" height=\"188\" srcset=\"https:\/\/www.mlnsardu.org\/wordpress\/wp-content\/uploads\/2018\/05\/Cristianesimo1.jpg 270w, https:\/\/www.mlnsardu.org\/wordpress\/wp-content\/uploads\/2018\/05\/Cristianesimo1-250x174.jpg 250w\" sizes=\"(max-width: 270px) 100vw, 270px\" \/><\/a><\/p>\n<p style=\"margin: 0cm; margin-bottom: .0001pt; text-align: justify; line-height: 10.6pt; background: white;\"><span style=\"color: #000000;\"><span style=\"font-size: 8pt; font-family: Verdana, sans-serif;\">Ricapitolando: \u00abL\u2019ambiente politico che ha dato impulso all\u2019<\/span><a style=\"color: #000000;\" title=\"Post taggati con Unione Europea\" href=\"http:\/\/www.libreidee.org\/tag\/unione-europea\/\"><b><span style=\"font-size: 8pt; font-family: Verdana, sans-serif;\">Unione Europea<\/span><\/b><\/a><span style=\"font-size: 8pt; font-family: Verdana, sans-serif;\">\u00a0appartiene ad una \u201cconsorteria\u201d che, asseritamente, fa risalire s\u00e9 stessa alla prima organizzazione sociale nata nell\u2019Egitto protostorico attorno al diecimila avanti Cristo. Ne esistono le prove, anche se io stesso \u2013 ammette Rumor \u2013 ho fatto fatica a prestar fede ad un tale enunciato, che cozza contro la maggior parte delle conoscenze scientifiche in materia\u00bb. Ma la vera e propria novit\u00e0, \u00abche l\u2019ambiente esoterico-politico dei costruttori dell\u2019<\/span><a style=\"color: #000000;\" title=\"Post taggati con Europa\" href=\"http:\/\/www.libreidee.org\/tag\/europa\/\"><b><span style=\"font-size: 8pt; font-family: Verdana, sans-serif;\">Europa<\/span><\/b><\/a><span style=\"font-size: 8pt; font-family: Verdana, sans-serif;\">\u00a0nasconde\u00bb, secondo Rumor \u00abconsiste nel fatto che quello che noi oggi conosciamo come Cristianesimo \u00e8 nato in realt\u00e0 come un\u2019opera di dissimulazione, frutto del tentativo di reazione della Roma antica a quell\u2019ambiente giudaico che si tramandava l\u2019antichissima consorteria\u00bb. Paolo Rumor invita i lettori a consultare libri come \u201cIl mistero del Mar Morto\u201d, di Michael Baigent (Feltrinelli), giusto per orientarsi meglio fra tornanti storici sfuggenti. Altro consiglio di lettura: le opere di Theodor Reik sull\u2019interpretazione della Bibbia e dei miti antichi, compresa l\u2019origine del Cristianesimo e dall\u2019Ebraismo. \u00abQueste letture dovrebbero \u201ccorazzare\u201d ciascuno dal non cadere nella trappola dei miti moderni e dalla superficiale interpretazione delle opere religiose in genere\u00bb.<\/span><\/span><\/p>\n<p style=\"margin: 0cm; margin-bottom: .0001pt; text-align: justify; line-height: 10.6pt; background: white;\">\n<p style=\"margin: 0cm; margin-bottom: .0001pt; text-align: justify; line-height: 10.6pt; background: white;\">\n<p style=\"margin: 0cm; margin-bottom: .0001pt; text-align: justify; line-height: 10.6pt; background: white;\">\n<p style=\"margin: 0cm; margin-bottom: .0001pt; text-align: justify; line-height: 10.6pt; background: white;\">\n<p style=\"margin: 0cm; margin-bottom: .0001pt; text-align: justify; line-height: 10.6pt; background: white;\">\n<p style=\"margin: 0cm; margin-bottom: .0001pt; text-align: justify; line-height: 10.6pt; background: white;\">\n<p style=\"margin: 0cm; margin-bottom: .0001pt; text-align: justify; line-height: 10.6pt; background: white;\"><a href=\"http:\/\/www.mlnsardu.org\/wordpress\/wp-content\/uploads\/2018\/05\/Paolo-VI1.jpg\"><img decoding=\"async\" loading=\"lazy\" class=\"alignleft size-full wp-image-8405\" src=\"http:\/\/www.mlnsardu.org\/wordpress\/wp-content\/uploads\/2018\/05\/Paolo-VI1.jpg\" alt=\"Paolo-VI1\" width=\"230\" height=\"172\" \/><\/a><\/p>\n<p>&nbsp;<\/p>\n<p><span style=\"color: #0000ff;\"><em><strong>Paolo VI<\/strong><\/em><\/span><\/p>\n<p>&nbsp;<\/p>\n<p style=\"margin: 0cm; margin-bottom: .0001pt; text-align: justify; line-height: 10.6pt; background: white;\"><span style=\"color: #000000;\"><span style=\"font-size: 8pt; font-family: Verdana, sans-serif;\">Quanto alla spiazzante rivelazione de \u201cL\u2019altra\u00a0<\/span><a style=\"color: #000000;\" title=\"Post taggati con Europa\" href=\"http:\/\/www.libreidee.org\/tag\/europa\/\"><b><span style=\"font-size: 8pt; font-family: Verdana, sans-serif;\">Europa<\/span><\/b><\/a><span style=\"font-size: 8pt; font-family: Verdana, sans-serif;\">\u201d, fino ai misfatti degli attuali oligarchi, Rumor si esprime con la massima franchezza anche a \u201cBorder Nights\u201d: \u00abUno dei modi per dirigere la\u00a0<\/span><a style=\"color: #000000;\" title=\"Post taggati con politica\" href=\"http:\/\/www.libreidee.org\/tag\/politica\/\"><b><span style=\"font-size: 8pt; font-family: Verdana, sans-serif;\">politica<\/span><\/b><\/a><span style=\"font-size: 8pt; font-family: Verdana, sans-serif;\">\u00a0internazionale \u00e8 proprio l\u2019accentramento delle propriet\u00e0 monetarie e della produzione. Oggi l\u2019<\/span><a style=\"color: #000000;\" title=\"Post taggati con economia\" href=\"http:\/\/www.libreidee.org\/tag\/economia\/\"><b><span style=\"font-size: 8pt; font-family: Verdana, sans-serif;\">economia<\/span><\/b><\/a><span style=\"font-size: 8pt; font-family: Verdana, sans-serif;\">\u00a0conta pi\u00f9 della\u00a0<\/span><a style=\"color: #000000;\" title=\"Post taggati con politica\" href=\"http:\/\/www.libreidee.org\/tag\/politica\/\"><b><span style=\"font-size: 8pt; font-family: Verdana, sans-serif;\">politica<\/span><\/b><\/a><span style=\"font-size: 8pt; font-family: Verdana, sans-serif;\">: ed \u00e8 in questo modo che agisce questa organizzazione segreta, diffusa a livello mondiale\u00bb. E\u2019 lecito chiamarli Illuminati? \u00abE\u2019 uguale: possiamo usare sinonimi, ma la sostanza \u00e8 la stessa\u00bb. E il network non ha limiti, non conosce frontiere n\u00e9 bandiere: \u00abAbbiamo trovato la presenza di questa \u201cStruttura\u201d nella Chiesa cattolica, in molte associazioni filantropiche. Soprattutto l\u2019abbiamo trovata nella scienza, negli ambienti universitari, nella ricerca\u00bb. Fausto Carotenuto, gi\u00e0 analista dei servizi segreti, parla di due \u201cpiramidi\u201d distinte, \u201coscure\u201d e concorrenti, i cui vertici per\u00f2 si toccherebbero: uno \u00e8 massonico, l\u2019altro cattolico (ma discendente da culti preesistenti: \u00abA Roma, la funzione di Pontifex Maximus contava pi\u00f9 di quella imperiale\u00bb). Spiega Paolo Rumor che la\u00a0 \u201cStruttura\u201d \u00abha avuto modo di diffondersi nell\u2019ultimo secolo attraverso un sistema \u201ca cellule\u201d; collegate tra loro, si scambiano messaggi, conoscenze, impulsi da dare all\u2019esterno\u00bb.<\/span><\/span><\/p>\n<p style=\"margin: 0cm; margin-bottom: .0001pt; text-align: justify; line-height: 10.6pt; background: white;\"><span style=\"color: #000000;\"><span style=\"font-size: 8pt; font-family: Verdana, sans-serif;\">Quello delle \u201ccellule\u201d, dice Rumor, \u00e8 uno schema perfetto: ognuno conosce direttamente solo il proprio superiore e il diretto sottoposto. \u00abE\u2019 un modo molto efficace per nascondersi, per non essere identificati: ottimale, visti gli scopi prefissi\u00bb. E\u2019 la piramide degli Invisibili: \u00abSui politici influisce in maniera subdola, indirizzando le aspettative delle persone e promuovendo idee politiche distorte\u00bb. Ha uomini ovunque. Montini, per esempio: \u00abTelefon\u00f2 a mio padre per tentare di salvare il presidente dell\u2019Eni, Enrico Mattei, dall\u2019attentato che lo avrebbe ucciso. Il futuro Paolo Vi ne era al corrente, perch\u00e9 lavorava nel servizio segreto del Vaticano\u00bb. Per l\u2019unit\u00e0 europea, aggiunge Rumor, il vertice cattolico \u00ab\u00e8 stato molto importante, un catalizzatore di rilievo\u00bb. Era preoccupata, la Santa Sede, nell\u2019immediato dopoguerra: vedeva nascere l\u2019<\/span><a style=\"color: #000000;\" title=\"Post taggati con Europa\" href=\"http:\/\/www.libreidee.org\/tag\/europa\/\"><b><span style=\"font-size: 8pt; font-family: Verdana, sans-serif;\">Europa<\/span><\/b><\/a><span style=\"font-size: 8pt; font-family: Verdana, sans-serif;\">\u00a0unita sotto una forte egemonia massonica. L\u2019esoterismo? E\u2019 sempre stato \u00abil linguaggio degli ambienti\u00a0elitari\u00bb, dice Rumor. \u00abCultura ed esoterismo in\u00a0<a style=\"color: #000000;\" title=\"Post taggati con Europa\" href=\"http:\/\/www.libreidee.org\/tag\/europa\/\"><b>Europa<\/b><\/a>sono sinonimi, perch\u00e9 hanno dovuto \u201csposarsi\u201d, in un certo senso, per poter sopravvivere: per non essere fagocitati dalla Chiesa oppure dall\u2019Islam\u00bb.<\/span><\/span><\/p>\n<p style=\"margin: 0cm; margin-bottom: .0001pt; text-align: justify; line-height: 10.6pt; background: white;\"><a href=\"http:\/\/www.mlnsardu.org\/wordpress\/wp-content\/uploads\/2018\/05\/Il-libro-di-Rumor-Galli-e-Bagnara.jpg\"><img decoding=\"async\" loading=\"lazy\" class=\"alignleft size-full wp-image-8401\" src=\"http:\/\/www.mlnsardu.org\/wordpress\/wp-content\/uploads\/2018\/05\/Il-libro-di-Rumor-Galli-e-Bagnara.jpg\" alt=\"Il-libro-di-Rumor-Galli-e-Bagnara\" width=\"200\" height=\"285\" \/><\/a><\/p>\n<p style=\"margin: 0cm; margin-bottom: .0001pt; text-align: justify; line-height: 10.6pt; background: white;\">\n<p style=\"margin: 0cm; margin-bottom: .0001pt; text-align: justify; line-height: 10.6pt; background: white;\">\n<p style=\"margin: 0cm; margin-bottom: .0001pt; text-align: justify; line-height: 10.6pt; background: white;\"><span style=\"color: #000000;\"><em><strong>Il libro di Rumor, Galli e Bagnara<\/strong><\/em><\/span><\/p>\n<p style=\"margin: 0cm; margin-bottom: .0001pt; text-align: justify; line-height: 10.6pt; background: white;\">\n<p style=\"margin: 0cm; margin-bottom: .0001pt; text-align: justify; line-height: 10.6pt; background: white;\">\n<p style=\"margin: 0cm; margin-bottom: .0001pt; text-align: justify; line-height: 10.6pt; background: white;\"><span style=\"color: #000000;\"><span style=\"font-size: 8pt; font-family: Verdana, sans-serif;\">Fa impressione, comunque, \u201cscoprire\u201d che il\u00a0<\/span><a style=\"color: #000000;\" title=\"Post taggati con potere\" href=\"http:\/\/www.libreidee.org\/tag\/potere\/\"><b><span style=\"font-size: 8pt; font-family: Verdana, sans-serif;\">potere<\/span><\/b><\/a><span style=\"font-size: 8pt; font-family: Verdana, sans-serif;\">\u00a0di Bruxelles sia insediato da una \u201cStruttura\u201d che, a quanto pare, si considera erede dei sumeri e della Valle dei Re. Un filo segreto unisce l\u2019unione bancaria europea di Mario Draghi al mitico Codice di Hammurabi? E Papa Francesco, oltre a essere il primo gesuita al Soglio di Pietro, \u00e8 dunque anche l\u2019ultimo discendente degli antichi \u201cscissionisti\u201d che, nella Giudea dell\u2019Anno Zero, spaccarono in due la \u201cStruttura\u201d dando inizio a una feroce lotta, sommersa e plurisecolare? L\u2019\u00e9lite vaticana \u00e8 stata infatti sfidata dalla corrente di formazione esoterica non-cattolica che, opponendosi all\u2019assolutismo delle monarchie e all\u2019oscurantismo teocratico, ha dato vita alle forme attuali della modernit\u00e0 democratica. Queste rivelazioni consentono dunque di rileggere sotto altra luce vicende storiche drammatiche come quelle dei Catari e dei Templari? Singolari coincidenze: la primigenia \u201ccivilt\u00e0 sommersa\u201d cui allude Maurice Schumann sarebbe stata situata nel Golfo Persico, a due passi dal Gan Eden biblico da cui si propag\u00f2 la stirpe di Caino, cacciata dal \u201cparadiso terrestre\u201d, per poi andare incontro al \u201cdiluvio\u201d. La\u00a0<\/span><a style=\"color: #000000;\" title=\"Post taggati con storia\" href=\"http:\/\/www.libreidee.org\/tag\/storia\/\"><b><span style=\"font-size: 8pt; font-family: Verdana, sans-serif;\">storia<\/span><\/b><\/a><span style=\"font-size: 8pt; font-family: Verdana, sans-serif;\">\u00a0\u00e8 interamente da riscrivere, ripetono ormai molti studiosi. E forse, aggiunge lo stesso Biglino, vale la pena di prendere alla lettera i libri antichi, cosiddetti \u201csacri\u201d. La stessa Bibbia racconta \u2013 testualmente \u2013 l\u2019incontro coi misteriosi Elohim, potentissimi e in possesso di tecnologie fantascientifiche. Nessuno sa ancora spiegare l\u2019improvvisa comparsa dell\u2019avanzatissima civilt\u00e0 dei sumeri. Ci nascondono qualcosa di fondamentale sulla nostra origine, gli intramontabili signori della \u201cStruttura\u201d?a qui)<\/span><\/span><\/p>\n<p style=\"margin: 0cm; margin-bottom: .0001pt; text-align: justify; line-height: 10.6pt; background: white;\">\n<p style=\"margin: 0cm; margin-bottom: .0001pt; text-align: justify; line-height: 10.6pt; background: white;\">\n<p style=\"margin: 0cm; margin-bottom: .0001pt; text-align: justify; line-height: 10.6pt; background: white;\">\n<p style=\"margin: 0cm; margin-bottom: .0001pt; text-align: justify; line-height: 10.6pt; background: white;\">\n<p style=\"margin: 0cm; margin-bottom: .0001pt; text-align: justify; line-height: 10.6pt; background: white;\">\n<p style=\"margin: 0cm; margin-bottom: .0001pt; text-align: justify; line-height: 10.6pt; background: white;\">\n<p style=\"margin: 0cm; margin-bottom: .0001pt; text-align: justify; line-height: 10.6pt; background: white;\">\n<p style=\"margin: 0cm; margin-bottom: .0001pt; text-align: justify; line-height: 10.6pt; background: white;\">\n<p style=\"margin: 0cm; margin-bottom: .0001pt; text-align: justify; line-height: 10.6pt; background: white;\">\n<p style=\"margin: 0cm; margin-bottom: .0001pt; text-align: justify; line-height: 10.6pt; background: white;\">\n<p style=\"margin: 0cm; margin-bottom: .0001pt; text-align: justify; line-height: 10.6pt; background: white;\">\n<p style=\"margin: 0cm; margin-bottom: .0001pt; text-align: justify; line-height: 10.6pt; background: white;\">\n<p style=\"margin: 0cm; margin-bottom: .0001pt; text-align: justify; line-height: 10.6pt; background: white;\">\n<p style=\"margin: 0cm; margin-bottom: .0001pt; text-align: justify; line-height: 10.6pt; background: white;\"><span style=\"color: #000000;\"><strong>tratto da:<\/strong><\/span> <a href=\"http:\/\/www.libreidee.org\/2018\/05\/paolo-rumor-un-potere-segreto-ci-domina-da-12-000-anni\/\"><span style=\"color: #000000;\">(clicca qui)<\/span><\/a><\/p>\n<p style=\"margin: 0cm; margin-bottom: .0001pt; text-align: justify; line-height: 10.6pt; background: white;\">\n<p style=\"margin: 0cm; margin-bottom: .0001pt; text-align: justify; line-height: 10.6pt; background: white;\">\n","protected":false},"excerpt":{"rendered":"<p>Un\u2019entit\u00e0 clandestina, sinistra perch\u00e9 invisibile. Segretamente dominante, e molto antica: vecchia di millenni, addirittura. &nbsp; \u00abMi addolora, aver scoperto l\u2019esistenza di un\u2019Europa\u00a0nascosta e parallela: interviene nella\u00a0politica\u00a0e anche nella cultura, condizionando il nostro mondo\u00bb. E\u2019 qualcosa di proto-storico, quasi eterno: oggi, attraverso i suoi emissari, questa entit\u00e0 fantasma \u00abagisce accorpando fattori monetari e produttivi, di cui [&hellip;]<\/p>\n","protected":false},"author":59,"featured_media":0,"comment_status":"closed","ping_status":"closed","sticky":false,"template":"","format":"standard","meta":[],"categories":[1],"tags":[],"_links":{"self":[{"href":"https:\/\/www.mlnsardu.org\/wordpress\/wp-json\/wp\/v2\/posts\/8408"}],"collection":[{"href":"https:\/\/www.mlnsardu.org\/wordpress\/wp-json\/wp\/v2\/posts"}],"about":[{"href":"https:\/\/www.mlnsardu.org\/wordpress\/wp-json\/wp\/v2\/types\/post"}],"author":[{"embeddable":true,"href":"https:\/\/www.mlnsardu.org\/wordpress\/wp-json\/wp\/v2\/users\/59"}],"replies":[{"embeddable":true,"href":"https:\/\/www.mlnsardu.org\/wordpress\/wp-json\/wp\/v2\/comments?post=8408"}],"version-history":[{"count":9,"href":"https:\/\/www.mlnsardu.org\/wordpress\/wp-json\/wp\/v2\/posts\/8408\/revisions"}],"predecessor-version":[{"id":8417,"href":"https:\/\/www.mlnsardu.org\/wordpress\/wp-json\/wp\/v2\/posts\/8408\/revisions\/8417"}],"wp:attachment":[{"href":"https:\/\/www.mlnsardu.org\/wordpress\/wp-json\/wp\/v2\/media?parent=8408"}],"wp:term":[{"taxonomy":"category","embeddable":true,"href":"https:\/\/www.mlnsardu.org\/wordpress\/wp-json\/wp\/v2\/categories?post=8408"},{"taxonomy":"post_tag","embeddable":true,"href":"https:\/\/www.mlnsardu.org\/wordpress\/wp-json\/wp\/v2\/tags?post=8408"}],"curies":[{"name":"wp","href":"https:\/\/api.w.org\/{rel}","templated":true}]}}