{"id":8380,"date":"2018-04-04T17:40:47","date_gmt":"2018-04-04T15:40:47","guid":{"rendered":"http:\/\/www.mlnsardu.org\/wordpress\/?p=8380"},"modified":"2018-04-04T17:40:47","modified_gmt":"2018-04-04T15:40:47","slug":"2018-04-04-martin-luther-king-50-anni-fa-la-morte-simbolo-dellantirazzismo","status":"publish","type":"post","link":"https:\/\/www.mlnsardu.org\/wordpress\/2018-04-04-martin-luther-king-50-anni-fa-la-morte-simbolo-dellantirazzismo\/","title":{"rendered":"2018.04.04 &#8211; Martin Luther King, 50 anni fa la morte simbolo dell&#8217;antirazzismo"},"content":{"rendered":"<p>&nbsp;<\/p>\n<p>&nbsp;<\/p>\n<p><a href=\"http:\/\/www.mlnsardu.org\/wordpress\/wp-content\/uploads\/2018\/04\/1522842214-15578697-612652365604951-4990499724753631283-n.jpg\"><img decoding=\"async\" loading=\"lazy\" class=\"size-full wp-image-8379 aligncenter\" src=\"http:\/\/www.mlnsardu.org\/wordpress\/wp-content\/uploads\/2018\/04\/1522842214-15578697-612652365604951-4990499724753631283-n.jpg\" alt=\"1522842214-15578697-612652365604951-4990499724753631283-n\" width=\"665\" height=\"221\" srcset=\"https:\/\/www.mlnsardu.org\/wordpress\/wp-content\/uploads\/2018\/04\/1522842214-15578697-612652365604951-4990499724753631283-n.jpg 665w, https:\/\/www.mlnsardu.org\/wordpress\/wp-content\/uploads\/2018\/04\/1522842214-15578697-612652365604951-4990499724753631283-n-300x100.jpg 300w, https:\/\/www.mlnsardu.org\/wordpress\/wp-content\/uploads\/2018\/04\/1522842214-15578697-612652365604951-4990499724753631283-n-250x83.jpg 250w\" sizes=\"(max-width: 665px) 100vw, 665px\" \/><\/a><\/p>\n<p>&nbsp;<\/p>\n<p><em>Martin Luther King moriva 50 anni fa, assassinato pur di sostenere fino in fondo il suo sogno, quello di una Nazione libera dalle discriminazioni<\/em><\/p>\n<p><span style=\"color: #000000;\">Era il 4 aprile del 1968 quando\u00a0<strong>Martin Luther King<\/strong>, icona della lotta per i diritti dei neri, veniva assasinato, sulla terrazza di un hotel di Memphis, in Tennessee, a soli 39 anni.<\/span><\/p>\n<p><span style=\"color: #000000;\">L&#8217;emblema della battaglia anti razzista aveva iniziato la sua lotta nel 1955, con il boiccottaggio degli autobus dove erano previsti posti a sedere separati tra bianchi e neri, che riusc\u00ec a far abolire la\u00a0<strong>segregazione raziale<\/strong>\u00a0sui mezzi di trasporto. Le proteste contro le discriminazioni continuarono e il leader nero fu pi\u00f9 volte incarcerato. Nel 1963, King organizz\u00f2 una marcia a Washington per il Lavoro e la Libert\u00e0, a cui parteciparono 250 mila persone, al termine della quale pronunci\u00f2 il suo discorso pi\u00f9 celebre\u00a0<a style=\"color: #000000;\" href=\"http:\/\/www.ilgiornale.it\/news\/esteri\/50-anni-fa-discorso-martin-luther-king-945283.html\"><em>I have a dream<\/em><\/a>. Grazie a quella mobilitazione, nel 1964 venne approvato il\u00a0<em>Civil Rights Act<\/em>, la legge che poneva fine alle disuguaglianze tra bianchi e neri negli Stati Uniti. Nello stesso anno ricevette il premio\u00a0<strong>Nobel per la pace<\/strong>, ma non smise di continuare a lottare contro le tante discriminazioni e persecuzioni che ancora si consumavano a danno degli afroamericani.<\/span><\/p>\n<p><span style=\"color: #000000;\">La non violenza usata per alzare la voce contro troppe ingiustizie, la preghiera contro le armi, le parole gentili contro gli insulti: cos\u00ec combatteva Martin Luther King. Tutto per un\u00a0<strong>sogno<\/strong>. Un sogno che, 50 anni dopo resta un esempio saldo nella storia del mondo, come ha sottolineato il premier uscente Paolo Gentiloni, che scrive su Twitter: &#8220;I suoi sogni ne hanno fatta di strada. Il suo esempio resta attuale&#8221;.<\/span><\/p>\n<p><span style=\"color: #000000;\">Per l&#8217;anniversario della morte del leader nero, numerose iniziative si svolgeranno oggi in tutto il mondo. Alle 18 e un minuto, ora in cui un proiettile colp\u00ec Martin Luther King, decine di campane suoneranno all&#8217;unisomo 39 rintocchi, uno per ogni suo anno di vita. Un gesto che vuole commemorare l&#8217;uomo con un sogno che sembrava impossibile, ma che ha dimostrato che possiamo essere in grado &#8220;di lavorare insieme, di pregare insieme, di lottare insieme, di andare insieme in carcere, di difendere insieme la\u00a0<strong>libert\u00e0<\/strong>, sapendo che un giorno saremo liberi&#8221;.<\/span><\/p>\n<p><span style=\"color: #000000;\"><strong>tratto da:<\/strong><\/span> <a href=\"http:\/\/www.ilgiornale.it\/news\/mondo\/martin-luther-king-50-anni-fa-morte-simbolo-dellantirazzismo-1512026.html\"><span style=\"color: #000000;\">(clicca qui)<\/span><\/a><\/p>\n","protected":false},"excerpt":{"rendered":"<p>&nbsp; &nbsp; &nbsp; Martin Luther King moriva 50 anni fa, assassinato pur di sostenere fino in fondo il suo sogno, quello di una Nazione libera dalle discriminazioni Era il 4 aprile del 1968 quando\u00a0Martin Luther King, icona della lotta per i diritti dei neri, veniva assasinato, sulla terrazza di un hotel di Memphis, in Tennessee, [&hellip;]<\/p>\n","protected":false},"author":59,"featured_media":0,"comment_status":"closed","ping_status":"closed","sticky":false,"template":"","format":"standard","meta":[],"categories":[1],"tags":[],"_links":{"self":[{"href":"https:\/\/www.mlnsardu.org\/wordpress\/wp-json\/wp\/v2\/posts\/8380"}],"collection":[{"href":"https:\/\/www.mlnsardu.org\/wordpress\/wp-json\/wp\/v2\/posts"}],"about":[{"href":"https:\/\/www.mlnsardu.org\/wordpress\/wp-json\/wp\/v2\/types\/post"}],"author":[{"embeddable":true,"href":"https:\/\/www.mlnsardu.org\/wordpress\/wp-json\/wp\/v2\/users\/59"}],"replies":[{"embeddable":true,"href":"https:\/\/www.mlnsardu.org\/wordpress\/wp-json\/wp\/v2\/comments?post=8380"}],"version-history":[{"count":4,"href":"https:\/\/www.mlnsardu.org\/wordpress\/wp-json\/wp\/v2\/posts\/8380\/revisions"}],"predecessor-version":[{"id":8384,"href":"https:\/\/www.mlnsardu.org\/wordpress\/wp-json\/wp\/v2\/posts\/8380\/revisions\/8384"}],"wp:attachment":[{"href":"https:\/\/www.mlnsardu.org\/wordpress\/wp-json\/wp\/v2\/media?parent=8380"}],"wp:term":[{"taxonomy":"category","embeddable":true,"href":"https:\/\/www.mlnsardu.org\/wordpress\/wp-json\/wp\/v2\/categories?post=8380"},{"taxonomy":"post_tag","embeddable":true,"href":"https:\/\/www.mlnsardu.org\/wordpress\/wp-json\/wp\/v2\/tags?post=8380"}],"curies":[{"name":"wp","href":"https:\/\/api.w.org\/{rel}","templated":true}]}}