{"id":8358,"date":"2018-03-06T18:41:46","date_gmt":"2018-03-06T17:41:46","guid":{"rendered":"http:\/\/www.mlnsardu.org\/wordpress\/?p=8358"},"modified":"2018-03-06T18:41:46","modified_gmt":"2018-03-06T17:41:46","slug":"218-03-06-isola-di-sardegna-e-penisola-italica","status":"publish","type":"post","link":"https:\/\/www.mlnsardu.org\/wordpress\/218-03-06-isola-di-sardegna-e-penisola-italica\/","title":{"rendered":"218.03.06 &#8211; Isola di SARDEGNA e Penisola ITALICA"},"content":{"rendered":"<p>&nbsp;<\/p>\n<p><span style=\"color: #000000;\"><em>29 ottobre 2013<\/em><\/span><\/p>\n<p><span style=\"color: #000000;\"><em>\u00a0<\/em><em>La Sardegna \u00e9 ,sua sponte, parte dello Stato Italia oppure per scelte di terzi (Papato)?<\/em><\/span><\/p>\n<p><span style=\"color: #000000;\"><em>========================================================<\/em><\/span><\/p>\n<p><span style=\"color: #000000;\"><strong>ISOLA di SARDEGNA:<\/strong><\/span><\/p>\n<p><span style=\"color: #000000;\">SARDEGNA, una Nazione senza Stato, una Nazione inglobata con l&#8217;inganno (da pi\u00f9 di 150 anni) dentro allo Stato ITALIA, Stato plurinazionale nonostante il suo territorio (da sud a nord della penisola) sia un &#8230; &#8220;continuum&#8221;.<\/span><\/p>\n<p><span style=\"color: #000000;\"><strong>PENISOLA ITALICA:<\/strong><\/span><\/p>\n<p><span style=\"color: #000000;\">MERIDIONE del Continente Europeo, ITALIA SpA ma non Nazione Italiana, formatasi con la forza delle armi, dove il POTERE Centrale, nel comandare e nell&#8217;imporre, non ha tenuto e non tiene in alcun conto la specificit\u00e0 delle periferie.<\/span><\/p>\n<p><span style=\"color: #000000;\"><strong>DUE SOGGETTI TERRITORIALI DISTINTI:<\/strong><\/span><\/p>\n<p><span style=\"color: #000000;\">Li separa il Mare Mediterraneo &#8211; un confine Reale e Concreto tra le Coste SARDE e quelle della penisola Italica &#8211; un canale d&#8217;acque internazionali di qualche centinaio di kilometri, a cavallo tra le 12 miglia marine della sponda sarda e rispettivamente di quella italica, in cui tutti possono navigare senza chiedere il permesso di nessuno.<\/span><\/p>\n<p><span style=\"color: #000000;\"><strong>Il Mar Mediterraneo &#8211; CONFINE\u00a0fra due soggetti territoriali\u00a0diversi.<\/strong><\/span><\/p>\n<p><span style=\"color: #000000;\"><strong>\u00a0<\/strong><strong>DUE STRUTTURE SOCIALI:<\/strong><\/span><\/p>\n<p><span style=\"color: #000000;\">L&#8217;Italia e la Sardegna sono strutture sociali differenti, dove Storia, Lingua, Tradizioni, Cultura, Bandiera, Geografia, Geologia, Arti, Monumenti hanno caratteristiche molto differenti e, spesso, non complementari.<\/span><\/p>\n<p><span style=\"color: #000000;\"><strong>DUE STRUTTURE ORGANIZZATIVE:<\/strong><\/span><\/p>\n<p><span style=\"color: #000000;\">Per l&#8217;analisi delle specificit\u00e0 delle due strutture socio-territoriali che sono anche \u00a0strutture Organizzate, ovvero Italia e Sardegna, dobbiamo soffermarci a valutare i cosiddetti PRINCIPI di Legittimit\u00e0 su cui si fonda il POTERE di chi governa.<\/span><\/p>\n<p><span style=\"color: #000000;\">TALI \u00a0PRINCIPI DI LEGITTIMITA&#8217; sono:<\/span><\/p>\n<ol>\n<li><span style=\"color: #000000;\"><strong>il principio elettivo,<\/strong><\/span><\/li>\n<li><span style=\"color: #000000;\"><strong>il principio ereditario,<\/strong><\/span><\/li>\n<li><span style=\"color: #000000;\"><strong>il principio aristocratico-monarchico<\/strong><\/span><\/li>\n<li><span style=\"color: #000000;\"><strong>il principio democratico.<\/strong><\/span><\/li>\n<\/ol>\n<p><span style=\"color: #000000;\">Vogliamo valutate se la Sardegna \u00e8 diventata parte dello Stato Italia attraverso uno di questi principi?<\/span><\/p>\n<p><span style=\"color: #000000;\">&#8212;&#8212;&#8212;&#8212;&#8212;&#8212;&#8212;&#8211;<\/span><\/p>\n<p><span style=\"color: #000000;\">La 1\u00b0 domanda\u00a0a cui rispondere \u00e9: &#8220;tali Principi possono essere accettabili in forma e sostanza e, una volta risposto, dobbiamo capire se l&#8217;accettazione sia stata generale oppure sia diversificata, generando conflitto con una delle due strutture ma non necessariamente anche con l&#8217;altra?&#8221;<\/span><\/p>\n<p><span style=\"color: #000000;\">La 2\u00b0domanda \u00e8: &#8220;le Norme derivanti da tali principi devono essere accettate passivamente senza che le due parti\u00a0pongano limiti, nonostante che i due soggetti territoriali identificati, abbiano o possano avere interessi diversi e del tutto opposti?&#8221;<\/span><\/p>\n<p><span style=\"color: #000000;\">La 3\u00b0domanda \u00e8: &#8220;se qualcosa va bene per la Popolazione pi\u00f9 numerosa (quella della Penisola) deve essere accettabile anche per la Popolazione meno numerosa?&#8221; Ancora &#8230;&#8221; la Popolazione sarda &#8211; la meno numerosa &#8211; deve sempre accettare la parte pi\u00f9 vessatoria (<strong>vedi servit\u00f9 militari, vedi carceri nuove da riempire con i rifiuti della penisola, vedi utilizzo del territorio come discarica di altri rifiuti pericolosi)<\/strong>\u00a0senza potersi opporre?<\/span><\/p>\n<p><span style=\"color: #000000;\"><u>Ha o non ha il Diritto di resistenza (da non confondere con la ribellione) di cui parla anche la Costituzione Italiana?<\/u><\/span><\/p>\n<p><span style=\"color: #000000;\"><strong>I Principi di Legittimit\u00e0 se esistono devono valere solo se vi\u00a0\u00e8\u00a0accettazione completa da parte dei vari soggetti.<\/strong><\/span><\/p>\n<p><span style=\"color: #000000;\"><strong>\u00a0<\/strong>Prendendo ad esempio il caso Sardegna, discriminata, nella maggioranza dei casi, dal Governo Italiano, vale pi\u00f9 l&#8217;interesse della Nazione SARDA sul suo proprio territorio (che non lede i diritti dell&#8217;ITALIA peninsulare, che occupa un territorio differente del tutto diverso) oppure vale pi\u00f9 l&#8217;atto di imperio dei Governi Italici, che da sempre hanno preteso di porre in essere comportamenti contrari al contratto sociale, descritto nelle sue norme costituzionali?<\/span><\/p>\n<p>&nbsp;<\/p>\n<p><span style=\"color: #000000;\"><strong>Detti comportamenti<\/strong>, applicati dal POTERE espresso dallo Stato Italia nei confronti della Nazione Sardegna,\u00a0<strong>non possiedono alcuna legittimit\u00e0 ma sono un atto d&#8217;imperio non giustificato,\u00a0ne\u00a0<\/strong>dai principi del Diritto italiano e, ancor meno, dal Diritto Internazionale che regola le interazioni fra Popoli diversi.<\/span><\/p>\n<p>&nbsp;<\/p>\n<p><span style=\"color: #000000;\">La domanda sorge spontanea:\u00a0<strong>perch\u00e9 un Soggetto si prende il Diritto di comandare (senza legittimit\u00e0) su un altro Soggetto che non ha altra scelta che il Dovere di obbedire altrimenti va costretto con la forza?<\/strong><\/span><\/p>\n<p><span style=\"color: #000000;\">La risposta: Il Diritto di comandare deriva dai Principi di Legittimit\u00e0 ma non possiede una derivazione logica: \u00e8 solo\u00a0<strong>un Atto d&#8217;Imperio.<\/strong><\/span><\/p>\n<p>&nbsp;<\/p>\n<p><span style=\"color: #000000;\"><strong>ORGANIZZAZIONE e POTERE.<\/strong><\/span><\/p>\n<p><span style=\"color: #000000;\">Il\u00a0<strong>rapporto di organizzazione<\/strong>\u00a0(per FERRERO) si caratterizza per gli status-ruoli, la cui complementariet\u00e0 di uno con tutti gli altri di un insieme dato, determina quel rapporto sociale basato sull&#8217; accettazione individuale delle regole.<\/span><\/p>\n<p>&nbsp;<\/p>\n<p><span style=\"color: #000000;\">Il\u00a0<strong>rapporto di Potere<\/strong>\u00a0(secondo FERRERO) \u00e8 caratterizzato dal fatto che esiste un&#8217;antitesi tra uno status-ruolo della organizzazione (che \u00e8 funzionale agli interessi del gruppo) e una situazione di deviamento, estranea agli interessi comuni del gruppo, esterna e disfunzionale.<\/span><\/p>\n<p>&nbsp;<\/p>\n<p><span style=\"color: #000000;\">Il Rapporto Sociale su cui si fonda qualsiasi\u00a0<strong>ORGANIZZAZIONE<\/strong>\u00a0\u00e8 un momento completamente autonomo,\u00a0<strong>del tutto indipendente<\/strong>\u00a0rispetto al Rapporto Sociale su cui si fonda il\u00a0<strong>POTERE.<\/strong><\/span><\/p>\n<p><span style=\"color: #000000;\">Qualunque Organizzazione, sia politica &#8211; sociale che economica si definisce come legittima quando:<\/span><\/p>\n<p><span style=\"color: #000000;\">\u00a0 \u00a0 (1) &#8211;\u00a0<strong>gli interessi perseguiti dalla organizzazione sono accettati da tutti i membri di un insieme.<\/strong><\/span><\/p>\n<p><span style=\"color: #000000;\">\u00a0 \u00a0 (2) &#8211;<strong>\u00a0i procedimenti\u00a0 stabiliti per acquisire un status-ruolo all&#8217;interno del sistema sono accetti da tutti.\u00a0<\/strong><\/span><\/p>\n<p><span style=\"color: #000000;\"><strong>ORGANIZZAZIONI SOCIALI E TERRITORIO<\/strong><\/span><\/p>\n<p><span style=\"color: #000000;\">L&#8217;organizzazione sociale, in linea teorica, dovrebbe derivare dalla\u00a0<strong>INTER-RELAZIONEcongiunta<\/strong>\u00a0tra gli interessi di due o pi\u00f9 soggetti (Popoli, Nazioni, Associazioni, Stati, Societ\u00e0); ci\u00f2 significa che ciascun dei soggetti (Nazione Sarda e Stato Italia, per esempio) dovrebbero avere interesse a che l&#8217;interesse dell&#8217;altro Soggetto venga soddisfatto (di fatto si verifica un continuum di situazioni conflittuali).<\/span><\/p>\n<p><span style=\"color: #000000;\">La\u00a0<strong>INTER-RELAZIONE<\/strong>\u00a0congiunta degli interessi tra due o pi\u00f9 soggetti\u00a0<strong>(QUANDO ESISTE)<\/strong>presuppone quindi che:<\/span><\/p>\n<p><span style=\"color: #000000;\">(A) &#8211;\u00a0gli interessi dei due Soggetti siano comuni, diretti cio\u00e9 verso lo stesso oggetto (Servit\u00f9 militari, Carceri per mafiosi e malavitosi ad alto rischio, utilizzo del territorio sardo come discarica di rifiuti pericolosi), ma anche ..<\/span><\/p>\n<p><span style=\"color: #000000;\">(B) &#8211;\u00a0positivamente coinvolti, cio\u00e8 connessi in modo tale che il soddisfacimento dell&#8217;interesse del Soggetto UNO (Italia) implichi il soddisfacimento dell&#8217;interesse del Soggetto DUE (SARDEGNA).<\/span><\/p>\n<p><span style=\"color: #000000;\">&#8212;&#8212;&#8212;&#8212;&#8212;&#8212;&#8212;&#8212;&#8212;&#8212;&#8212;&#8212;&#8212;&#8212;&#8212;&#8212;&#8212;&#8212;&#8212;&#8212;&#8212;&#8212;<\/span><\/p>\n<p><span style=\"color: #000000;\"><strong>C&#8217;\u00e8 qualcuno ancora convinto che gli Interessi italo-romani siano quelli di NOI Sardi ?<\/strong><\/span><\/p>\n<p><span style=\"color: #000000;\"><strong>C&#8217;\u00e8 chi pensa che ITALIA E SARDEGNA abbiano Interessi COMUNI\u00a0 e quali ?<\/strong><\/span><\/p>\n<p><span style=\"color: #000000;\"><strong>Si pu\u00f2 pensare che i sardi non abbiano Avuto finora una pazienza INFINITA?<\/strong><\/span><\/p>\n<p>&nbsp;<\/p>\n<p><span style=\"color: #000000;\">Paolo Leone Biancu (Capo Dip. Economia GSP)<\/span><\/p>\n","protected":false},"excerpt":{"rendered":"<p>&nbsp; 29 ottobre 2013 \u00a0La Sardegna \u00e9 ,sua sponte, parte dello Stato Italia oppure per scelte di terzi (Papato)? ======================================================== ISOLA di SARDEGNA: SARDEGNA, una Nazione senza Stato, una Nazione inglobata con l&#8217;inganno (da pi\u00f9 di 150 anni) dentro allo Stato ITALIA, Stato plurinazionale nonostante il suo territorio (da sud a nord della penisola) sia [&hellip;]<\/p>\n","protected":false},"author":59,"featured_media":0,"comment_status":"closed","ping_status":"closed","sticky":false,"template":"","format":"standard","meta":[],"categories":[1],"tags":[],"_links":{"self":[{"href":"https:\/\/www.mlnsardu.org\/wordpress\/wp-json\/wp\/v2\/posts\/8358"}],"collection":[{"href":"https:\/\/www.mlnsardu.org\/wordpress\/wp-json\/wp\/v2\/posts"}],"about":[{"href":"https:\/\/www.mlnsardu.org\/wordpress\/wp-json\/wp\/v2\/types\/post"}],"author":[{"embeddable":true,"href":"https:\/\/www.mlnsardu.org\/wordpress\/wp-json\/wp\/v2\/users\/59"}],"replies":[{"embeddable":true,"href":"https:\/\/www.mlnsardu.org\/wordpress\/wp-json\/wp\/v2\/comments?post=8358"}],"version-history":[{"count":2,"href":"https:\/\/www.mlnsardu.org\/wordpress\/wp-json\/wp\/v2\/posts\/8358\/revisions"}],"predecessor-version":[{"id":8360,"href":"https:\/\/www.mlnsardu.org\/wordpress\/wp-json\/wp\/v2\/posts\/8358\/revisions\/8360"}],"wp:attachment":[{"href":"https:\/\/www.mlnsardu.org\/wordpress\/wp-json\/wp\/v2\/media?parent=8358"}],"wp:term":[{"taxonomy":"category","embeddable":true,"href":"https:\/\/www.mlnsardu.org\/wordpress\/wp-json\/wp\/v2\/categories?post=8358"},{"taxonomy":"post_tag","embeddable":true,"href":"https:\/\/www.mlnsardu.org\/wordpress\/wp-json\/wp\/v2\/tags?post=8358"}],"curies":[{"name":"wp","href":"https:\/\/api.w.org\/{rel}","templated":true}]}}