{"id":8328,"date":"2018-02-20T11:53:39","date_gmt":"2018-02-20T10:53:39","guid":{"rendered":"http:\/\/www.mlnsardu.org\/wordpress\/?p=8328"},"modified":"2018-02-20T11:53:39","modified_gmt":"2018-02-20T10:53:39","slug":"2018-02-20-la-turchia-minaccia-di-invadere-la-grecia","status":"publish","type":"post","link":"https:\/\/www.mlnsardu.org\/wordpress\/2018-02-20-la-turchia-minaccia-di-invadere-la-grecia\/","title":{"rendered":"2018.02.20 &#8211; La Turchia minaccia di invadere la Grecia"},"content":{"rendered":"<p><span style=\"color: #993300;\"><em><strong><span style=\"font-size: 11.5pt; font-family: Arial, sans-serif;\">La voce pi\u00f9 grossa l&#8217;ha fatta ovviamente\u00a0Erdo\u011fan<\/span><span style=\"font-family: Arial, sans-serif;\">\u00a0<span style=\"font-size: 11.5pt;\">, che sembra incoraggiato dalla sua invasione di Afrin, nel nord della Siria, andata praticamente indisturbata.<\/span><\/span><\/strong><\/em><\/span><\/p>\n<p>&nbsp;<\/p>\n<p><a href=\"http:\/\/www.mlnsardu.org\/wordpress\/wp-content\/uploads\/2018\/02\/La-Turchia-minaccia-di-invadere-la-Grecia.jpg\"><img decoding=\"async\" loading=\"lazy\" class=\"alignleft size-full wp-image-8327\" src=\"http:\/\/www.mlnsardu.org\/wordpress\/wp-content\/uploads\/2018\/02\/La-Turchia-minaccia-di-invadere-la-Grecia.jpg\" alt=\"La Turchia minaccia di invadere la Grecia\" width=\"640\" height=\"330\" srcset=\"https:\/\/www.mlnsardu.org\/wordpress\/wp-content\/uploads\/2018\/02\/La-Turchia-minaccia-di-invadere-la-Grecia.jpg 640w, https:\/\/www.mlnsardu.org\/wordpress\/wp-content\/uploads\/2018\/02\/La-Turchia-minaccia-di-invadere-la-Grecia-300x155.jpg 300w, https:\/\/www.mlnsardu.org\/wordpress\/wp-content\/uploads\/2018\/02\/La-Turchia-minaccia-di-invadere-la-Grecia-250x129.jpg 250w\" sizes=\"(max-width: 640px) 100vw, 640px\" \/><\/a><\/p>\n<p>&nbsp;<\/p>\n<p>&nbsp;<\/p>\n<p>&nbsp;<\/p>\n<p>&nbsp;<\/p>\n<p>&nbsp;<\/p>\n<p>&nbsp;<\/p>\n<p>&nbsp;<\/p>\n<p>&nbsp;<\/p>\n<p>&nbsp;<\/p>\n<p>&nbsp;<\/p>\n<p>&nbsp;<\/p>\n<p>&nbsp;<\/p>\n<p><span style=\"color: #000000;\">Due settimane fa, il ministero della Difesa greco ha annunciato che la Turchia ha violato lo spazio aereo ellenico 138 volte in un solo giorno. Ebbene, il\u00a0<strong><a style=\"color: #000000;\" href=\"http:\/\/www.ekathimerini.com\/225780\/article\/ekathimerini\/news\/turkish-coast-guard-vessel-rams-greek-patrol-boat-off-imia\">13 febbraio una pattuglia della guardia costiera<\/a>\u00a0<\/strong>turca ha speronato una nave della guardia greca al largo di Imia, una delle tante isole greche su cui la Turchia rivendica la sovranit\u00e0.<\/span><\/p>\n<p><span style=\"color: #000000;\">La gran parte delle aree nei confini attuali della Grecia erano sotto l\u2019occupazione dell\u2019Impero Ottomano, nel periodo che va dalla met\u00e0 del XV secolo fino alla Guerra d\u2019Indipendenza Greca del 1821 e l\u2019istituzione dello stato greco moderno del 1832. Le isole, tuttavia, come il resto del paese, sono legalmente e storicamente greche, come indicano i loro nomi.<\/span><\/p>\n<p><span style=\"color: #000000;\">Il partito turco al governo, Giustizia e Sviluppo (AKP), ed anche gran parte dell\u2019opposizione, sembrano per\u00f2 intenzionati, quasi ossessionati, ad invadere e conquistare queste isole greche, dicendo che in realt\u00e0 siano territorio turco.<\/span><\/p>\n<p><span style=\"color: #000000;\">A dicembre, ad esempio, Kemal K\u0131l\u0131\u00e7daro\u011flu, leader del principale partito di opposizione, ha dichiarato che, quando vincer\u00e0 le elezioni del 2019, \u201cinvader\u00e0 e conquister\u00e0 18 isole greche nel Mar Egeo, proprio come l\u2019ex Primo Ministro Bulent Ecevit invase Cipro nel 1974\u201d. Ha detto che non c\u2019\u00e8 \u201calcun documento\u201d che dimostri che quelle isole appartengano alla Grecia.<\/span><\/p>\n<p><span style=\"color: #000000;\">Meral Ak\u015fener, a capo del neonato partito di opposizione \u201cGood Party\u201d, ha anche lei invocato l\u2019invasione e la conquista delle isole. \u201cBisogna fare quel che \u00e8 necessario\u201d, ha twittato il 13 gennaio.<\/span><\/p>\n<p><span style=\"color: #000000;\">La voce pi\u00f9 grossa\u00a0<a style=\"color: #000000;\" href=\"https:\/\/www.ntv.com.tr\/turkiye\/cumhurbaskani-erdogan-kibrista-ve-egede-haddini-asanlari-ikaz-ediyoruz,CCs4mAxfFkuxQ8wPZXUGfQ\">l\u2019ha fatta ovviamente Erdo\u011fan<\/a>, che sembra incoraggiato dalla sua invasione di Afrin, nel nord della Siria, andata praticamente indisturbata.<\/span><\/p>\n<p><span style=\"color: #000000;\">\u201cMandiamo un avvertimento a chi ha superato la linea nell\u2019Egeo ed in Cipro\u201d, ha dichiarato, proseguendo:<\/span><\/p>\n<p><span style=\"color: #000000;\">\u201cIl loro coraggio persister\u00e0 solo fino a quando non vedranno il nostro esercito, le nostre navi ed i nostri aerei\u2026 Qualsiasi cosa sia Afrin per noi, i nostri diritti su Egeo e Cipro sono gli stessi. Non pensiate mai che l\u2019esplorazione di gas naturale nelle acque del Cipro ed i tentativi opportunistici nel Mar Egeo lascino il nostro radar.<\/span><\/p>\n<p><span style=\"color: #000000;\">\u201cProprio come stiamo distruggendo le zone [di Afrin] con le Operazioni Scudo d\u2019Eufrate e Ramoscello d\u2019Ulivo, e presto di Manbij ed altre regioni, possiamo distruggere, e lo faremo, i territori di chi fa calcoli sbagliati sul nostro confine sud\u2026<\/span><\/p>\n<p><span style=\"color: #000000;\">Le nostre navi da guerra e forze aeree tengono d\u2019occhio l\u2019area da vicino, per intervenire al momento necessario\u201d.<\/span><\/p>\n<p><span style=\"color: #000000;\">Riferendosi ai tempi dell\u2019Impero Ottomano, Erdo\u011fan ha proseguito:<\/span><\/p>\n<p><span style=\"color: #000000;\">\u201cChi pensa che ci siamo dimenticati delle terre da cui ci ritirammo a malincuore cent\u2019anni fa, sbaglia di grosso\u201d.<\/span><\/p>\n<p><span style=\"color: #000000;\">\u201cDiciamo in ogni occasione che Siria, Iraq ed altri luoghi sulla mappa geografica dei nostri cuori non sono diversi dalla nostra patria. Stiamo lottando affinch\u00e9 una bandiera straniera non venga sventolata in alcun posto dove sia recitato un adhan [la chiamata islamica alla preghiera nelle moschee]\u201d.<\/span><\/p>\n<p><span style=\"color: #000000;\">\u201cLe cose che abbiamo fatto finora impallidiscono di fronte agli attacchi ancor pi\u00f9 grandi che stiamo programmando per i prossimi giorni, Inshallah [se Allah lo vuole]\u201d.<\/span><\/p>\n<p><span style=\"color: #000000;\">La\u00a0<a style=\"color: #000000;\" href=\"https:\/\/www.britannica.com\/place\/Ottoman-Empire\">dinastia<\/a>\u00a0e l\u2019Impero Ottomano vennero istituiti da un capo nomade turcomanno attorno all\u2019anno 1300. Nel corso degli oltre 600 anni della sua durata, i turchi ottomani, che rappresentavano anche il califfato islamico, hanno regolarmente lanciato jihad, invadendo ed occupando terre in cinque continenti.<\/span><\/p>\n<p><span style=\"color: #000000;\">I seguaci del neo-ottomanesimo in Turchia abbracciano ancora con orgoglio il concetto di jihad (guerra santa islamica) contro i kafir (gli infedeli).<\/span><\/p>\n<p><span style=\"color: #000000;\">Il capo di Diyanet, la Direzione degli Affari Religiosi, finanziata dallo stato, ha apertamente descritto la recente invasione militare di Afrin da parte della Turchia come una \u201cjihad\u201d.<\/span><\/p>\n<p><span style=\"color: #000000;\">Questo definizione ha senso, se si considera che i musulmani turchi devono la propria maggioranza demografica in Asia Minore a secoli di persecuzione e discriminazione contro gli abitanti cristiani, yazidi ed ebrei dell\u2019area. Nell\u2019XI secolo, i jihadisti turchi dell\u2019Asia centrale invasero e conquistarono l\u2019Impero Bizantino, cristiano e di lingua greca, aprendo la strada alla graduale turchificazione ed islamizzazione della regione, tramite metodi quali omicidio, rapimento, stupro e conversioni forzate.<\/span><\/p>\n<p><span style=\"color: #000000;\">Il pi\u00f9 grande assalto turco del 20\u00b0 secolo contro i cristiani \u00e8 avvenuto nel periodo\u00a0<a style=\"color: #000000;\" href=\"https:\/\/en.wikipedia.org\/wiki\/Armenian_Genocide\">1914-1923\u00a0<\/a>, col genocidio di greci, armeni ed assiri (siriaci\/caldei) nella Turchia ottomana. Ci\u00f2 non ha impedito al paese, che continua a negare il genocidio, di diventare membro NATO nel \u201952. L\u2019attacco non le ha neanche impedito, tre anni dopo l\u2019adesione alla NATO, di commettere un selvaggio pogrom anti-greco ad Istanbul, o, nel \u201964, di\u00a0\u00a0<a style=\"color: #000000;\" href=\"https:\/\/clarionproject.org\/greeks-in-turkey-on-the-verge-of-extinction-this-population-decline-of-gre\/\">espellere<\/a>\u00a0a forza i greci rimanenti.<\/span><\/p>\n<p><span style=\"color: #000000;\">E proprio perch\u00e9 i turchi non hanno mai risposto delle proprie azioni ed aggressioni criminali, continuano a minacciare la sicurezza e la sovranit\u00e0 dei paesi vicini. \u00c8 giunto il momento che\u00a0<strong><em><a style=\"color: #000000;\" href=\"https:\/\/www.gatestoneinstitute.org\/11562\/turkey-islam-understanding\">l\u2019Occidente si svegli<\/a><\/em><\/strong>\u00a0prenda Ankara di petto.<\/span><\/p>\n<p><strong><a style=\"color: #000000;\" href=\"https:\/\/www.gatestoneinstitute.org\/author\/Uzay+Bulut\">Uzay Bulut<\/a><\/strong><\/p>\n<p><span style=\"color: #000000;\"><strong>tratto da:<\/strong><a href=\"https:\/\/comedonchisciotte.org\/la-turchia-minaccia-di-invadere-la-grecia\/\"> (clicca qui)<\/a><\/span><\/p>\n","protected":false},"excerpt":{"rendered":"<p>La voce pi\u00f9 grossa l&#8217;ha fatta ovviamente\u00a0Erdo\u011fan\u00a0, che sembra incoraggiato dalla sua invasione di Afrin, nel nord della Siria, andata praticamente indisturbata. &nbsp; &nbsp; &nbsp; &nbsp; &nbsp; &nbsp; &nbsp; &nbsp; &nbsp; &nbsp; &nbsp; &nbsp; &nbsp; Due settimane fa, il ministero della Difesa greco ha annunciato che la Turchia ha violato lo spazio aereo ellenico 138 [&hellip;]<\/p>\n","protected":false},"author":59,"featured_media":0,"comment_status":"closed","ping_status":"closed","sticky":false,"template":"","format":"standard","meta":[],"categories":[1],"tags":[],"_links":{"self":[{"href":"https:\/\/www.mlnsardu.org\/wordpress\/wp-json\/wp\/v2\/posts\/8328"}],"collection":[{"href":"https:\/\/www.mlnsardu.org\/wordpress\/wp-json\/wp\/v2\/posts"}],"about":[{"href":"https:\/\/www.mlnsardu.org\/wordpress\/wp-json\/wp\/v2\/types\/post"}],"author":[{"embeddable":true,"href":"https:\/\/www.mlnsardu.org\/wordpress\/wp-json\/wp\/v2\/users\/59"}],"replies":[{"embeddable":true,"href":"https:\/\/www.mlnsardu.org\/wordpress\/wp-json\/wp\/v2\/comments?post=8328"}],"version-history":[{"count":5,"href":"https:\/\/www.mlnsardu.org\/wordpress\/wp-json\/wp\/v2\/posts\/8328\/revisions"}],"predecessor-version":[{"id":8333,"href":"https:\/\/www.mlnsardu.org\/wordpress\/wp-json\/wp\/v2\/posts\/8328\/revisions\/8333"}],"wp:attachment":[{"href":"https:\/\/www.mlnsardu.org\/wordpress\/wp-json\/wp\/v2\/media?parent=8328"}],"wp:term":[{"taxonomy":"category","embeddable":true,"href":"https:\/\/www.mlnsardu.org\/wordpress\/wp-json\/wp\/v2\/categories?post=8328"},{"taxonomy":"post_tag","embeddable":true,"href":"https:\/\/www.mlnsardu.org\/wordpress\/wp-json\/wp\/v2\/tags?post=8328"}],"curies":[{"name":"wp","href":"https:\/\/api.w.org\/{rel}","templated":true}]}}