{"id":8313,"date":"2018-01-09T11:44:16","date_gmt":"2018-01-09T10:44:16","guid":{"rendered":"http:\/\/www.mlnsardu.org\/wordpress\/?p=8313"},"modified":"2018-01-09T11:44:16","modified_gmt":"2018-01-09T10:44:16","slug":"2018-01-09-recessione-forzata-come-strumento-di-guerra-sociale-contro-il-99","status":"publish","type":"post","link":"https:\/\/www.mlnsardu.org\/wordpress\/2018-01-09-recessione-forzata-come-strumento-di-guerra-sociale-contro-il-99\/","title":{"rendered":"2018.01.09 &#8211; Recessione forzata come strumento di guerra sociale contro il 99%"},"content":{"rendered":"<h1><span style=\"color: #993300;\"><strong><em>La tragedia dell\u2019austerit\u00e0 europea \u00e8 che assicura che chi \u00e8 indebitato non sar\u00e0 mai in grado di ripagare<\/em><\/strong><\/span><\/h1>\n<p>&nbsp;<\/p>\n<p>&nbsp;<\/p>\n<h1><span style=\"color: #993300;\"><strong><em><a href=\"http:\/\/www.mlnsardu.org\/wordpress\/wp-content\/uploads\/2018\/01\/comedonchisciotte-controinformazione-alternativa-billionaires-660x409-660x330.png\"><img decoding=\"async\" loading=\"lazy\" class=\"alignleft size-full wp-image-8312\" src=\"http:\/\/www.mlnsardu.org\/wordpress\/wp-content\/uploads\/2018\/01\/comedonchisciotte-controinformazione-alternativa-billionaires-660x409-660x330.png\" alt=\"comedonchisciotte-controinformazione-alternativa-billionaires-660x409-660x330\" width=\"660\" height=\"330\" srcset=\"https:\/\/www.mlnsardu.org\/wordpress\/wp-content\/uploads\/2018\/01\/comedonchisciotte-controinformazione-alternativa-billionaires-660x409-660x330.png 660w, https:\/\/www.mlnsardu.org\/wordpress\/wp-content\/uploads\/2018\/01\/comedonchisciotte-controinformazione-alternativa-billionaires-660x409-660x330-300x150.png 300w, https:\/\/www.mlnsardu.org\/wordpress\/wp-content\/uploads\/2018\/01\/comedonchisciotte-controinformazione-alternativa-billionaires-660x409-660x330-250x125.png 250w\" sizes=\"(max-width: 660px) 100vw, 660px\" \/><\/a><\/em><\/strong><\/span><\/h1>\n<p>&nbsp;<\/p>\n<p>&nbsp;<\/p>\n<p>&nbsp;<\/p>\n<p>&nbsp;<\/p>\n<p>&nbsp;<\/p>\n<p>&nbsp;<\/p>\n<p>&nbsp;<\/p>\n<p>&nbsp;<\/p>\n<p>&nbsp;<\/p>\n<p>&nbsp;<\/p>\n<p>&nbsp;<\/p>\n<p>&nbsp;<\/p>\n<p><span style=\"color: #000000;\">Se non capite subito questo titolo, non avete afferrato qual \u00e8 l\u2019obiettivo primario del capitalismo neoliberale degli ultimi 40 anni circa.<\/span><\/p>\n<p><span style=\"color: #000000;\">Smettetela di dare per scontato che l\u20191% voglia un\u2019economia di crescita\u2026 per favore. Veramente, basta.<\/span><\/p>\n<p><span style=\"color: #000000;\">L\u2019interesse dell\u20191% risiede nel sostenere il modello \u201cmi tengo tutto quello che ho\u201d. Accettate questa regola e sarete a met\u00e0 della strada per l\u2019illuminazione, e vedrete attraverso la menzogna tecnocratica secondo cui \u201cl\u2019economia \u00e8 troppo difficile da capire\u201d.<\/span><\/p>\n<p><span style=\"color: #000000;\">Eppure, il fondamento erroneo per il quale l\u2019alta finanza effettivamente voglia un modello di \u201calta crescita\u201d \u2013 solo che non riesca a capire come diavolo fare \u2013 \u00e8 probabilmente destinato a persistere. Ci\u00f2 \u00e8 favorito dalla divinizzazione che i media mainstream da lungo tempo operano nei riguardi dei tassi di crescita economica; ma il colpo di scena recente \u00e8 la loro ritrovata insistenza sul fatto che il tasso di crescita dell\u20191,7% previsto per l\u2019Eurozona costituisca una svolta, ripresa, storia di successo, bla bla bla.<\/span><\/p>\n<p><span style=\"color: #000000;\">Parlatene con l\u2019uomo della strada ed egli non sapr\u00e0 cosa sia questa ripresa tanto sbandierata. Che diamine, Cuba fa meglio dell\u20191,7%, anche con un embargo internazionale!<\/span><\/p>\n<p><span style=\"color: #000000;\">Questa divinizzazione del tasso di crescita non era mai stata preordinata \u2013 altre alternative erano state respinte: il tasso reale di disoccupazione (che include la sottoccupazione), il tasso di povert\u00e0, l\u2019indicatore del potere d\u2019acquisto, ecc.<\/span><\/p>\n<p><span style=\"color: #000000;\">Giochiamo al loro gioco: sicuramente saranno stati capaci di vincere seguendo le regole che hanno fissato?<\/span><\/p>\n<p><span style=\"color: #000000;\">Ovviamente\u2026no. O come a loro piace dire: \u201cNon ancora.\u201d<\/span><\/p>\n<p><span style=\"color: #000000;\">Quindi, quando la Francia e l\u2019Eurozona vedranno una vera crescita diffusa? Trattandosi della pi\u00f9 grande macro-economia mondiale, la sua stagnazione dopotutto rallenta le economie di tutto il globo (che non fa uso della pianificazione socialista).<\/span><br \/>\n<span style=\"color: #000000;\"> In poche parole, posso garantirvi che l\u2019attuale quasi-depressione\/recessione dell\u2019Eurozona non rallenter\u00e0 finch\u00e9 non saranno stati drasticamente ridotti i salari e peggiorate le condizioni dei lavoratori, questa \u00e8 la capacit\u00e0 collettiva di pretendere una minore ridistribuzione della ricchezza consentita dal capitalismo.<\/span><\/p>\n<p><span style=\"color: #000000;\">Le mie due garanzie sono, dopotutto, essenzialmente quello che Juncker, Merkel, Schauble, Macron, Draghi, Dijsselbloem (Chi? Esatto.) e altri leader dell\u2019Eurozona hanno ripetutamente ammesso\u2026 la gente semplicemente non vuole crederci (o diffonderle). L\u2019economia, voi lo capite, non \u00e8 costretta da imperativi economici ma da scelte politiche e culturali.<\/span><\/p>\n<p><span style=\"color: #000000;\">Vorrei tornare a citare l\u2019ex Ministro delle Finanze greco Yanis Varoufakis \u2013 ho usato il suo libro del 2016, \u201c<em>I poveri soffrono quanto devono?<\/em>\u201d come punto di partenza per questa serie di 7 articoli, che si conclude qui.\u00a0<a style=\"color: #000000;\" href=\"http:\/\/sakeritalia.it\/attualita\/recensione-del-libro-di-varoufakis-economista-rock-star-ma-finto-politico-di-sinistra\/\">Il primo articolo<\/a>\u00a0si \u00e8 burlato di lui per il fatto che preferisce essere una rock star anzich\u00e9 un vero uomo di sinistra.\u00a0<a style=\"color: #000000;\" href=\"http:\/\/sakeritalia.it\/europa\/perche-no-il-petroeuro-o-la-tensione-storica-della-francia-per-uneuro-zona-anti-austerita\/\">Il secondo articolo<\/a>\u00a0ha sostituito la sua analisi falsamente di sinistra riguardo alla formazione dell\u2019Eurozona con un\u2019analisi che invece di sinistra lo \u00e8 per davvero. Ma per la maggior parte, il resto degli articoli ha elogiato, rilanciato ed ulteriormente elaborato il suo ammirevole grido d\u2019allarme riguardo alla natura spaventosamente corrotta e pericolosamente precaria dell\u2019Eurozona di oggi.<\/span><\/p>\n<p><span style=\"color: #000000;\">Varoufakis ha riferito di una discussione avuta con un interlocutore della BCE e del FMI sulla natura economicamente controproducente dell\u2019innalzamento dell\u2019imposta sul valore aggiunto (tassa sulle vendite) in un paese come la Grecia. La metto qui per mostrare che l\u2019introduzione di misure economiche chiaramente controproducenti e inefficaci \u2013 le politiche di austerit\u00e0 \u2013 \u00e8 parte del progetto. Ma qual \u00e8 il progetto?<\/span><\/p>\n<p><span style=\"color: #000000;\"><em>\u201c\u2019Qualcuno le cui opinioni qui contano vuole dimostrare a Parigi cosa \u00e8 in serbo per la Francia se si rifiuter\u00e0 di mettere in atto riforme strutturali.\u201d<\/em><\/span><\/p>\n<p><span style=\"color: #000000;\">Per prendere tempestivamente una citazione dall\u2019essenziale economista moderno Michael Hudson \u2013 dal suo nuovo, superbo, completo articolo su The Saker \u201c<a style=\"color: #000000;\" href=\"http:\/\/thesaker.is\/socialism-land-and-banking-2017-compared-to-1917\/\">Socialism, Land and Banking: 2017 compared to 1917<\/a>\u201d\u00a0<em>[Socialismo, Terra e Sistema Bancario: il 2017 paragonato al 1917 in inglese]<\/em>:<\/span><br \/>\n<span style=\"color: #000000;\"> La parola \u2018riforme\u2019 come viene utilizzata dai media neoliberali di oggi significa\u00a0<strong>annullare<\/strong>\u00a0le riforme dell\u2019Era Progressista, smantellando i regolamenti pubblici e il potere del governo \u2013 eccetto che per il controllo della finanza e gli altri interessi coincidenti (grassetto\u00a0aggiunto).<\/span><\/p>\n<p><span style=\"color: #000000;\"><strong>Lo scopo di questa serie era di chiamare alle armi in Francia, ma la guerra \u00e8 gi\u00e0 finita<\/strong><\/span><\/p>\n<p><span style=\"color: #000000;\">Questa serie era stata scritta per la maggior parte alla fine di agosto, quando le notizie si diffondono lentamente.<\/span><\/p>\n<p><span style=\"color: #000000;\">Ci si aspettava che la Francia sarebbe tornata dalle vacanze estive e avrebbe organizzato manifestazioni infernali contro le \u201criforme\u201d del codice del lavoro di quell\u2019automa neoliberale di nome Emmanuel Macron. Ma siamo a inizio novembre e la lotta \u00e8 gi\u00e0 finita da tanto tempo. \u201cPer ora, sta vincendo la partita, non ha senso nasconderlo,\u201d ha detto Jean-Luc M\u00e9lenchon, il pi\u00f9 famoso politico di sinistra della Francia, lo scorso weekend.<\/span><\/p>\n<p><span style=\"color: #000000;\">Macron ha firmato la conversione del suo decreto sul codice del lavoro in legge a fine settembre. Non solo non era stato approvato dal ramo legislativo, non era stato neanche discusso. Ma alcuni dei media nel governo francese non hanno tenuto a freno del tutto la lingua riguardo alla falsa affermazione che i sindacati e i gruppi di base avrebbero aiutato a scrivere la legge: \u201c\u2026 i \u2018partner sociali\u2019 hanno avuto appena due ore per leggere la versione finale di 159 pagine dei 36 cambi alla legislazione francese sul lavoro.\u201d<\/span><\/p>\n<p><span style=\"color: #000000;\">Macron si era mosso molto rapidamente. \u00c8 stato piuttosto intelligente\u2026 ma non intelligente al punto che io gi\u00e0 ad agosto non chiedessi a tutti: \u201cPerch\u00e9 i sindacati, i gruppi di sinistra e M\u00e9lenchon aspettano fino a fine settembre per programmare le loro proteste? \u00c8 ovvio che \u00e8 troppo tardi!\u201d<\/span><\/p>\n<p><span style=\"color: #000000;\">Quindi, o io sono un genio, o loro sono degli incompetenti, oppure sono collusi, o i francesi hanno deciso di accontentarsi semplicemente di finirla con il regno multi-decennale dei partiti socialista e conservatore, e avevano solo voglia di affidarsi alla clemenza di Macron.<\/span><\/p>\n<p><span style=\"color: #000000;\">Cattiva idea\u2026 nonostante i sondaggi costantemente mostrassero un\u2019opposizione significativamente maggioritaria ai cambiamenti, Macron ci ha riso in faccia e ha firmato la loro conversione in legge ancora prima di quando aveva anticipato, e in diretta TV.<\/span><\/p>\n<p><span style=\"color: #000000;\">Ma\u2026 comunque\u2026 torniamo alla settima parte \u2013 il vero obiettivo delle \u201criforme\u201d.<\/span><\/p>\n<p><span style=\"color: #000000;\"><em>\u201cLe riforme strutturali\u201d\u00a0<\/em>di Varoufakis non sono state inventate in Francia, naturalmente. Penso che tutti noi abbiamo un\u2019idea molto precisa riguardo alla natura pro capitalista neoliberale\/anti-socialista delle misure che sono state realizzate in tutta l\u2019Eurozona negli ultimi anni nonostante una massiccia opposizione democratica.<\/span><\/p>\n<p><span style=\"color: #000000;\">Quindi non ha senso spiegarle \u2013 dopo sei anni di risultati in Francia abbiamo un insieme di dati abbastanza grande per tratteggiare delle conclusioni solide: queste riforme e misure di austerit\u00e0 sono controproducenti ai fini della creazione della crescita, e perfino la crescita ottenuta in futuro sar\u00e0 necessariamente limitata: non puoi rendere pi\u00f9 facile il licenziamento delle persone e non aspettarti che questo contrasti con i tuoi previsti aumenti occupazionali, no?<\/span><\/p>\n<p><span style=\"color: #000000;\">Le due condizioni proposte da me per terminare l\u2019austerit\u00e0 \u2013 lo sbudellamento di salari\/condizioni dei lavoratori e la assicurata impossibilit\u00e0 di rinegoziare \u2013 combinati con l\u2019impossibilit\u00e0 di mettere fine democraticamente a queste politiche, rende inevitabile che l\u2019Eurozona presto raggiunger\u00e0 un \u201cDecennio Perso\u201d. E poi anche un \u201cVentennio Perso\u201d, proprio come gi\u00e0 successo al Giappone.<\/span><\/p>\n<p><span style=\"color: #000000;\">In entrambe queste importanti regioni economiche, la recessione \u00e8 stata fabbricata al fine di muovere una guerra sociale contro il 99%. Torneremo alla citazione del Dott. Hudson di sopra per una spiegazione pi\u00f9 approfondita.<\/span><\/p>\n<p><span style=\"color: #000000;\"><strong>Perch\u00e9 l\u2019Occidente crede che il Giappone sia su un altro pianeta?<\/strong><\/span><\/p>\n<p><span style=\"color: #000000;\">Un altro economista moderno tra i pochissimi veramente indispensabili \u00e8\u00a0<a style=\"color: #000000;\" href=\"https:\/\/en.wikipedia.org\/wiki\/Richard_Werner#cite_note-4\">Richard Werner<\/a>\u00a0<em>[in inglese]<\/em>. \u00a0Lui \u00e8 noto per aver inventato il termine\u00a0<em>Quantitative Easing<\/em>, ma il suo pi\u00f9 grande contributo \u00e8 aver stabilito il collegamento tra Europa e Giappone, due giganti economici. Il suo libro \u201c<em>Princes of the Yen<\/em>\u201d \u00e8 un resoconto di prima mano dell\u2019improvviso cambiamento subito dal Giappone, che in economia \u00e8 passato dal ruolo di generatore di energia economica energetica a quello di malato \u2013 i giapponesi da che erano destinati a comprarsi tutto il mondo, si sono ritrovati in stagnazione perpetua. Il libro di Werner del 2001 \u00e8 cos\u00ec interessante da aver ottenuto un risultato impossibile: \u00e8 stato un libro di economia arrivato al numero uno nelle classifiche di vendita (in Giappone).<\/span><\/p>\n<p><span style=\"color: #000000;\">Sar\u00e0 forse perch\u00e9 sono iraniano e sono abituato a sentir parlare delle glorie del 500 A.C., ma sento che perfino un\u2019era di 16 anni fa possa avere ancora qualcosa da insegnarci oggi\u2026.<\/span><\/p>\n<p><span style=\"color: #000000;\">Ma Varoufakis non menziona Werner, non sembra avere una visione internazionale del capitalismo, del socialismo o dell\u2019economia: si evince anche un pregiudizio eurocentrico. Nel suo libro menziona la Banca del Giappone solo due volte:<\/span><\/p>\n<p><span style=\"color: #000000;\"><em>\u201cDalla fine degli anni \u201990 in poi, le banche in Europa hanno copiato le pratiche del settore finanziario dell\u2019anglo-sfera tutto balli e canti senza che avessero la rete di sicurezza di una Federal Reserve, di una Banca di Inghilterra o anche solo di una Banca del Giappone che li afferrasse quando avrebbe avuto luogo l\u2019inevitabile caduta dalla grazia.\u201d<\/em><\/span><\/p>\n<p><span style=\"color: #000000;\">Questa \u00e8 una bella citazione, ma come si fa a dire \u201c<em>anche solo una Banca del Giappone\u00a0<\/em>\u201c? Da quando, quella che per lungo tempo \u00e8 stata la seconda economia pi\u00f9 grande del mondo, vale quanto le patatine? Non c\u2019\u00e8 vergogna a essere sorpassati dalla Cina, e la Banca del Giappone \u00e8 di gran lunga pi\u00f9 potente della Banca di Inghilterra. L\u2019unica ragione per questo atteggiamento di sufficienza a cui riesco a pensare \u00e8 l\u2019eurocentrismo. E questa sufficienza arriva da un ipotetico marxista\u2026 ed economista!<\/span><\/p>\n<p><span style=\"color: #000000;\">Ma se tutti noi studiassimo le scelte economiche degli ultimi anni in Giappone, non avremmo dubbi riguardo a due questioni chiave: l\u2019Eurozona sta stupidamente seguendo le orme del Giappone, e i banchieri sono gli stessi ovunque. S\u00ec, quelle caricature del 1917 sono ancora corrette\u2026.<\/span><\/p>\n<p><span style=\"color: #000000;\"><strong>L\u2019ascesa, sostituzione &amp; declino del modello giapponese<\/strong><\/span><\/p>\n<p><span style=\"color: #000000;\">Devo ripetere che queste \u201criforme\u201d non erano state inventate in Europa. Piuttosto, l\u2019Europa sta mettendo in atto\/ha gi\u00e0 messo in atto le stesse riforme con la stessa ideologia, obiettivi e strumenti del \u201cVentennio Perso\u201d giapponese \u2013 le uniche differenze sono colore della pelle, forma degli occhi e consumo di riso pro capite.<\/span><\/p>\n<p><span style=\"color: #000000;\">In modo molto simile alla Germania del dopoguerra, il Giappone era stato scelto dagli Stati Uniti per essere una centrale produttiva\u2026 nonostante entrambe le nazioni con il loro imperialismo immorale avessero provocato sconvolgimenti e decenni di sofferenza e repressione. Ma erano state entrambe sconfitte e pertanto facili da manipolare; entrambi i paesi tutt\u2019ora ospitano il maggior numero di forze americane nel mondo, ancor pi\u00f9 che una nazione \u201coccupata\u201d come l\u2019Afghanistan.<\/span><\/p>\n<p><span style=\"color: #000000;\">Fino al 1985 il sistema industriale\/bancario giapponese funzionava in modo superbo, con risultati ben noti. Era una versione pi\u00f9 forte dell\u2019\u201deconomia mista\u201d della Francia, con una direzione governativa ancora pi\u00f9 rigida riguardo a dove, a chi e quanto denaro prestare\u00a0<em>al fine di creare crescita diffusa.<\/em><\/span><\/p>\n<p><span style=\"color: #000000;\">Ci\u00f2 che cambi\u00f2 fu il declino della dominazione del dollaro, la fine di Bretton Woods e la creazione statunitense dell\u2019economia neoliberale al fine di mantenere il dominio americano.<\/span><\/p>\n<p><span style=\"color: #000000;\">Con gli Accordi del Plaza del 1985, il Giappone adott\u00f2 i cambiamenti neoliberali orchestrati dagli Stati Uniti, che erano stati progettati allo scopo di risucchiare i surplus del Giappone nuovamente verso gli Stati Uniti. (Anche la Germania (Ovest), la Francia, gli Stati Uniti &amp; il Regno Unito aderirono, ma il Giappone era quello che aveva di pi\u00f9 da perdere.) Dal punto di vista di un capitalista dell\u20191% aveva perfettamente senso e funzionava ottimamente, per questo l\u20191% del Giappone vi ader\u00ec. Ma da un punto di vista nazionalista o del 99% fu un suicidio economico.<\/span><\/p>\n<p><span style=\"color: #000000;\">Come rifer\u00ec Michael Hudson nel 2008, il Giappone \u201cagiva come il Tredicesimo Distretto della Federal Reserve e il Comitato per la Rielezione Repubblicano\u201d attenendosi ad un piano che era chiaramente contro i propri interessi nazionali e la propria sovranit\u00e0. Una tale affermazione dovrebbe fare infiammare i nostri lettori giapponesi, come anche le vittime dell\u2019imperialismo americano in tutto il mondo. Ma \u00e8 comunismo da manuale che l\u20191% si preoccupa pi\u00f9 dei propri soldi che dei loro vicini e concittadini, che sia in Giappone o altrove.<\/span><\/p>\n<p><span style=\"color: #000000;\">Quale fu il pi\u00f9 grosso cambiamento (e sbaglio) specifico che fece il Giappone? Rendere la Banca del Giappone \u201cindipendente\u201d dal Ministero delle Finanze, cio\u00e8 dal governo\u2026 cio\u00e8 da responsabilit\u00e0, supervisione, dal popolo, dalla legge, dalla giustizia, dalla moralit\u00e0, dall\u2019influenza dei voti democratici, ecc.<\/span><\/p>\n<p><span style=\"color: #000000;\"><strong>Deridete il comunismo come \u2018dominazione governativa\u2019, ma esaminate il suo opposto<\/strong><\/span><\/p>\n<p><span style=\"color: #000000;\">Il fondamento a cuore del capitalismo neoliberale significa una cosa su cui tutti noi saremo d\u2019accordo: il governo si oppone al denaro (alla sua forza, e alla capacit\u00e0 degli individui di guadagnarne).<\/span><\/p>\n<p><span style=\"color: #000000;\">Pertanto, il sistema pi\u00f9 sicuro di aiutare il grande capitale \u00e8 di avere un governo fatto da politici e non da burocrati\/servitori dello Stato.<\/span><\/p>\n<p><span style=\"color: #000000;\">Potrete aver sentito molte cose brutte riguardo agli impiegati pubblici, ma essi spesso conoscono il loro territorio limitato meglio dei tecnocrati nelle loro torri d\u2019avorio o dei lobbisti\/ricercatori al soldo di specifici interessi. E \u2013 fatto cruciale \u2013 per lo meno loro non stanno l\u00ec solo per i soldi. Qualcuno pu\u00f2 dire lo stesso riguardo alle porte girevoli tra \u201cpolitici\/lobby\/affari\u201d occidentali?<\/span><\/p>\n<p><span style=\"color: #000000;\">Nessuno potr\u00e0 affermare onestamente e giustificatamente che TUTTI i servitori dello Stato sono \u201ccorrotti\u201d, naturalmente. La narrazione del mainstream \u00e8 che il socialismo produce corruzione endemica, ma in special modo ai livelli pi\u00f9 alti.<\/span><\/p>\n<p><span style=\"color: #000000;\">Ma (e io presumo che tutti noi questo lo sappiamo ma semplicemente non ne discuteremo) nel capitalismo occidentale non solo non \u00e8 chiamata \u201ccorruzione\u201d perch\u00e9 i vizi del capitalismo \u2013 unilateralismo (iniziativa personale), avidit\u00e0, distruzione \u201ccreativa\u201d, una rivalit\u00e0 di ispirazione mafiosa \u201cfamiglia contro societ\u00e0\u201d che \u00e8 l\u2019eccezione pi\u00f9 piccola all\u2019individualismo sfrenato, che ignora i deboli e i vecchi, e troppi altri peccati da nominare \u2013 sono lodati come virt\u00f9. Tutto quello che dobbiamo fare \u00e8 scatenare quelle \u201cenergie animali\u201d dell\u2019economia, giusto\u2026?<\/span><\/p>\n<p><span style=\"color: #000000;\">Il fondamento centrale del capitalismo finanziario che non pu\u00f2 essere negato \u00e8: gli azionisti e i banchieri regnano (anche i banchieri centrali).<\/span><\/p>\n<p><span style=\"color: #000000;\">\u00c8 per questo che disfarsi dei ministri delle finanze indipendenti \u00e8 un obiettivo reale \u2013 quelli buoni non lavorano per il profitto ma per il popolo. I banchieri possono essere certi di quello che motiva altri banchieri: non sono sicuri da dove arrivino persone come Varoufakis (a suo grande credito).<\/span><\/p>\n<p><span style=\"color: #000000;\">Quindi sappiamo tutti che il disaccoppiamento di finanza\/banche commerciali negli Stati Uniti ha compiuto un grande passo avanti con l\u2019abolizione del\u00a0<em>Glass-Steagal Act<\/em>, e che la riduzione della supervisione governativa ha causato la crisi dei\u00a0<a style=\"color: #000000;\" href=\"https:\/\/it.wikipedia.org\/wiki\/Subprime\">mutui subprime<\/a>\u00a0negli USA.<\/span><\/p>\n<p><span style=\"color: #000000;\">Ma quanti si ricordano questa \u201cstoria antica\u201d di pochi anni addietro dall\u2019altra parte del Pacifico? Cosa \u00e8 successo quando il Giappone nel giro di una notte ha eliminato la supervisione governativa sulle banche seguendo gli accordi del Plaza? I banchieri giapponesi crearono il boom e il fallimento delle Tigri Asiatiche.<\/span><\/p>\n<p><span style=\"color: #000000;\">Come? Inondarono l\u2019area di crediti facili, e dopo li revocarono. Non essere in grado di pagare i tuoi conti in effetti \u00e8 una crisi\u2026.<\/span><\/p>\n<p><span style=\"color: #000000;\">E chi ha organizzato la Crisi del Debito Sovrano Europeo nei PIIGS? I banchieri nordeuropei: inondando l\u2019area di crediti e poi revocandoli.<\/span><\/p>\n<p><span style=\"color: #000000;\">Molti dicono che la Crisi del Debito Sovrano dell\u2019Eurozona sia finita, a dispetto di tutte le evidenze contrarie. (Le precedenti sei parti di questa serie hanno tentato di portare pi\u00f9 prove possibili per questa tesi.)<\/span><\/p>\n<p><span style=\"color: #000000;\">Dunque i paralleli multinazionali, regionali tra il sudest asiatico e la crisi europea sono del tutto corretti.<\/span><\/p>\n<p><span style=\"color: #000000;\">Ma adesso dobbiamo aggiungerci gli USA: anche qui hanno inondato il proprio mercato con prestiti immobiliari, poi di finanziamenti per automobili e di crediti per elettrodomestici, e infine di carte di credito al fine di cannibalizzare il proprio ricco mercato interno.<\/span><\/p>\n<p><span style=\"color: #000000;\">Quindi si dovrebbe pensare che la lezione da adesso dovrebbe essere chiara, perch\u00e9 vediamo chiaramente gli stessi risultati in tutte e tre le regioni che sono i frutti delle stesse motivazioni \u2013 capitalismo neoliberale.<\/span><\/p>\n<p><span style=\"color: #000000;\">In tutte e tre il governo avrebbe potuto utilizzare i propri poteri per mettere fine alla crisi, ma non lo ha fatto\/non lo fa. Il motivo si ritrova nel mio titolo: recessione forzata come strumento di guerra sociale contro il 99%, o, attuare \u201cle riforme\u201d.<\/span><\/p>\n<p><span style=\"color: #000000;\">Chiamate l\u2019obiettivo finale come preferite \u2013 peonaggio da debito moderno, nuova servit\u00f9 della gleba, Il Sistema del Latifondo Moderno \u2013 \u00e8 innegabile che gli Occidentali vivono (soffrono) all\u2019apice della dominazione globale del capitalismo.<\/span><\/p>\n<p><span style=\"color: #000000;\"><strong>Ma l\u2019Eurozona \u00e8 messa molto, molto peggio del Giappone, e continua a peggiorare<\/strong><\/span><\/p>\n<p><span style=\"color: #000000;\">Questo perch\u00e9 la Banca Centrale Europea, creata nel bel mezzo del periodo d\u2019oro del neoliberalismo americano e la morte dell\u2019URSS, purtroppo custodisce l\u2019indipendenza nel proprio statuto. Visto quanto vi ho riferito, questa cosa fa ridere \u2013 dovete ridere per non piangere!<\/span><\/p>\n<p><span style=\"color: #000000;\">La BCE non pu\u00f2 essere limitata da nessun Parlamento nazionale, n\u00e9 i suoi uffici possono essere sottoposti a perquisizioni \u2013 \u00e8 totalmente al di sopra della legge\u2026 proprio come l\u2019ONU, al netto della solidariet\u00e0 internazionalista. Il futuro dell\u2019Eurozona \u00e8 quindi senza speranza perch\u00e9 la BCE \u00e8 esclusivamente controllata dai banchieri \u2013 e da banchieri esteri \u2013 pi\u00f9 di quanto il Giappone o gli Stati Uniti siano mai stati.<\/span><\/p>\n<p><span style=\"color: #000000;\">Grazie all\u2019allarme lanciato da Varoufakis, che abbiamo lodato nel terzo articolo di questa serie, \u00e8 stata esposta alla luce quella cricca orribilmente antidemocratica di banchieri chiamata l\u2019Eurogruppo.<\/span><\/p>\n<p><span style=\"color: #000000;\">Dunque adesso dovremmo capire che quelli al timone a Bruxelles\/Eurogruppo hanno sempre avuto le risorse, il potenziale e la volont\u00e0 di essere\u00a0<em>ancora pi\u00f9 intenzionalmente distruttivi\u00a0<\/em>in modo capitalista che i loro colleghi di New York e Tokyo.<\/span><\/p>\n<p><span style=\"color: #000000;\">E questo \u00e8 quanto hanno fatto con questo potere.<\/span><\/p>\n<p><span style=\"color: #000000;\">(Come verr\u00e0 ulteriormente illustrato nella prossima sezione) Esattamente come il Giappone, il fallimento quasi decennale delle politiche di austerit\u00e0 dell\u2019Eurozona sta producendo abbastanza apatia, paura, disperazione, e acquiescenza da riuscire a forzare importanti \u201criforme\u201d alla rete di sicurezza e sociale e alla struttura sociale\/lavorativa guadagnate a caro prezzo nell\u2019Europa del dopoguerra:<\/span><\/p>\n<p><span style=\"color: #000000;\">I diritti dei lavoratori e dei sindacati non miglioreranno in un momento in cui i licenziamenti di massa vengono resi pi\u00f9 facili; i lavoratori non avranno la forza per pretendere la loro quota di profitti se non riescono ad ottenere neanche una settimana lavorativa intera; quando la \u201cdisoccupazione piena\u201d (i media mainstream non fanno mai menzione della \u201csottoccupazione\u201d) fa ritorno, ci\u00f2 avviene senza la stabilit\u00e0 dei contratti a tempo indeterminato, la norma in posti come la Francia; la consapevolezza che i rifugiati saranno felici di abbandonare le loro tende e prendere il vostro lavoro \u2013 combinata con il razzismo anti-sociale \u2013 sar\u00e0 un\u2019altra carta divisiva che i caporioni si giocheranno; e come possono \u201ccadere\u201d gli standard di vita quando quelli del 99% cadono tutti assieme? Questa sar\u00e0 la nuova \u201cnormalit\u00e0\u201d e, naturalmente, un successo per l\u20191%.<\/span><\/p>\n<p><span style=\"color: #000000;\">Ma va ancora peggio: un\u2019altra crisi \u00e8 in arrivo per l\u2019Europa \u2013 una crisi politica. In un grosso tradimento delle promesse dell\u2019era del 1991, un\u2019Europa a molte velocit\u00e0 \u00e8 gi\u00e0 stata annunciata dalle quatto maggiori economie. I paesi leader semplicemente si prenderanno i loro soldi, se ne torneranno a casa, e inizieranno a mandare le loro fatture mensili, e vi ho riferito di questa indiscutibile traiettoria nel quinto articolo di questa serie, \u201c<a style=\"color: #000000;\" href=\"http:\/\/sakeritalia.it\/europa\/leurozona-e-probabilmente-nel-suo-anno-finale-contrazione-in-arrivo\/\">L\u2019Eurozona \u00e8 probabilmente entrata nel suo anno finale, contrazione in arrivo<\/a>\u201d.<\/span><\/p>\n<p><span style=\"color: #000000;\"><strong>A un certo punto l\u2019Asia si disaccoppier\u00e0 dall\u2019Occidente<\/strong><\/span><\/p>\n<p><span style=\"color: #000000;\">Ma non subito. Forse perch\u00e9 la Cina socialista non \u00e8 abbastanza forte da costituire un partner migliore? Il Giappone dovrebbe rendersi conto che, con amici come questi, che bisogno ha di nemici?<\/span><\/p>\n<p><span style=\"color: #000000;\">Il giapponese Shinzo Abe pu\u00f2 essere visto come un chiaro precursore di Macron: dopo 15 anni di quasi-recessione, una popolazione percossa, disperata e male indirizzata ha votato la\u00a0<em>Abenomics<\/em>, che \u00e8 basata sull\u2019alleggerimento quantitativo e sullo stesso tipo di \u201criforme\u201d strutturali contro cui i Francesi hanno resistito tanto a lungo.<\/span><\/p>\n<p><span style=\"color: #000000;\">Abe \u00e8 stato appena rieletto Primo Ministro questa settimana. Il QE, proprio come in Europa oggi, \u00e8 stato celebrato come un campione semplicemente per avere raggiunto il patetico obiettivo di \u201caver evitato la recessione\u201d. \u00a0Ha anche tratto beneficio dalla crisi appena fabbricata con la Corea del Nord che gli ha dato la tipica spinta elettorale di un paese fortemente nazionalista come il Giappone. Abe \u00e8 arrivato al potere solo nel 2012 quando il partito \u201cdi finta sinistra\u201d da lungo tempo al potere,\u00a0 \u00e8 stato finalmente punito per aver continuato con le scelte economiche conservatrici, regressive e disprezzate successive all\u2019Accordo del Plaza.<\/span><\/p>\n<p><span style=\"color: #000000;\">I risultati dell\u2019Abenomics sono chiari: tristi per gli standard capitalisti, criminali per quelli socialisti.<\/span><\/p>\n<p><span style=\"color: #000000;\">Il QE di Abe \u2013 a parte i cambiamenti sociali alla struttura del lavoro che lo accompagnano \u2013 \u00e8 astronomico se confrontato con quello della BCE e quello della FED: in percentuale al PIL del paese \u00e8 tre volte pi\u00f9 grande di quello delle sue controparti occidentali, approssimandosi al 100%.<\/span><\/p>\n<p><span style=\"color: #000000;\">Ma se pensate che il Giappone sia peggio dell\u2019Europa, state sbagliando \u2013 la ragione \u00e8 il nazionalismo economico, forse l\u2019unica difesa rimasta contro la globalizzazione (assumendo che voi stupidamente respingiate il socialismo, la soluzione):<\/span><\/p>\n<p><span style=\"color: #000000;\">Il fatto \u00e8 che il popolo giapponese possiede il debito giapponese. Il 95% del debito pubblico \u00e8 detenuto da cittadini giapponesi; non si rischia quindi la fuga dei capitali; i cittadini non faranno crollare i propri Buoni del Tesoro; non puoi ipotecarti entrambi i nonni perch\u00e9 non avresti dove passare le vacanze; il governo del Giappone pertanto ha una flessibilit\u00e0 enorme nel tirarsi fuori dai problemi con la stampa di denaro (il problema \u00e8 che loro non stampano per fare investimenti produttivi); la Germania, gli Stati Uniti\u00a0 o la Cina non possono imporre i propri voleri su Tokyo come hanno fatto con Atene.<\/span><\/p>\n<p><span style=\"color: #000000;\">Pertanto, il problema del Giappone non sono i capitalisti internazionali, ma i capitalisti nazionali; se riuscissero a sottomettere il loro 1%, il mondo seguirebbe il loro esempio come in tanti stanno seguendo quello di Pechino.<\/span><\/p>\n<p><span style=\"color: #000000;\">Il Giappone, \u00e8 stato scritto tante volte da quando \u00e8 stato \u201daperto\u201d all\u2019Occidente alla fine del XIX secolo, apparentemente ha ancora una specie di complesso di inferiorit\u00e0 riguardo ad esso: hanno scelto di scimmiottarlo pateticamente a esclusivo beneficio del loro 1%. Dovrebbero leggere Franz Fanon per capire la psicologia dei colonizzati, che \u00e8 ci\u00f2 che sono culturalmente, anche se non economicamente.<\/span><\/p>\n<p><span style=\"color: #000000;\">Per tornare all\u2019argomento di questa serie \u2013 le previsioni per il prossimo futuro dell\u2019Eurozona: il Giappone ne \u00e8 un chiaro modello anticipatore:<\/span><\/p>\n<p><span style=\"color: #000000;\">Il tasso di crescita del Giappone dal 1990 \u00e8 circa uguale a quello della Francia dal 2010 \u2013 sempre attorno all\u20191%. Questo \u00e8 sufficiente ad evitare che sui giornali titolino \u201crecessione\u201d che fa cattiva stampa, ma non \u00e8 sufficiente a produrre una vera crescita. \u00c8 abbastanza perch\u00e9 politici senza idee possano dire che i tempi buoni siano \u201cproprio dietro l\u2019angolo\u201d, e abbastanza perch\u00e9 cittadini \u201c che sempre di pi\u00f9 devono sforzarsi per mettere il cibo sulla tavola\u201d preghino che finalmente i politici abbiano ragione.<\/span><\/p>\n<p><span style=\"color: #000000;\">Che siano in giapponese o in francese, i media capitalisti e le risposte ufficiali dei governi sono le stesse. Il filo conduttore comune \u00e8 che hanno abbracciato il capitalismo neoliberale di stile anni \u201980, la peggior forma di capitalismo realizzato nell\u2019era post-industriale. Questo \u00e8 anche noto come \u201cla American Way,\u201d o globalizzazione.<\/span><\/p>\n<p><span style=\"color: #000000;\"><strong>Dunque la crisi del debito sovrano europea \u00e8 stata risolta o posticipata da Draghi?<\/strong><\/span><\/p>\n<p><span style=\"color: #000000;\">Questa intera serie si basa sull\u2019idea che Draghi dovr\u00e0 mettere fine al QE prima o poi, e che quando lo far\u00e0, i mercati obbligazionari torneranno alla crisi del 2012 perch\u00e9 niente \u00e8 migliorato fondamentalmente da allora.<\/span><\/p>\n<p><span style=\"color: #000000;\">Il 25 ottobre, il presidente della BCE Mario Draghi ha tenuto il suo tanto atteso discorso. Cos\u00ec, si \u00e8 trattato di pi\u00f9 \u201csoldi gratis\u201d all\u20191%, o inizieranno a cercare altri investimenti spietati, capitalisti, speculativi?<\/span><\/p>\n<p><span style=\"color: #000000;\">Quindi\u2026. Prego, rullo di tamburi\u2026<\/span><\/p>\n<p><span style=\"color: #000000;\"><a style=\"color: #000000;\" href=\"http:\/\/www.bbc.com\/news\/business-41762464\">Posticipata<\/a>\u00a0<em>[in inglese]<\/em>!<\/span><\/p>\n<p><span style=\"color: #000000;\">Draghi si \u00e8 rifiutato di usare la spaventosa parola \u201ctapering\u201d\u00a0<em>[assottigliamento, attenuazione]<\/em>ma la BCE sta facendo proprio questo passando da 60 miliardi di euro a 30 miliardi di euro in acquisti di obbligazioni ogni mese, per nove mesi. Questo porter\u00e0 l\u2019intero ammontare dalla BCE a circa 2.600 miliardi di \u20ac. Draghi proprio non aveva scelta riguardo alla durata di nove mesi \u2013 il QE deve terminare perch\u00e9 non ci sono quasi pi\u00f9 Titoli di Stato da acquistare secondo le regole attuali.<\/span><\/p>\n<p><span style=\"color: #000000;\">Dunque \u00e8 stato semplicemente un posticipo, e un\u2019ammissione che l\u2019economia dell\u2019Eurozona non \u00e8 ancora preparata a reggersi in piedi senza quotidiani salvataggi governativi dei banchieri. Ma, state attenti a non ingannarvi \u2013 niente \u00e8 stato dato al 99%.<\/span><\/p>\n<p><span style=\"color: #000000;\">Quando avranno esaurito i Titoli di Stato, magari cambieranno le regole per comprarne di pi\u00f9\u2026? Difficile, perch\u00e9 la Germania (Ovest) capitalista dura e pura \u00e8 stanca di rimandare l\u2019ovvio \u2013 e oh-tanto-conveniente sbudellamento condotto dalla Troika nei confronti di molto pi\u00f9 che la sola Grecia.<\/span><\/p>\n<p><span style=\"color: #000000;\">Oppure, la BCE potr\u00e0 fare la mossa di comprare obbligazioni societarie? Forse questo terr\u00e0 buoni temporaneamente gli speculatori, ma non cambier\u00e0 il fatto che i mercati obbligazionari nazionali \u2013 totalmente disaccoppiati tra loro, nonostante convivano in un progetto multinazionale \u2013 torneranno a dove si trovavano nel 2012 il prossimo settembre. I governi avranno ancora necessit\u00e0 di vendere obbligazioni\u2026<\/span><\/p>\n<p><span style=\"color: #000000;\">Quindi la dichiarazione di Draghi non ha scosso i mercati obbligazionari perch\u00e9 lo status quo non \u00e8 stato cambiato \u2013 il barattolo \u00e8 stato nuovamente scalciato per strada.<\/span><\/p>\n<p><span style=\"color: #000000;\">Ma niente cambia il fatto cruciale che cinque anni di QE sono andati verso l\u20191%, i mercati azionari e attivit\u00e0 come gli immobili, i gioielli e le opere d\u2019arte, anzich\u00e9 in investimenti produttivi congegnati per produrre lavoro, crescita e prosperit\u00e0 per il 99%\u2026 o qualunque altra cosa avrebbe migliorato l\u2019\u201deconomia reale\u201d e pertanto ridotto le possibilit\u00e0 di un\u2019altra crisi.<\/span><\/p>\n<p><span style=\"color: #000000;\">Voil\u00e0\u2026. Questa \u00e8 la situazione in cui si trova l\u2019Eurozona oggi \u2013 l\u2019anello pi\u00f9 grosso dell\u2019economia globale, e anche il pi\u00f9 debole.<\/span><\/p>\n<p><span style=\"color: #000000;\">Grazie per leggere questa serie, e posticipiamo il nostro appuntamento.<\/span><\/p>\n<p><span style=\"color: #000000;\">Vediamoci il prossimo settembre, Mario! Potreste sperare in un miracolo, ma non crescer\u00e0 una coscienza all\u2019alta finanza per quella data. Comprate Bitcoin, finch\u00e9 sono ancora a 4 cifre!<\/span><\/p>\n<p><span style=\"color: #000000;\">Spiacente di aggiungere qui che io non ho neanche parlato delle tre regioni occidentali, gli Stati Uniti, l\u2019Eurozona e il Giappone, che non hanno un piano realizzabile per vendere tutto questo massiccio debito del QE al settore privato. Inonderanno il mercato nello stesso momento, quando non potr\u00e0 esserci sufficiente domanda, e pertanto avranno reali difficolt\u00e0 ad eliminare questi debiti dai loro registri. Qualcuno dovr\u00e0 subire dei tagli \u2013 sotto il capitalismo tocca sempre al popolo. Ma\u2026 siccome il popolo ha gi\u00e0 salvato le banche, i tagli li subiranno i salari e la stabilit\u00e0.<\/span><\/p>\n<p><span style=\"color: #000000;\">Quindi da dove arriva questo \u201cscarico del taglio del QE\u201d? Ditemelo voi\u2026<\/span><\/p>\n<p><span style=\"color: #000000;\"><strong>Gli errori pianificati non sono \u2018errori\u2019 \u2013 per questo \u00e8 necessario il governo economico socialista<\/strong><\/span><\/p>\n<p><span style=\"color: #000000;\">Alla fine, non c\u2019\u00e8 via d\u2019uscita: la spesa pubblica \u00e8 il solo modo. Dopotutto, riscuoteremo sempre le tasse.<\/span><\/p>\n<p><span style=\"color: #000000;\">Ma c\u2019\u00e8 la spesa pubblica nei paesi capitalisti (dove i banchieri decidono dove vanno i soldi \u2013 nelle loro tasche), e c\u2019\u00e8 la spesa pubblica nei paesi socialisti (dove burocrati eletti\/nominati\/licenziabili\/imprigionabili decidono dove vanno i soldi): decidete voi qual \u00e8 meglio.<\/span><\/p>\n<p><span style=\"color: #000000;\">Sia Werner che Hudson (con la sua essenziale critica moderna del settore FAI (Finanziario Assicurativo Immobiliare) che sta dissanguando l\u2019Occidente con l\u2019usura come aveva gi\u00e0 fatto nel 500AC, nel 500 AD, nel 1500AD e in tutti gli anni in mezzo) non accusano l\u2019alleggerimento quantitativo di per s\u00e9 \u2013 denunciano il fatto che venga utilizzato a beneficio dell\u20191%. Questa \u00e8 economia elementare e semplice storia economica\u2026.<\/span><\/p>\n<p><span style=\"color: #000000;\">Riguardo alla storia politica e al progetto pan-europeo: \u00e8 conoscenza comune che i padri fondatori dell\u2019Europa speravano che l\u2019unione monetaria avrebbe condotto all\u2019unione politica, al fine di sostenere la suddetta unione monetaria. \u00c8 anche chiaro che speravano che una crisi economica avrebbe causato degli sforzi verso un\u2019unione politica pi\u00f9 stretta.<\/span><\/p>\n<p><span style=\"color: #000000;\">Ma questo non \u00e8 un piano democratico, neanche per idea! Questo \u00e8 un ricatto nei confronti del Popolo Europeo!<\/span><\/p>\n<p><span style=\"color: #000000;\">Questo \u00e8 il mai discusso antidemocratico segreto a fondamento del progetto pan-europeo, simile alla schiavit\u00f9 negli Stati Uniti, all\u2019imperialismo nella Repubblica Francese, e forse alla fasciatura dei piedi nella moderna Cina Imperiale. Solo una di queste regioni ha messo in atto una rivoluzione popolare moderna per rigettare questo sistema empio\u2026.<\/span><\/p>\n<p><span style=\"color: #000000;\">E voi lo potrete chiamare prendere ostaggi, opportunismo, e pura e semplice crudelt\u00e0 sadica, perch\u00e9 l\u2019\u00e9lite capitalista dell\u2019Europa sapeva che quando sarebbe inevitabilmente arrivata la prossima crisi finanziaria nel capitalismo,\u00a0<em>in tutto il mondo sarebbe stata prodotta\u00a0<\/em>una grande sofferenza a causa di una mal congegnata unione monetaria.<\/span><\/p>\n<p><span style=\"color: #000000;\">Forse l\u2019unico punto di questa serie \u00e8 provare che niente \u00e8 cambiato nell\u2019Eurozona dal 2012, e che la Spagna e l\u2019Italia sono ancora sulla soglia di un salvataggio punitivo ad opera della Troika. Proprio come le Tigri Asiatiche e la Grecia sono state buttate fuori \u2013 il pedaggio richiesto da banchieri\/Troika \u00e8 terribile, cos\u00ec terribile che le \u201criforme\u201d vengono accettate in posti come la Francia in un appello per la carit\u00e0 preventiva.<\/span><\/p>\n<p><span style=\"color: #000000;\">Il che \u00e8 il motivo per cui c\u2019\u00e8 una resistenza: la Brexit \u00e8 stata seguita dalla Catalogna, che \u00e8 stata seguita dalla Catalogna, che sar\u00e0 seguita dalla partenza dell\u2019Europa Centrale quando arriver\u00e0 l\u2019\u201dEuropa a velocit\u00e0 multiple\u201d, che sar\u00e0 seguita da qualche altra \u2013<em>exit<\/em>\u00a0finch\u00e9 esister\u00e0 questo atroce status quo in Europa.<\/span><\/p>\n<p><span style=\"color: #000000;\">Il comunismo \u00e8, dopotutto un intero sistema culturale e non solo un punto di vista economico. Perch\u00e9 lo scopo attuale di questo particolare progetto pan-europeo \u00e8 cos\u00ec spietatamente capitalista eppure \u00e8 stato cos\u00ec tanto assorbito senza neanche pensarci, che ci vorranno molti anni di rieducazione per imparare cosa sia la vera, armonica solidariet\u00e0 pan-europea.<\/span><\/p>\n<p><span style=\"color: #000000;\">La giuria \u00e8 pronta per quale verr\u00e0 prima: solidariet\u00e0 o rottura.<\/span><\/p>\n<p><span style=\"color: #000000;\"><strong>Conclusione: o aspiri all\u20191% imperialista oppure osi il sogno socialista<\/strong><\/span><\/p>\n<p><span style=\"color: #000000;\">Ho recentemente intervistato un gestore di un importante fondo di investimenti, per il mio lavoro con Press TV. Dopo la nostra intervista i 15 minuti, me ne sono andato pensando che non ero d\u2019accordo con niente di ci\u00f2 che quell\u2019investitore finanziario aveva detto \u2013 il che non \u00e8 sorprendente data la mia adesione al comunismo. Dopo abbiamo chiacchierato mentre lui fumava, e ha sciorinato vari clich\u00e9 e stereotipi per spiegare l\u2019economia di ogni regione globale. Dovevamo filmare il suo ufficio per ottenere altre immagini per il nostro servizio e, poich\u00e9 probabilmente aveva visto che stavo leggendo la sua rivista di investimenti per passare il tempo, stamp\u00f2 un articolo di 10 pagine che aveva scritto da poco tempo. Sono andato all\u2019ultima pagina per leggere le sue conclusioni, ed eccovi la sua terzultima frase:<\/span><\/p>\n<p><span style=\"color: #000000;\"><em>\u201cQuando si considera il livello delle valutazioni del mercato azionario, scopriamo che si pu\u00f2 individuare il momento per installare stabilmente le riforme fiscali che \u2013 finalmente mettere in atto il sistema americano.\u201d<\/em><\/span><\/p>\n<p><span style=\"color: #000000;\">E questo tizio \u00e8 un francese\u2026. Non penso che \u201cil sistema americano\u201d fosse quello che voleva de Gaulle, o ci\u00f2 per cui i francesi hanno combattuto contro i tedeschi e, cosa ancora pi\u00f9 importante, \u00e8 quello che vuole il popolo francese? Quest\u2019ultimo argomento, dovuto ai dettami della sovranit\u00e0 nazionale, potrebbe essere pi\u00f9 importante del punto chiave che il modello americano non funziona neanche per la persona media.<\/span><\/p>\n<p><span style=\"color: #000000;\">Penso che la frase finale dell\u2019investitore finanziario riveli la ovvia collusione in atto tra l\u2019alta finanza e le banche centrali:<\/span><\/p>\n<p><span style=\"color: #000000;\"><em>\u201cSembra necessario che ci sia una maggiore chiarezza sulle politiche monetarie delle due banche centrali\u00a0<\/em><em>(US Fed &amp; BCE)\u00a0non solo nelle direzione verso cui conducono, ma sulle tempistiche e l\u2019ampiezza di questo percorso.\u201d<\/em><\/span><\/p>\n<p><span style=\"color: #000000;\">Siate pur sicuri che nessuno nella comunit\u00e0 di investitori, banchieri, o banchieri centrali legger\u00e0 questa serie di articoli.<\/span><\/p>\n<p><span style=\"color: #000000;\">Anche se solo ne sentissero l\u2019odore, la scarterebbero immediatamente, poich\u00e9 produrrebbe una dolorosa e immediata dissonanza cognitiva tra le loro false assunzioni e le loro egoistiche conclusioni.<\/span><\/p>\n<p><span style=\"color: #000000;\">Perch\u00e9 essi non riescono a tollerare idee differenti, vivono in una piccola bolla isolata, e non vogliono che niente li tocchi fisicamente o addirittura intellettualmente. Sembra che sperino di fare tanti soldi velocemente, al fine di sfuggire alla routine quotidiana, alle masse sudate, all\u2019idea che tutto il lavoro sia uguale.<\/span><\/p>\n<p><span style=\"color: #000000;\">Terminer\u00f2 questa serie di 7 articoli con una citazione da Varoufakis perch\u00e9, a dispetto della mia esperienza-sul terreno da giornalista di inchieste quotidiane (in cui l\u2019estensione e I\u2019urgenza conferiscono reale virt\u00f9), le persone preferiranno ascoltare le sue parole (falsamente di sinistra) piuttosto che le mie.<\/span><\/p>\n<p><span style=\"color: #000000;\"><em>\u201cCredere che il problema dell\u2019Europa sia il debito. Non il progetto architetturale dell\u2019Eurozona. Non le sue regole inapplicabili. Ma il debito. Il debito non \u00e8 mai stato il problema dell\u2019Europa. Ma era un sintomo di un\u2019orribile ingegneria istituzionale.\u201d<\/em><\/span><\/p>\n<p><span style=\"color: #000000;\">La tragedia dell\u2019austerit\u00e0 europea che vi ho riferito e che sto vivendo \u00e8 che assicura che chi \u00e8 indebitato non sar\u00e0 mai in grado di ripagare: la Grecia non pagher\u00e0 mai quello che deve \u2013 se ci credete, \u00e8 la prova che siete stati ingannati dai media.<\/span><\/p>\n<p><span style=\"color: #000000;\">\u00c8 stato detto loro \u201cno salvataggi, e no bancarotte\u201d \u2026 questo potr\u00e0 finire solo con una rivoluzione o una sospensione della condanna a morte da parte dei loro padroni monetari. Il Terzo Mondo sa che il governatore non chiama mai in tempo\u2026.<\/span><\/p>\n<p><span style=\"color: #000000;\">L\u2019imperialismo europeo si \u00e8 rivolto al proprio interno. Questa lezione deve essere imparata. Il popolo deve pretendere nuove regole. Queste regole non possono essere capitaliste.<\/span><\/p>\n<p><span style=\"color: #000000;\"><strong>tratto da:<\/strong><\/span> <a href=\"https:\/\/comedonchisciotte.org\/recessione-forzata-come-strumento-di-guerra-sociale-contro-il-99\/\"><span style=\"color: #000000;\">(clicca qui)<\/span><\/a><\/p>\n","protected":false},"excerpt":{"rendered":"<p>La tragedia dell\u2019austerit\u00e0 europea \u00e8 che assicura che chi \u00e8 indebitato non sar\u00e0 mai in grado di ripagare &nbsp; &nbsp; &nbsp; &nbsp; &nbsp; &nbsp; &nbsp; &nbsp; &nbsp; &nbsp; &nbsp; &nbsp; &nbsp; &nbsp; Se non capite subito questo titolo, non avete afferrato qual \u00e8 l\u2019obiettivo primario del capitalismo neoliberale degli ultimi 40 anni circa. Smettetela di [&hellip;]<\/p>\n","protected":false},"author":59,"featured_media":0,"comment_status":"closed","ping_status":"closed","sticky":false,"template":"","format":"standard","meta":[],"categories":[1],"tags":[],"_links":{"self":[{"href":"https:\/\/www.mlnsardu.org\/wordpress\/wp-json\/wp\/v2\/posts\/8313"}],"collection":[{"href":"https:\/\/www.mlnsardu.org\/wordpress\/wp-json\/wp\/v2\/posts"}],"about":[{"href":"https:\/\/www.mlnsardu.org\/wordpress\/wp-json\/wp\/v2\/types\/post"}],"author":[{"embeddable":true,"href":"https:\/\/www.mlnsardu.org\/wordpress\/wp-json\/wp\/v2\/users\/59"}],"replies":[{"embeddable":true,"href":"https:\/\/www.mlnsardu.org\/wordpress\/wp-json\/wp\/v2\/comments?post=8313"}],"version-history":[{"count":10,"href":"https:\/\/www.mlnsardu.org\/wordpress\/wp-json\/wp\/v2\/posts\/8313\/revisions"}],"predecessor-version":[{"id":8323,"href":"https:\/\/www.mlnsardu.org\/wordpress\/wp-json\/wp\/v2\/posts\/8313\/revisions\/8323"}],"wp:attachment":[{"href":"https:\/\/www.mlnsardu.org\/wordpress\/wp-json\/wp\/v2\/media?parent=8313"}],"wp:term":[{"taxonomy":"category","embeddable":true,"href":"https:\/\/www.mlnsardu.org\/wordpress\/wp-json\/wp\/v2\/categories?post=8313"},{"taxonomy":"post_tag","embeddable":true,"href":"https:\/\/www.mlnsardu.org\/wordpress\/wp-json\/wp\/v2\/tags?post=8313"}],"curies":[{"name":"wp","href":"https:\/\/api.w.org\/{rel}","templated":true}]}}