{"id":8258,"date":"2017-12-05T19:22:38","date_gmt":"2017-12-05T18:22:38","guid":{"rendered":"http:\/\/www.mlnsardu.org\/wordpress\/?p=8258"},"modified":"2017-12-05T19:22:38","modified_gmt":"2017-12-05T18:22:38","slug":"2017-12-05-corsica-i-nazionalisti-salgono-al-45","status":"publish","type":"post","link":"https:\/\/www.mlnsardu.org\/wordpress\/2017-12-05-corsica-i-nazionalisti-salgono-al-45\/","title":{"rendered":"2017.12.05 &#8211; Corsica, i nazionalisti salgono al 45%"},"content":{"rendered":"<h1><span style=\"color: #993300;\"><em>Per il leader degli indipendentisti Jean-Guy Talamoni il risultato \u00e8 un \u00abmessaggio al continente\u00bb, di cui \u00abParigi dovr\u00e0 tener conto\u00bb.<\/em><\/span><\/h1>\n<p>&nbsp;<\/p>\n<p><a href=\"http:\/\/www.mlnsardu.org\/wordpress\/wp-content\/uploads\/2017\/12\/AFP_UU47U1-kjGI-835x437@IlSole24Ore-Web.jpg\"><img decoding=\"async\" loading=\"lazy\" class=\"alignleft size-full wp-image-8257\" src=\"http:\/\/www.mlnsardu.org\/wordpress\/wp-content\/uploads\/2017\/12\/AFP_UU47U1-kjGI-835x437@IlSole24Ore-Web.jpg\" alt=\"AFP_UU47U[1]-kjGI--835x437@IlSole24Ore-Web\" width=\"835\" height=\"437\" srcset=\"https:\/\/www.mlnsardu.org\/wordpress\/wp-content\/uploads\/2017\/12\/AFP_UU47U1-kjGI-835x437@IlSole24Ore-Web.jpg 835w, https:\/\/www.mlnsardu.org\/wordpress\/wp-content\/uploads\/2017\/12\/AFP_UU47U1-kjGI-835x437@IlSole24Ore-Web-300x157.jpg 300w, https:\/\/www.mlnsardu.org\/wordpress\/wp-content\/uploads\/2017\/12\/AFP_UU47U1-kjGI-835x437@IlSole24Ore-Web-768x402.jpg 768w, https:\/\/www.mlnsardu.org\/wordpress\/wp-content\/uploads\/2017\/12\/AFP_UU47U1-kjGI-835x437@IlSole24Ore-Web-250x131.jpg 250w\" sizes=\"(max-width: 835px) 100vw, 835px\" \/><\/a><\/p>\n<h2 style=\"text-align: center;\"><span style=\"color: #0000ff;\"><em><strong>Il leader dei nazionalisti Gilles Simeoni festeggia con i sostenitori<\/strong><\/em><\/span><\/h2>\n<p>&nbsp;<\/p>\n<p><span style=\"color: #000000;\">Netta affermazione dei nazionalisti in Corsica. La lista P\u00e8 a Corsica, che raggruppa gli autonomisti di Gilles Simeoni e gli indipendentisti di Jean-Guy Talamoni, ha raccolto al primo turno il 45,36% dei voti contro il 24,35% del 2015 (36% al secondo turno). Il movimento del presidente Emmanuel Macron, En marche!, che nell\u2019isola si presenta come And\u00e0 per dumane, ha invece raccolto solo l\u201911,26% dei voti. Limitata la partecipazione: ha votato il 52,17%, meno del 59,88% di due anni fa.<\/span><\/p>\n<p><span style=\"color: #000000;\"><strong>Regionalisti al 15% <\/strong><\/span><\/p>\n<p><span style=\"color: #000000;\">Tra gli altri partiti \u201cfrancesi\u201d, i repubblicani (Voir plus grand pour elle) hanno raccolto il 12,77%. Nel 2015 le due liste di destra avevano ottenuto quasi il 26% al primo turno (e il 21,6% al secondo).<\/span><\/p>\n<p><span style=\"color: #000000;\">L\u2019unica altra lista che ha superato la soglia del 7% e parteciper\u00e0 al secondo turno, \u00e8 la destra regionalista di Jean-Martin Mondolini: A strada di l\u2019avvene (la strada dell\u2019avvenire) ha raccolto il 14,97%. Un po\u2019 a sorpresa, il movimento che si considera 100% corso e 100% francese e che tenta di tener insieme le due identit\u00e0 \u00e8 riuscita a fare meglio \u2013 in un\u2019elezione dominata dal tema del futuro politico, istituzionale e anche economico dell&#8217;isola \u2013 della tradizionale destra francese.<\/span><\/p>\n<p><span style=\"color: #000000;\"><strong>Sinistra e Front nazional esclusi dall\u2019assemblea <\/strong><\/span><\/p>\n<p><span style=\"color: #000000;\">Tra gli esclusi, la sinistra nazionalista di U rinnovu, (6,69%, dal 2,6%). La lista della sinistra francese L\u2019avenir, la Corse en commun, inedita alleanza (rinnegata da Parigi) tra La Corse Insoumise, espressione corsa della France Insoumise di Jean-Luc M\u00e9lenchon, e il Partito comunista (Pcf) ha raccolto il 5,68%. Un risultato deludente: due anni fa le formazioni di sinistra avevano raccolto complessivamente il 24% al primo turno e il 23,5%% al secondo. Sconfitta netta anche per il Front national, con il 3.28% (dal 10,58%) .<\/span><\/p>\n<p><span style=\"color: #000000;\"><strong>Simeoni: \u00abOra negoziato con la Francia\u00bb<\/strong><\/span><\/p>\n<p><span style=\"color: #000000;\">I leader nazionalisti chiedono ora al governo di Parigi di tener conto del voto. \u00abVogliamo aprire un negoziato con la Francia\u00bb, ha spiegato Gilles Simeoni a Europe1, escludendo per\u00f2 ogni paragone con la Catalogna: \u00abIl modello catalano non \u00e8 trasferibile alla Corsica\u00bb, ha aggiunto, spiegando che l\u2019indipendenza \u00abnon \u00e8 il problema, ora\u00bb e garantendo che l\u2019isola ha abbandonato la lotta armata. La richiesta \u00e8 comunque quella di un cambiamento della Costituzione francesa che riconosca la specificit\u00e0 corsa: \u00abSe la Costituzione non rappresenta un popolo &#8211; ha aggiunto &#8211; spetta alla Costituzione cambiare, non al popolo scomparire\u00bb.<\/span><\/p>\n<p><span style=\"color: #000000;\"><strong>Talamoni: niente indipendenza per dieci anni<\/strong><\/span><\/p>\n<p><span style=\"color: #000000;\">Per il leader degli indipendentisti Jean-Guy Talamoni il risultato \u00e8 un \u00abmessaggio al continente\u00bb, di cui \u00abParigi dovr\u00e0 tener conto\u00bb. Le richieste sono il riconoscimento ufficiale della lingua corsa, un\u2019amnistia per i prigionieri politici corsi e la possibilit\u00e0 di introdurre una legge che attribuisca una sorta di prelazione ai residenti corsi su affitti e vendite di abitazioni per ovviare all\u2019aumento dei prezzi degli immobili, saliti grazie al turismo. Talamoni ha garantito che per i prossimi dieci anni non ci saranno rivendicazioni di indipendenza.<\/span><\/p>\n<p>&nbsp;<\/p>\n<p><span style=\"color: #000000;\"><strong>Domenica il secondo turno <\/strong><\/span><\/p>\n<p><span style=\"color: #000000;\">Domenica prossima, il secondo turno elegger\u00e0 attraverso un sistema proporzionale i rappresentanti della nuova Assemblea della Collettivit\u00e0 unica che sostituisce i due dipartimenti e la collettivit\u00e0 territoriale eletta nel 2015.<\/span><\/p>\n<p><span style=\"color: #000000;\"><strong>tratto da:<\/strong><a href=\"http:\/\/www.ilsole24ore.com\/art\/mondo\/2017-12-04\/corsica-nazionalisti-salgono-45percento-004706.shtml?uuid=AEtvnjMD&amp;refresh_ce=1\"> (clicca qui)<\/a><\/span><\/p>\n<p>&nbsp;<\/p>\n<p>&nbsp;<\/p>\n","protected":false},"excerpt":{"rendered":"<p>Per il leader degli indipendentisti Jean-Guy Talamoni il risultato \u00e8 un \u00abmessaggio al continente\u00bb, di cui \u00abParigi dovr\u00e0 tener conto\u00bb. &nbsp; Il leader dei nazionalisti Gilles Simeoni festeggia con i sostenitori &nbsp; Netta affermazione dei nazionalisti in Corsica. La lista P\u00e8 a Corsica, che raggruppa gli autonomisti di Gilles Simeoni e gli indipendentisti di Jean-Guy [&hellip;]<\/p>\n","protected":false},"author":59,"featured_media":0,"comment_status":"closed","ping_status":"closed","sticky":false,"template":"","format":"standard","meta":[],"categories":[1],"tags":[],"_links":{"self":[{"href":"https:\/\/www.mlnsardu.org\/wordpress\/wp-json\/wp\/v2\/posts\/8258"}],"collection":[{"href":"https:\/\/www.mlnsardu.org\/wordpress\/wp-json\/wp\/v2\/posts"}],"about":[{"href":"https:\/\/www.mlnsardu.org\/wordpress\/wp-json\/wp\/v2\/types\/post"}],"author":[{"embeddable":true,"href":"https:\/\/www.mlnsardu.org\/wordpress\/wp-json\/wp\/v2\/users\/59"}],"replies":[{"embeddable":true,"href":"https:\/\/www.mlnsardu.org\/wordpress\/wp-json\/wp\/v2\/comments?post=8258"}],"version-history":[{"count":5,"href":"https:\/\/www.mlnsardu.org\/wordpress\/wp-json\/wp\/v2\/posts\/8258\/revisions"}],"predecessor-version":[{"id":8263,"href":"https:\/\/www.mlnsardu.org\/wordpress\/wp-json\/wp\/v2\/posts\/8258\/revisions\/8263"}],"wp:attachment":[{"href":"https:\/\/www.mlnsardu.org\/wordpress\/wp-json\/wp\/v2\/media?parent=8258"}],"wp:term":[{"taxonomy":"category","embeddable":true,"href":"https:\/\/www.mlnsardu.org\/wordpress\/wp-json\/wp\/v2\/categories?post=8258"},{"taxonomy":"post_tag","embeddable":true,"href":"https:\/\/www.mlnsardu.org\/wordpress\/wp-json\/wp\/v2\/tags?post=8258"}],"curies":[{"name":"wp","href":"https:\/\/api.w.org\/{rel}","templated":true}]}}