{"id":8200,"date":"2017-10-20T11:00:57","date_gmt":"2017-10-20T09:00:57","guid":{"rendered":"http:\/\/www.mlnsardu.org\/wordpress\/?p=8200"},"modified":"2017-10-20T11:06:40","modified_gmt":"2017-10-20T09:06:40","slug":"2017-10-20-senza-catalogna-la-spagna-crolla-rischio-bagno-di-sangue","status":"publish","type":"post","link":"https:\/\/www.mlnsardu.org\/wordpress\/2017-10-20-senza-catalogna-la-spagna-crolla-rischio-bagno-di-sangue\/","title":{"rendered":"2017.10.20 &#8211; Senza Catalogna la Spagna crolla: rischio bagno di sangue"},"content":{"rendered":"<h1><span style=\"color: #993300;\"><em>Nel 2010 la Corte Costituzionale ha annullato l\u2019autonomia fiscale catalana perch\u00e9 se non l\u2019avesse fatto la Spagna sarebbe fallita. Senza Barcellona, la Spagna non sta in piedi<\/em><\/span><\/h1>\n<p>&nbsp;<\/p>\n<p style=\"margin: 0cm; margin-bottom: .0001pt; text-align: justify; line-height: 11.7pt; background: white;\"><span style=\"font-size: 9pt; font-family: Verdana, sans-serif; color: #000000;\">Repressione brutale della Catalogna, a meno che Bruxelles non conceda robusti sgravi a Madrid. Perch\u00e9 la tempesta iberica \u00e8 essenzialmente economica: la coperta \u00e8 sempre pi\u00f9 corta e, senza Barcellona, la Spagna non sta in piedi. Lo sostiene Jesus de Colon in un\u2019analisi su\u00a0<a style=\"outline: none; color: #000000;\" title=\"Jesus de Colon su Scenari Economici\" href=\"https:\/\/scenarieconomici.it\/la-radice-della-crisi-catalana\/\" target=\"_blank\">\u201cScenari Economici<\/a>\u201d: prima ancora che una questione di lingua e cultura, la rivolta catalana nasce dalla volont\u00e0 di smettere di sostenere finanziariamente le regioni pi\u00f9 arretrate, come l\u2019Andalusia e l\u2019Estremadura. Ma senza i soldi della Catalogna, il tenore di vita spagnolo sarebbe destinato a crollare. Certo \u00e8 normale che i catalani vogliano smarcarsi dalla Spagna, \u00abil paese con pi\u00f9 nobili in tutta\u00a0<a style=\"outline: none; color: #000000;\" title=\"Post taggati con Europa\" href=\"http:\/\/www.libreidee.org\/tag\/europa\/\"><b>Europa<\/b><\/a>, a maggior ragione in presenza di notabili locali \u2013 a partire dai Borboni \u2013 che, si sa, non brillano troppo spesso di lucente intelletto\u00bb. In Spagna, poi, sopravvivono inquietanti reliquie del franchismo: c\u2019\u00e8 \u00abla presenza ingombrante e marziale della Legion, l\u2019erede militare della Falange di Melilla\u00bb, una milizia \u00abprotetta dalla Vergine, con cui sfila ogni Pasqua\u00bb. In altre parole: comunque vada a finire, la situazione non sar\u00e0 mai pi\u00f9 come prima. E quello che sta per andare in scena potrebbe essere un brutto spettacolo, con molta violenza.<\/span><span id=\"more-51581\" style=\"outline: none;\"><\/span><\/p>\n<h4><a href=\"http:\/\/www.mlnsardu.org\/wordpress\/wp-content\/uploads\/2017\/10\/Unit\u00e0-di-intervento-speciale-della-Guardia-Civil.jpg\"><img decoding=\"async\" loading=\"lazy\" class=\"alignleft size-full wp-image-8199\" src=\"http:\/\/www.mlnsardu.org\/wordpress\/wp-content\/uploads\/2017\/10\/Unit\u00e0-di-intervento-speciale-della-Guardia-Civil.jpg\" alt=\"Unit\u00e0-di-intervento-speciale-della-Guardia-Civil\" width=\"230\" height=\"158\" \/><\/a><\/h4>\n<h4><\/h4>\n<h4><\/h4>\n<h4><span style=\"color: #3366ff;\"><em><strong>Unit\u00e0 di intervento speciale della Guardia Civil<\/strong><\/em><\/span><\/h4>\n<p>&nbsp;<\/p>\n<p>&nbsp;<\/p>\n<p>&nbsp;<\/p>\n<p>&nbsp;<\/p>\n<p>&nbsp;<\/p>\n<p><span style=\"color: #000000;\">A differenza dei Paesi Baschi, \u00abche hanno smesso di combattere solo dopo aver ottenuto l\u2019indipendenza economica grazie a 35 anni di\u00a0<a style=\"outline: none; color: #000000;\" title=\"Post taggati con guerra\" href=\"http:\/\/www.libreidee.org\/tag\/guerra\/\"><b>guerra<\/b><\/a>\u00bb, Barcellona quell\u2019indipendenza se la pu\u00f2 sognare, scrive l\u2019analista di \u201cScenari Economici\u201d, ricordando che ad\u00a0aprire la vertenza fu Jos\u00e9 Maria Aznar, \u00abche per governare si mise in coalizione coi catalani dovendo concedere l\u2019indipendenza culturale, la lingua e il decentramento amministrativo, ma non quello economico\u00bb. Poi i catalani \u00abnon servirono pi\u00f9\u00bb, e rimasero in un angolo fino al 2006, quando il nuovo premier socialista Jos\u00e9 Luis Rodriguez Zapatero, \u00abcon un mix di idealismo progressista unito al solito calcolo politico\u00bb, fece nuove concessioni alla Catalogna. Ma attenzione: lo fece \u00abin periodi di vacche grassissime\u00bb. Per legge e con approvazione parlamentare, Zapatero concesse a Barcellona \u00abanche l\u2019indipendenza economica a termine, un po\u2019 come accaduto in Italia con l\u2019Alto Adige\u00bb. Tradotto: i catalani potevano \u00abtenersi la maggior parte delle\u00a0<a style=\"outline: none; color: #000000;\" title=\"Post taggati con tasse\" href=\"http:\/\/www.libreidee.org\/tag\/tasse\/\"><b>tasse<\/b><\/a>\u00a0pagate nella regione\u00bb. All\u2019epoca, ricorda Jesus de Colon, \u00abl\u2019<a style=\"outline: none; color: #000000;\" title=\"Post taggati con economia\" href=\"http:\/\/www.libreidee.org\/tag\/economia\/\"><b>economia<\/b><\/a>\u00a0spagnola scoppiava di salute, dunque i calcoli dicevano che la baracca sarebbe rimasta in piedi comunque\u00bb.<\/span><\/p>\n<p style=\"margin: 0cm 0cm 0.0001pt; text-align: justify; line-height: 11.7pt; background: white; outline: none; font-variant-ligatures: normal; font-variant-caps: normal; orphans: 2; widows: 2; -webkit-text-stroke-width: 0px; word-spacing: 0px;\"><span style=\"font-size: 9pt; font-family: Verdana, sans-serif; color: #000000;\">Poi \u00e8 arrivata la tremenda\u00a0<a style=\"outline: none; color: #000000;\" title=\"Post taggati con crisi\" href=\"http:\/\/www.libreidee.org\/tag\/crisi\/\"><b>crisi<\/b><\/a>\u00a0finanziaria mondiale, e nel 2010 la Corte Costituzionale ha annullato l\u2019autonomia fiscale catalana: \u00abSe non l\u2019avesse fatto la Spagna sarebbe fallita\u00bb, scrive \u201cScenari Economici\u201d. Da quel momento \u00abl\u2019irredentismo catalano inizi\u00f2 a decollare\u00bb, per ragioni \u00absquisitamente economiche\u00bb. Ovvero: la Catalogna oggi vuole tornare a tenere per s\u00e9 le proprie\u00a0<a style=\"outline: none; color: #000000;\" title=\"Post taggati con tasse\" href=\"http:\/\/www.libreidee.org\/tag\/tasse\/\"><b>tasse<\/b><\/a>, a maggior ragione dopo la\u00a0<a style=\"outline: none; color: #000000;\" title=\"Post taggati con crisi\" href=\"http:\/\/www.libreidee.org\/tag\/crisi\/\"><b>crisi<\/b><\/a>\u00a0dei mutui sub-prime, per uscire dalla quale \u00abMadrid ha obbligato tutti i lavoratori spagnoli a tirare la cinghia\u00bb. E ora, visto che a Barcellona e dintorni i turisti affluiscono in massa, in una situazione che ha \u00abcosti europei ma stipendi spagnoli\u00bb, la conclusione \u00e8 quella che sta andando in scena: la ribellione. Secondo Jesus de Colon, le possibili soluzioni sono tre: Madrid si \u201csuicida\u201d finanziariamente lasciando le\u00a0<a style=\"outline: none; color: #000000;\" title=\"Post taggati con tasse\" href=\"http:\/\/www.libreidee.org\/tag\/tasse\/\"><b>tasse<\/b><\/a>\u00a0a Barcellona, oppure ottiene in cambio importanti sgravi dall\u2019Unione\u00a0<a style=\"outline: none; color: #000000;\" title=\"Post taggati con Europa\" href=\"http:\/\/www.libreidee.org\/tag\/europa\/\"><b>Europa<\/b><\/a>, o pi\u00f9 probabilmente \u2013 terza ipotesi \u2013 annulla l\u2019autonomia catalana procedendo con la pi\u00f9 brutale repressione del separatismo.<\/span><\/p>\n<p><a href=\"http:\/\/www.mlnsardu.org\/wordpress\/wp-content\/uploads\/2017\/10\/Il-leader-catalano-Carles-Puigdemont.jpg\"><img decoding=\"async\" loading=\"lazy\" class=\"alignleft size-full wp-image-8198\" src=\"http:\/\/www.mlnsardu.org\/wordpress\/wp-content\/uploads\/2017\/10\/Il-leader-catalano-Carles-Puigdemont.jpg\" alt=\"Il-leader-catalano-Carles-Puigdemont\" width=\"120\" height=\"177\" \/><\/a><\/p>\n<p>&nbsp;<\/p>\n<p>&nbsp;<\/p>\n<p><span style=\"color: #3366ff;\"><em><strong>Il leader catalano Carles Puigdemont<\/strong><\/em><\/span><\/p>\n<p>&nbsp;<\/p>\n<p>&nbsp;<\/p>\n<p>&nbsp;<\/p>\n<p>&nbsp;<\/p>\n<p><span style=\"color: #000000;\">La prima ipotesi \u00e8 pura fantascienza: senza i soldi di Barcellona, tutti gli\u00a0spagnoli sarebbero costretti a ridurre ulteriormente il gi\u00e0 declinante tenore di vita. Ma anche il Piano-B sarebbe poco realistico, perch\u00e9 incoraggerebbe altre disgregazioni in\u00a0<a style=\"color: #000000;\" href=\"http:\/\/www.libreidee.org\/tag\/europa\/\"><strong>Europa<\/strong><\/a>.<\/span><\/p>\n<p><span style=\"color: #000000;\">Anche se l\u2019<a style=\"color: #000000;\" href=\"http:\/\/www.libreidee.org\/tag\/ue\/\"><strong>Ue<\/strong><\/a>\u00a0permettesse a Madrid ulteriori sforamenti di bilancio, non ci sarebbe pi\u00f9 una situazione di equilibrio: i conti spagnoli non starebbero pi\u00f9 in piedi come prima dell\u2019ipotetica indipendenza catalana, \u00absoprattutto in presenza di un eventuale neo-paese vicinale, appunto la Catalogna indipendente, che inevitabilmente si svilupperebbe molto di pi\u00f9 della madrepatria\u00bb. E in tal caso, aggiunge Jesus de Colon, anche l\u2019Italia e la Grecia potrebbero accampare ulteriori pretetese di flessibilit\u00e0 nel bilancio, sulla falsariga della flessibilit\u00e0 spagnola. Di consegenza, l\u2019analista considera di gran lunga pi\u00f9 probabile la terza ipotesi \u2013 la repressione \u2013 vista \u00abl\u2019impossibilit\u00e0 materiale di Madrid di concedere i soldi (e il benessere) che i catalani di fatto pretendono\u00bb. Per Madrid sar\u00e0 inevitabile \u00absoddisfare gli istinti \u201cidealistici\u201d castigliani\u00bb, ovvero \u00abi principi poco mediabili ereditati dal franchismo\u00bb, con il mantenimento dello status quo: la Spagna unita. \u00abIn tal caso inevitabilmente ci sar\u00e0 repressione\u00bb. La misura della violenza? \u00abDipender\u00e0 dalla volont\u00e0 di Barcellona di accettare la sconfitta: che dovr\u00e0 essere piena\u00bb. Il problema, chiosa l\u2019analista, \u00absta nel fatto che un popolo, quando annusa la libert\u00e0 e soprattutto quando gli viene fatto ben capire che \u00e8 nel suo interesse, non viene mai veramente sconfitto: a meno di usare la forza bruta o di trucidarlo\u00bb.<\/span><\/p>\n<p>&nbsp;<\/p>\n<p><span style=\"color: #000000;\"><strong>tratto da:<\/strong><\/span> <a href=\"http:\/\/www.libreidee.org\/2017\/10\/senza-catalogna-la-spagna-crolla-rischio-bagno-di-sangue\/\"><span style=\"color: #000000;\">(clicca qui)<\/span><\/a><\/p>\n","protected":false},"excerpt":{"rendered":"<p>Nel 2010 la Corte Costituzionale ha annullato l\u2019autonomia fiscale catalana perch\u00e9 se non l\u2019avesse fatto la Spagna sarebbe fallita. Senza Barcellona, la Spagna non sta in piedi &nbsp; Repressione brutale della Catalogna, a meno che Bruxelles non conceda robusti sgravi a Madrid. Perch\u00e9 la tempesta iberica \u00e8 essenzialmente economica: la coperta \u00e8 sempre pi\u00f9 corta [&hellip;]<\/p>\n","protected":false},"author":59,"featured_media":0,"comment_status":"closed","ping_status":"closed","sticky":false,"template":"","format":"standard","meta":[],"categories":[1],"tags":[],"_links":{"self":[{"href":"https:\/\/www.mlnsardu.org\/wordpress\/wp-json\/wp\/v2\/posts\/8200"}],"collection":[{"href":"https:\/\/www.mlnsardu.org\/wordpress\/wp-json\/wp\/v2\/posts"}],"about":[{"href":"https:\/\/www.mlnsardu.org\/wordpress\/wp-json\/wp\/v2\/types\/post"}],"author":[{"embeddable":true,"href":"https:\/\/www.mlnsardu.org\/wordpress\/wp-json\/wp\/v2\/users\/59"}],"replies":[{"embeddable":true,"href":"https:\/\/www.mlnsardu.org\/wordpress\/wp-json\/wp\/v2\/comments?post=8200"}],"version-history":[{"count":25,"href":"https:\/\/www.mlnsardu.org\/wordpress\/wp-json\/wp\/v2\/posts\/8200\/revisions"}],"predecessor-version":[{"id":8225,"href":"https:\/\/www.mlnsardu.org\/wordpress\/wp-json\/wp\/v2\/posts\/8200\/revisions\/8225"}],"wp:attachment":[{"href":"https:\/\/www.mlnsardu.org\/wordpress\/wp-json\/wp\/v2\/media?parent=8200"}],"wp:term":[{"taxonomy":"category","embeddable":true,"href":"https:\/\/www.mlnsardu.org\/wordpress\/wp-json\/wp\/v2\/categories?post=8200"},{"taxonomy":"post_tag","embeddable":true,"href":"https:\/\/www.mlnsardu.org\/wordpress\/wp-json\/wp\/v2\/tags?post=8200"}],"curies":[{"name":"wp","href":"https:\/\/api.w.org\/{rel}","templated":true}]}}