{"id":8184,"date":"2017-10-06T19:05:06","date_gmt":"2017-10-06T17:05:06","guid":{"rendered":"http:\/\/www.mlnsardu.org\/wordpress\/?p=8184"},"modified":"2017-10-06T19:05:06","modified_gmt":"2017-10-06T17:05:06","slug":"2017-10-06-mariano-rajoy-il-pericoloso-idiota-che-serve-alloligarchia","status":"publish","type":"post","link":"https:\/\/www.mlnsardu.org\/wordpress\/2017-10-06-mariano-rajoy-il-pericoloso-idiota-che-serve-alloligarchia\/","title":{"rendered":"2017.10.06 &#8211; Mariano Rajoy, il pericoloso idiota che serve all\u2019oligarchia"},"content":{"rendered":"<h1><span style=\"color: #993300;\"><strong><em>Chi alla realt\u00e0 sa solo opporre incapacit\u00e0 e arroganza\u2026<\/em><\/strong><\/span><\/h1>\n<p style=\"margin: 0cm; margin-bottom: .0001pt; text-align: justify; line-height: 11.7pt; background: white;\">\n<p style=\"margin: 0cm; margin-bottom: .0001pt; text-align: justify; line-height: 11.7pt; background: white;\">\n<p style=\"margin: 0cm; margin-bottom: .0001pt; text-align: justify; line-height: 11.7pt; background: white;\">\n<p style=\"margin: 0cm; margin-bottom: .0001pt; text-align: justify; line-height: 11.7pt; background: white;\">\n<p style=\"margin: 0cm; margin-bottom: .0001pt; text-align: justify; line-height: 11.7pt; background: white;\">\n<p style=\"margin: 0cm; margin-bottom: .0001pt; text-align: justify; line-height: 11.7pt; background: white;\">\n<p style=\"margin: 0cm; margin-bottom: .0001pt; text-align: justify; line-height: 11.7pt; background: white;\"><span style=\"color: #000000;\">Mariano Rajoy \u00e8 un pericoloso idiota. E sarebbe il caso che i suoi amici del Partito popolare europeo se ne rendessero conto in fretta. Se davvero i democristiani del Vecchio continente, assieme ai socialisti un po\u2019 ovunque loro alleati, vogliono essere il baluardo contro quello che definiscono la minaccia del vento populista dovrebbero affermare un principio chiaro, precedente a ogni legge e Costituzione: nessun governo pu\u00f2 ordinare di picchiare, malmenare, manganellare decine di migliaia di manifestanti inermi e non violenti. Le immagini della Guardia Civil travestita da Dart Fener, che si contrappone alle divise pacifiche e colorate dei pompieri, colpendo a sangue donne anziane e ragazzi con le mani alzate sono la propaganda migliore per chi denuncia (a volte non a torto) gli abusi di un establishment apparentemente interessato solo a conservare il proprio\u00a0<a class=\"st_tag internal_tag\" style=\"color: #000000;\" title=\"Post taggati con potere\" href=\"http:\/\/www.libreidee.org\/tag\/potere\/\" rel=\"tag nofollow\">potere<\/a>.<\/span><\/p>\n<p style=\"margin: 0cm; margin-bottom: .0001pt; text-align: justify; line-height: 11.7pt; background: white;\">\n<p style=\"margin: 0cm; margin-bottom: .0001pt; text-align: justify; line-height: 11.7pt; background: white;\">\n<p style=\"margin: 0cm; margin-bottom: .0001pt; text-align: justify; line-height: 11.7pt; background: white;\"><a href=\"http:\/\/www.mlnsardu.org\/wordpress\/wp-content\/uploads\/2017\/10\/Ada-Coalu-sindaco-di-Barcellona.jpg\"><img decoding=\"async\" loading=\"lazy\" class=\"alignleft size-full wp-image-8154\" src=\"http:\/\/www.mlnsardu.org\/wordpress\/wp-content\/uploads\/2017\/10\/Ada-Coalu-sindaco-di-Barcellona.jpg\" alt=\"Ada-Coalu-sindaco-di-Barcellona\" width=\"230\" height=\"184\" \/><\/a><\/p>\n<p style=\"margin: 0cm; margin-bottom: .0001pt; text-align: justify; line-height: 11.7pt; background: white;\">\n<p style=\"margin: 0cm; margin-bottom: .0001pt; text-align: justify; line-height: 11.7pt; background: white;\">\n<h4><span style=\"color: #0000ff;\"><em><strong>Ada Coalu, sindaco di Barcellona<\/strong><\/em><\/span><\/h4>\n<p>&nbsp;<\/p>\n<p><span style=\"color: #000000;\">I tanti dotti commenti che in questi giorni, anche sulla stampa nostrana, si limitano a sottolineare come il referendum per l\u2019indipendenza della Catalogna fosse illegale perch\u00e9 non previsto dalla Costituzione, sono miopi e ridicoli. \u00c8 vero\u00a0infatti che da\u00a0sempre nelle democrazie l\u2019uso legittimo della violenza \u00e8 demandato allo\u00a0<a class=\"st_tag internal_tag\" style=\"color: #000000;\" title=\"Post taggati con Stato\" href=\"http:\/\/www.libreidee.org\/tag\/stato\/\" rel=\"tag nofollow\">Stato<\/a>\u00a0anche per mantenere l\u2019ordine costituito. Ma \u00e8 evidente che nella societ\u00e0 contemporanea la forza deve essere l\u2019extrema ratio, che le sue conseguenze vanno ponderate con cura e che prima di farvi ricorso va battuta ogni strada. La domanda da porsi \u00e8 dunque una sola: c\u2019erano altre vie? Le cronache che in questi mesi sono giunte dalla Spagna sono unanimi nel rispondere di s\u00ec. Basti pensare che Rajoy nel 2010 port\u00f2 davanti alla Corte costituzionale (che in Spagna \u00e8 di nomina solo\u00a0<a class=\"st_tag internal_tag\" style=\"color: #000000;\" title=\"Post taggati con politica\" href=\"http:\/\/www.libreidee.org\/tag\/politica\/\" rel=\"tag nofollow\">politica<\/a>) e fece cassare il nuovo statuto per l\u2019autonomia della Catalogna siglato nel 2006 tra il suo predecessore Jos\u00e9 Zapatero e l\u2019allora amatissimo ex sindaco di Barcellona, Pasqual Maragall.<\/span><\/p>\n<p><span style=\"color: #000000;\">Cos\u00ec, oggi, le centinaia di migliaia di persone che scendono in piazza per protestare contro la violenza di\u00a0<a class=\"st_tag internal_tag\" style=\"color: #000000;\" title=\"Post taggati con Stato\" href=\"http:\/\/www.libreidee.org\/tag\/stato\/\" rel=\"tag nofollow\">Stato<\/a>, fanno diventare un gigante politico l\u2019alcadesa Ada Colau. Lei, che da subito aveva annunciato il suo no alla secessione nel referendum poi soffocato nel sangue, si era battuta perch\u00e9 i catalani si potessero comunque esprimere. Il perch\u00e9 \u00e8 evidente. In un territorio in cui si parla una lingua diversa da quella dello\u00a0<a class=\"st_tag internal_tag\" style=\"color: #000000;\" title=\"Post taggati con Stato\" href=\"http:\/\/www.libreidee.org\/tag\/stato\/\" rel=\"tag nofollow\">Stato<\/a>\u00a0centrale e dove i partiti indipendentisti \u2013 ma quasi sempre europeisti \u2013 raccolgono il 48 per cento dei consensi, impedire ai cittadini di votare \u00e8 impossibile (come ci ha insegnato il Regno\u00a0Unito con\u00a0la Scozia). Compito della\u00a0<a style=\"color: #000000;\" href=\"http:\/\/www.libreidee.org\/tag\/politica\/\"><strong>politica<\/strong><\/a>\u00a0\u00e8 invece quello di prendere atto della situazione e trovare le vie per una mediazione. Anche perch\u00e9, spesso, come ripeteva Leo Longanesi in uno dei suoi fulminanti aforismi, \u00abun\u2019idea che non trova spazio a tavola \u00e8 capace di fare la rivoluzione\u00bb.<\/span><\/p>\n<p><a href=\"http:\/\/www.mlnsardu.org\/wordpress\/wp-content\/uploads\/2017\/10\/Peter-Gomez.jpg\"><img decoding=\"async\" loading=\"lazy\" class=\"alignleft size-full wp-image-8155\" src=\"http:\/\/www.mlnsardu.org\/wordpress\/wp-content\/uploads\/2017\/10\/Peter-Gomez.jpg\" alt=\"Peter-Gomez\" width=\"120\" height=\"167\" \/><\/a><\/p>\n<p>&nbsp;<\/p>\n<p>&nbsp;<\/p>\n<h4><span style=\"color: #0000ff;\"><em><strong>Peter Gomez<\/strong><\/em><\/span><\/h4>\n<p>&nbsp;<\/p>\n<p><span style=\"color: #000000;\">Il refrain \u201cma la Costituzione non lo prevede\u201d in questo caso \u00e8 solo l\u2019ultimo rifugio di chi teme che quanto sta accadendo in Catalogna (per ragioni diverse dall\u2019indipendenza) possa ripetersi altrove. Di chi alla realt\u00e0 sa solo opporre incapacit\u00e0 e arroganza. Seguendo questa logica, se domani in Spagna un partito repubblicano raccogliesse il 50% e pi\u00f9 dei consensi, il referendum per decidere se uscire dalla monarchia dovrebbe essere comunque vietato. E pure l\u2019<a class=\"st_tag internal_tag\" style=\"color: #000000;\" title=\"Post taggati con Europa\" href=\"http:\/\/www.libreidee.org\/tag\/europa\/\" rel=\"tag nofollow\">Europa<\/a>, che spesso a vanvera si dichiara dei popoli, dovrebbe schierarsi con le truppe del Re contro i cittadini. Dimostrando che oggi il pericolo pi\u00f9 grande corso dalle nostre democrazie non \u00e8 la dittatura o il populismo, ma la sorda e cieca\u00a0<a class=\"st_tag internal_tag\" style=\"color: #000000;\" title=\"Post taggati con oligarchia\" href=\"http:\/\/www.libreidee.org\/tag\/oligarchia\/\" rel=\"tag nofollow\">oligarchia<\/a>.<\/span><\/p>\n<p>&nbsp;<\/p>\n<p><span style=\"color: #000000;\"><strong>tratto da:<\/strong><\/span> <a href=\"http:\/\/www.libreidee.org\/2017\/10\/mariano-rajoy-il-pericoloso-idiota-che-serve-alloligarchia\/\"><span style=\"color: #000000;\">(clicca qui)<\/span><\/a><\/p>\n<p>&nbsp;<\/p>\n<p>&nbsp;<\/p>\n<p style=\"margin: 0cm; margin-bottom: .0001pt; text-align: justify; line-height: 11.7pt; background: white;\">\n<p style=\"margin: 0cm; margin-bottom: .0001pt; text-align: justify; line-height: 11.7pt; background: white;\">\n","protected":false},"excerpt":{"rendered":"<p>Chi alla realt\u00e0 sa solo opporre incapacit\u00e0 e arroganza\u2026 Mariano Rajoy \u00e8 un pericoloso idiota. E sarebbe il caso che i suoi amici del Partito popolare europeo se ne rendessero conto in fretta. Se davvero i democristiani del Vecchio continente, assieme ai socialisti un po\u2019 ovunque loro alleati, vogliono essere il baluardo contro quello che [&hellip;]<\/p>\n","protected":false},"author":59,"featured_media":0,"comment_status":"closed","ping_status":"closed","sticky":false,"template":"","format":"standard","meta":[],"categories":[1],"tags":[],"_links":{"self":[{"href":"https:\/\/www.mlnsardu.org\/wordpress\/wp-json\/wp\/v2\/posts\/8184"}],"collection":[{"href":"https:\/\/www.mlnsardu.org\/wordpress\/wp-json\/wp\/v2\/posts"}],"about":[{"href":"https:\/\/www.mlnsardu.org\/wordpress\/wp-json\/wp\/v2\/types\/post"}],"author":[{"embeddable":true,"href":"https:\/\/www.mlnsardu.org\/wordpress\/wp-json\/wp\/v2\/users\/59"}],"replies":[{"embeddable":true,"href":"https:\/\/www.mlnsardu.org\/wordpress\/wp-json\/wp\/v2\/comments?post=8184"}],"version-history":[{"count":12,"href":"https:\/\/www.mlnsardu.org\/wordpress\/wp-json\/wp\/v2\/posts\/8184\/revisions"}],"predecessor-version":[{"id":8196,"href":"https:\/\/www.mlnsardu.org\/wordpress\/wp-json\/wp\/v2\/posts\/8184\/revisions\/8196"}],"wp:attachment":[{"href":"https:\/\/www.mlnsardu.org\/wordpress\/wp-json\/wp\/v2\/media?parent=8184"}],"wp:term":[{"taxonomy":"category","embeddable":true,"href":"https:\/\/www.mlnsardu.org\/wordpress\/wp-json\/wp\/v2\/categories?post=8184"},{"taxonomy":"post_tag","embeddable":true,"href":"https:\/\/www.mlnsardu.org\/wordpress\/wp-json\/wp\/v2\/tags?post=8184"}],"curies":[{"name":"wp","href":"https:\/\/api.w.org\/{rel}","templated":true}]}}