{"id":8096,"date":"2017-09-09T17:43:27","date_gmt":"2017-09-09T15:43:27","guid":{"rendered":"http:\/\/www.mlnsardu.org\/wordpress\/?p=8096"},"modified":"2017-09-09T17:43:27","modified_gmt":"2017-09-09T15:43:27","slug":"2017-09-09-referendum-per-lindipendenza-catalana-barcellona-rilancia-la-sfida-e-approva-la-legge-per-il-distacco-da-madrid","status":"publish","type":"post","link":"https:\/\/www.mlnsardu.org\/wordpress\/2017-09-09-referendum-per-lindipendenza-catalana-barcellona-rilancia-la-sfida-e-approva-la-legge-per-il-distacco-da-madrid\/","title":{"rendered":"2017.09.09 &#8211; Referendum per l\u2019indipendenza catalana, Barcellona rilancia la sfida e approva la legge per il distacco da Madrid"},"content":{"rendered":"<h1><em><strong><span style=\"color: #993300;\">Tra gioved\u00ec e venerd\u00ec \u00e8 arrivata l&#8217;approvazione a maggioranza assoluta della legge di &#8220;rottura&#8221;<\/span><\/strong><\/em><\/h1>\n<p>&nbsp;<\/p>\n<p><a href=\"http:\/\/www.mlnsardu.org\/wordpress\/wp-content\/uploads\/2017\/09\/6b57c99688ce89ddb4f32f7b0fa9841c1-kFNB-U43360944736580rFE-1224x916@Corriere-Web-Sezioni-593x443.jpg\"><img decoding=\"async\" loading=\"lazy\" class=\"alignleft size-full wp-image-8095\" src=\"http:\/\/www.mlnsardu.org\/wordpress\/wp-content\/uploads\/2017\/09\/6b57c99688ce89ddb4f32f7b0fa9841c1-kFNB-U43360944736580rFE-1224x916@Corriere-Web-Sezioni-593x443.jpg\" alt=\"6b57c99688ce89ddb4f32f7b0fa9841c[1]-kFNB-U43360944736580rFE-1224x916@Corriere-Web-Sezioni-593x443\" width=\"593\" height=\"443\" srcset=\"https:\/\/www.mlnsardu.org\/wordpress\/wp-content\/uploads\/2017\/09\/6b57c99688ce89ddb4f32f7b0fa9841c1-kFNB-U43360944736580rFE-1224x916@Corriere-Web-Sezioni-593x443.jpg 593w, https:\/\/www.mlnsardu.org\/wordpress\/wp-content\/uploads\/2017\/09\/6b57c99688ce89ddb4f32f7b0fa9841c1-kFNB-U43360944736580rFE-1224x916@Corriere-Web-Sezioni-593x443-300x224.jpg 300w, https:\/\/www.mlnsardu.org\/wordpress\/wp-content\/uploads\/2017\/09\/6b57c99688ce89ddb4f32f7b0fa9841c1-kFNB-U43360944736580rFE-1224x916@Corriere-Web-Sezioni-593x443-250x187.jpg 250w\" sizes=\"(max-width: 593px) 100vw, 593px\" \/><\/a><\/p>\n<p>&nbsp;<\/p>\n<p>&nbsp;<\/p>\n<p>&nbsp;<\/p>\n<p>&nbsp;<\/p>\n<p>&nbsp;<\/p>\n<p>&nbsp;<\/p>\n<p>&nbsp;<\/p>\n<p>&nbsp;<\/p>\n<p>&nbsp;<\/p>\n<p>&nbsp;<\/p>\n<p>&nbsp;<\/p>\n<p>&nbsp;<\/p>\n<p>&nbsp;<\/p>\n<p>&nbsp;<\/p>\n<p>&nbsp;<\/p>\n<h1><span style=\"color: #0000ff;\"><em><strong>Ieri la Corte costituzionale spagnola ha dichiarato illegale il referendum ma nella notte il Parlamento regionale ha comunque approvato la legge di secessione: entrer\u00e0 in vigore in caso di vittoria del s\u00ec<\/strong><\/em><\/span><\/h1>\n<p>&nbsp;<\/p>\n<p><span style=\"color: #000000;\">Barcellona non si ferma e rilancia la sua sfida a Madrid in quella che tutti considerano la crisi istituzionale pi\u00f9 grave dalla morte del dittatore Francisco Franco nel 1975.\u00a0<\/span><br \/>\n<span style=\"color: #000000;\"> Il parlamento catalano ha approvato nella notte la legge per il distacco dalla Spagna, che entrer\u00e0 in vigore se il \u00abs\u00ec\u00bb vincer\u00e0 al referendum di autodeterminazione indetto per il 1\u00b0 ottobre. Una consultazione dichiarata \u00abillegale\u00bb da Madrid.\u00a0<\/span><\/p>\n<h1 style=\"font-weight: inherit;\"><strong><span style=\"color: #000000;\">Lo stop dei giudici<\/span><\/strong><\/h1>\n<p><span style=\"color: #000000;\">Proprio ieri la Corte costituzionale spagnola, su richiesta del governo centrale, aveva sospeso con un provvedimento d\u2019urgenza il decreto di convocazione per il 1\u00b0 ottobre del referendum sulla secessione, decreto<a style=\"font-style: inherit; font-weight: inherit; color: #000000;\" href=\"http:\/\/www.corriere.it\/esteri\/17_settembre_06\/catalogna-parlamento-approva-legge-referendum-indipendenza-06dc619a-933b-11e7-a8ea-58c09844946a.shtml\">approvato mercoled\u00ec dalla Generalitat\u00a0<\/a>. La Consulta iberica aveva anche intimato ai 947 sindaci catalani che dovranno fornire i seggi di non partecipare in alcun modo all\u2019organizzazione della consultazione, considerata illegale.\u00a0<\/span><br \/>\n<span style=\"color: #000000;\"> Come chiesto dal governo spagnolo, la consulta ha avvertito personalmente il presidente e i ministri catalani, la presidenza del parlamento di Barcellona, diversi alti funzionari e i 947 sindaci dei comuni della Catalogna &#8211; che dovranno fornire i seggi &#8211; di non partecipare alla organizzazione del referendum, pena sanzioni penali.<\/span><br \/>\n<span style=\"color: #000000;\"> Il procuratore generale dello Stato Jos\u00e9 Manuel Maza ha gi\u00e0 annunciato di aver denunciato Puigdemont, i ministri catalani e la presidenza del \u00abParlament\u00bb per disobbedienza, abuso di potere e malversazione di danaro pubblico. Rischiano il carcere.\u00a0<\/span><\/p>\n<h1 style=\"font-weight: inherit;\"><strong><span style=\"color: #000000;\">Perquisizioni e sequestri<\/span><\/strong><\/h1>\n<p><span style=\"color: #000000;\">La macchina dello Stato \u00e8 stata mobilitata da un Rajoy furioso e determinato (il referendum \u00abnon si far\u00e0, far\u00f2 il necessario, senza rinunciare a nulla, per impedirlo\u00bb, ha promesso. Il referendum era gi\u00e0 stato dichiarato fuorilegge da precedenti sentenze della consulta. La costituzione del 1979 dichiara indivisibile il territorio dello Stato spagnolo. Il procuratore Maza ha detto anche di aver ordinato alla polizia di indagare su ogni azione \u00abvolta alla tenuta del referendum illegale\u00bb. Sono iniziate perquisizioni in tipografie sospettate di produrre materiale per il voto.<\/span><br \/>\n<span style=\"color: #000000;\"> La Guardia Civil spagnola ha rafforzato la propria presenza in Catalogna e la notte scorsa \u00e8 stato annullato il trasferimento di 200 agenti in altre regioni. Uno dei primi obiettivi della polizia spagnola sar\u00e0 cercare di trovare e sequestrare le 6mila urne che Puigdemont ha detto di avere gi\u00e0.\u00a0<\/span><\/p>\n<h1 style=\"font-weight: inherit;\"><strong><span style=\"color: #000000;\">Barcellona non si piega<\/span><\/strong><\/h1>\n<p><span style=\"color: #000000;\">Ma la pressione sempre pi\u00f9 forte di Madrid e i moniti di Rajoy &#8211; \u00abfermatevi prima del precipizio!\u00bb &#8211; non frenano il governo catalano. Puigdemont e il vice-president Oriol Junqueras hanno confermato che andranno avanti, pronti a uscire dalla legalit\u00e0 spagnola in nome della \u00ablegittimit\u00e0 catalana\u00bb. Cos\u00ec nella notte tra gioved\u00ec e venerd\u00ec \u00e8 arrivata l&#8217;approvazione a maggioranza assoluta della legge di \u00abrottura. Al voto del parlamento catalano non hanno partecipato gli unionisti della minoranza, usciti dall&#8217;aula. La legge sulla Transitoriet\u00e0 giuridica e la fondazione della repubblica \u00e8 considerata la base giuridica nella transizione verso un futuro stato indipendente catalano.\u00a0<\/span><br \/>\n<span style=\"color: #000000;\"> Il braccio di ferro tra Barcellona e la capitale continua.<\/span><\/p>\n<p><span style=\"color: #000000;\"><strong>tratto da:<\/strong><a href=\"http:\/\/www.corriere.it\/esteri\/17_settembre_07\/catalogna-corte-costituzionale-boccia-legge-referendum-a9ac1bca-940a-11e7-8bb4-7facc48f24a3.shtml?refresh_ce-cp\"> (clicca qui)<\/a><\/span><\/p>\n<p>&nbsp;<\/p>\n<p>&nbsp;<\/p>\n<p>&nbsp;<\/p>\n<p>&nbsp;<\/p>\n<p>&nbsp;<\/p>\n<p>&nbsp;<\/p>\n<p>&nbsp;<\/p>\n<p>&nbsp;<\/p>\n<p>&nbsp;<\/p>\n<p>&nbsp;<\/p>\n<p>&nbsp;<\/p>\n<p>&nbsp;<\/p>\n<p>&nbsp;<\/p>\n<p>&nbsp;<\/p>\n<h1><\/h1>\n<h1><\/h1>\n<h1><\/h1>\n<h1><\/h1>\n<h1><\/h1>\n<p>&nbsp;<\/p>\n<p>&nbsp;<\/p>\n","protected":false},"excerpt":{"rendered":"<p>Tra gioved\u00ec e venerd\u00ec \u00e8 arrivata l&#8217;approvazione a maggioranza assoluta della legge di &#8220;rottura&#8221; &nbsp; &nbsp; &nbsp; &nbsp; &nbsp; &nbsp; &nbsp; &nbsp; &nbsp; &nbsp; &nbsp; &nbsp; &nbsp; &nbsp; &nbsp; &nbsp; Ieri la Corte costituzionale spagnola ha dichiarato illegale il referendum ma nella notte il Parlamento regionale ha comunque approvato la legge di secessione: entrer\u00e0 in [&hellip;]<\/p>\n","protected":false},"author":59,"featured_media":0,"comment_status":"closed","ping_status":"closed","sticky":false,"template":"","format":"standard","meta":[],"categories":[1],"tags":[],"_links":{"self":[{"href":"https:\/\/www.mlnsardu.org\/wordpress\/wp-json\/wp\/v2\/posts\/8096"}],"collection":[{"href":"https:\/\/www.mlnsardu.org\/wordpress\/wp-json\/wp\/v2\/posts"}],"about":[{"href":"https:\/\/www.mlnsardu.org\/wordpress\/wp-json\/wp\/v2\/types\/post"}],"author":[{"embeddable":true,"href":"https:\/\/www.mlnsardu.org\/wordpress\/wp-json\/wp\/v2\/users\/59"}],"replies":[{"embeddable":true,"href":"https:\/\/www.mlnsardu.org\/wordpress\/wp-json\/wp\/v2\/comments?post=8096"}],"version-history":[{"count":16,"href":"https:\/\/www.mlnsardu.org\/wordpress\/wp-json\/wp\/v2\/posts\/8096\/revisions"}],"predecessor-version":[{"id":8113,"href":"https:\/\/www.mlnsardu.org\/wordpress\/wp-json\/wp\/v2\/posts\/8096\/revisions\/8113"}],"wp:attachment":[{"href":"https:\/\/www.mlnsardu.org\/wordpress\/wp-json\/wp\/v2\/media?parent=8096"}],"wp:term":[{"taxonomy":"category","embeddable":true,"href":"https:\/\/www.mlnsardu.org\/wordpress\/wp-json\/wp\/v2\/categories?post=8096"},{"taxonomy":"post_tag","embeddable":true,"href":"https:\/\/www.mlnsardu.org\/wordpress\/wp-json\/wp\/v2\/tags?post=8096"}],"curies":[{"name":"wp","href":"https:\/\/api.w.org\/{rel}","templated":true}]}}